{"id":1493,"date":"2017-05-29T16:08:52","date_gmt":"2017-05-29T14:08:52","guid":{"rendered":"http:\/\/agora.xtec.cat\/ceipmarianao\/?p=1493"},"modified":"2017-05-29T16:08:52","modified_gmt":"2017-05-29T14:08:52","slug":"english-spring-festival","status":"publish","type":"post","link":"https:\/\/agora.xtec.cat\/ceipmarianao\/general\/english-spring-festival\/","title":{"rendered":"English Spring Festival"},"content":{"rendered":"<p style=\"text-align: justify;\">Dijous 25 de maig els nens i les nenes de 6\u00e8 van participar, conjuntament amb els infants d&#8217;altres escoles de Sant Boi, a la 10a edici\u00f3 de l&#8217;<em>English Spring Festival<\/em>. Van representar els MTV Awards i l&#8217;actuaci\u00f3, com podeu veure, va ser tot un \u00e8xit.<\/p>\n<p style=\"text-align: justify;\">\n<p style=\"text-align: center;\"><iframe loading=\"lazy\" src=\"\/\/www.youtube.com\/embed\/ku-j2T8B1aQ\" width=\"560\" height=\"315\" frameborder=\"0\" allowfullscreen=\"allowfullscreen\"><\/iframe><\/p>\n","protected":false},"excerpt":{"rendered":"<p>Dijous 25 de maig els nens i les nenes de 6\u00e8 van participar, conjuntament amb els infants d&#8217;altres escoles de Sant Boi, a la 10a edici\u00f3 de l&#8217;English Spring Festival. Van representar els MTV Awards i l&#8217;actuaci\u00f3, com podeu veure, va ser tot un \u00e8xit.<\/p>\n","protected":false},"author":3,"featured_media":1494,"comment_status":"open","ping_status":"closed","sticky":false,"template":"","format":"standard","meta":{"_bbp_topic_count":0,"_bbp_reply_count":0,"_bbp_total_topic_count":0,"_bbp_total_reply_count":0,"_bbp_voice_count":0,"_bbp_anonymous_reply_count":0,"_bbp_topic_count_hidden":0,"_bbp_reply_count_hidden":0,"_bbp_forum_subforum_count":0,"footnotes":""},"categories":[1,28,4],"tags":[],"class_list":["post-1493","post","type-post","status-publish","format-standard","has-post-thumbnail","hentry","category-general","category-noticies-portada","category-portada"],"post_mailing_queue_ids":[],"_links":{"self":[{"href":"https:\/\/agora.xtec.cat\/ceipmarianao\/wp-json\/wp\/v2\/posts\/1493","targetHints":{"allow":["GET"]}}],"collection":[{"href":"https:\/\/agora.xtec.cat\/ceipmarianao\/wp-json\/wp\/v2\/posts"}],"about":[{"href":"https:\/\/agora.xtec.cat\/ceipmarianao\/wp-json\/wp\/v2\/types\/post"}],"author":[{"embeddable":true,"href":"https:\/\/agora.xtec.cat\/ceipmarianao\/wp-json\/wp\/v2\/users\/3"}],"replies":[{"embeddable":true,"href":"https:\/\/agora.xtec.cat\/ceipmarianao\/wp-json\/wp\/v2\/comments?post=1493"}],"version-history":[{"count":1,"href":"https:\/\/agora.xtec.cat\/ceipmarianao\/wp-json\/wp\/v2\/posts\/1493\/revisions"}],"predecessor-version":[{"id":1495,"href":"https:\/\/agora.xtec.cat\/ceipmarianao\/wp-json\/wp\/v2\/posts\/1493\/revisions\/1495"}],"wp:featuredmedia":[{"embeddable":true,"href":"https:\/\/agora.xtec.cat\/ceipmarianao\/wp-json\/wp\/v2\/media\/1494"}],"wp:attachment":[{"href":"https:\/\/agora.xtec.cat\/ceipmarianao\/wp-json\/wp\/v2\/media?parent=1493"}],"wp:term":[{"taxonomy":"category","embeddable":true,"href":"https:\/\/agora.xtec.cat\/ceipmarianao\/wp-json\/wp\/v2\/categories?post=1493"},{"taxonomy":"post_tag","embeddable":true,"href":"https:\/\/agora.xtec.cat\/ceipmarianao\/wp-json\/wp\/v2\/tags?post=1493"}],"curies":[{"name":"wp","href":"https:\/\/api.w.org\/{rel}","templated":true}]}}