{"id":1470,"date":"2017-05-02T12:37:07","date_gmt":"2017-05-02T10:37:07","guid":{"rendered":"http:\/\/agora.xtec.cat\/ceipmarianao\/?p=1470"},"modified":"2017-05-05T10:29:47","modified_gmt":"2017-05-05T08:29:47","slug":"3a-setmana-saludable-del-8-al-12-de-maig","status":"publish","type":"post","link":"https:\/\/agora.xtec.cat\/ceipmarianao\/general\/3a-setmana-saludable-del-8-al-12-de-maig\/","title":{"rendered":"3a Setmana Saludable (del 8 al 12 de maig)"},"content":{"rendered":"<p style=\"text-align: justify;\">Del 8 al 12 de maig celebrarem la 3a Setmana Saludable (cliqueu a la imatge per fer-la m\u00e9s gran):<\/p>\n<p>&nbsp;<\/p>\n<p style=\"text-align: justify;\"><a href=\"http:\/\/agora.xtec.cat\/ceipmarianao\/wp-content\/uploads\/usu17\/2017\/05\/Programaci\u00f3-3a-Setmana-Saludable.jpg\"><img loading=\"lazy\" decoding=\"async\" class=\"aligncenter size-medium wp-image-1483\" src=\"http:\/\/agora.xtec.cat\/ceipmarianao\/wp-content\/uploads\/usu17\/2017\/05\/Programaci\u00f3-3a-Setmana-Saludable-208x300.jpg\" alt=\"Programaci\u00f3 3a Setmana Saludable\" width=\"208\" height=\"300\" srcset=\"https:\/\/agora.xtec.cat\/ceipmarianao\/wp-content\/uploads\/usu17\/2017\/05\/Programaci\u00f3-3a-Setmana-Saludable-208x300.jpg 208w, https:\/\/agora.xtec.cat\/ceipmarianao\/wp-content\/uploads\/usu17\/2017\/05\/Programaci\u00f3-3a-Setmana-Saludable.jpg 529w\" sizes=\"auto, (max-width: 208px) 100vw, 208px\" \/><\/a><\/p>\n<p style=\"text-align: justify;\">\n<p style=\"text-align: justify;\">Per llegir-ne m\u00e9s cliqueu <a href=\"https:\/\/drive.google.com\/file\/d\/0B7L1ZOzeL__SeGRrcV9qNElvQUE\/view?usp=sharing\">aqu\u00ed<\/a>.<\/p>\n<p style=\"text-align: justify;\">Per saber m\u00e9s de la 20a Jornada Atl\u00e8tica cliqueu <a href=\"https:\/\/drive.google.com\/file\/d\/0B7L1ZOzeL__SeW9sX3JGU2NUZVE\/view?usp=sharing\">aqu\u00ed<\/a>.<\/p>\n<p style=\"text-align: justify;\">Per tenir m\u00e9s informaci\u00f3 de la campanya de recollida de l&#8217;org\u00e0nica cliqueu <a href=\"https:\/\/drive.google.com\/file\/d\/0B7L1ZOzeL__SSFl4QkhHWUp1dDQ\/view?usp=sharing\">aqu\u00ed<\/a>.<\/p>\n","protected":false},"excerpt":{"rendered":"<p>Del 8 al 12 de maig celebrarem la 3a Setmana Saludable (cliqueu a la imatge per fer-la m\u00e9s gran):<br \/>\n&nbsp;<br \/>\n<a href=\"http:\/\/agora.xtec.cat\/ceipmarianao\/wp-content\/uploads\/usu17\/2017\/05\/Programaci\u00f3-3a-Setmana-Saludable.jpg\"><\/a><\/p>\n<p>Per llegir-ne m\u00e9s cliqueu <a href=\"https:\/\/drive.google.com\/file\/d\/0B7L1ZOzeL__SeGRrcV9qNElvQUE\/view?usp=sharing\">aqu\u00ed<\/a>.<br \/>\nPer saber m\u00e9s de la 20a Jornada Atl\u00e8tica cliqueu <a href=\"https:\/\/drive.google.com\/file\/d\/0B7L1ZOzeL__SeW9sX3JGU2NUZVE\/view?usp=sharing\">aqu\u00ed<\/a>.<br \/>\nPer tenir m\u00e9s informaci\u00f3 de la campanya de recollida de l&#8217;org\u00e0nica&hellip;  <a href=\"https:\/\/agora.xtec.cat\/ceipmarianao\/general\/3a-setmana-saludable-del-8-al-12-de-maig\/\" title=\"Read 3a Setmana Saludable (del 8 al 12 de maig)\">Llegeix m\u00e9s\u00bb<\/a><\/p>\n","protected":false},"author":3,"featured_media":1471,"comment_status":"open","ping_status":"open","sticky":false,"template":"","format":"standard","meta":{"_bbp_topic_count":0,"_bbp_reply_count":0,"_bbp_total_topic_count":0,"_bbp_total_reply_count":0,"_bbp_voice_count":0,"_bbp_anonymous_reply_count":0,"_bbp_topic_count_hidden":0,"_bbp_reply_count_hidden":0,"_bbp_forum_subforum_count":0,"footnotes":""},"categories":[1,28,4],"tags":[],"class_list":["post-1470","post","type-post","status-publish","format-standard","has-post-thumbnail","hentry","category-general","category-noticies-portada","category-portada"],"post_mailing_queue_ids":[],"_links":{"self":[{"href":"https:\/\/agora.xtec.cat\/ceipmarianao\/wp-json\/wp\/v2\/posts\/1470","targetHints":{"allow":["GET"]}}],"collection":[{"href":"https:\/\/agora.xtec.cat\/ceipmarianao\/wp-json\/wp\/v2\/posts"}],"about":[{"href":"https:\/\/agora.xtec.cat\/ceipmarianao\/wp-json\/wp\/v2\/types\/post"}],"author":[{"embeddable":true,"href":"https:\/\/agora.xtec.cat\/ceipmarianao\/wp-json\/wp\/v2\/users\/3"}],"replies":[{"embeddable":true,"href":"https:\/\/agora.xtec.cat\/ceipmarianao\/wp-json\/wp\/v2\/comments?post=1470"}],"version-history":[{"count":3,"href":"https:\/\/agora.xtec.cat\/ceipmarianao\/wp-json\/wp\/v2\/posts\/1470\/revisions"}],"predecessor-version":[{"id":1485,"href":"https:\/\/agora.xtec.cat\/ceipmarianao\/wp-json\/wp\/v2\/posts\/1470\/revisions\/1485"}],"wp:featuredmedia":[{"embeddable":true,"href":"https:\/\/agora.xtec.cat\/ceipmarianao\/wp-json\/wp\/v2\/media\/1471"}],"wp:attachment":[{"href":"https:\/\/agora.xtec.cat\/ceipmarianao\/wp-json\/wp\/v2\/media?parent=1470"}],"wp:term":[{"taxonomy":"category","embeddable":true,"href":"https:\/\/agora.xtec.cat\/ceipmarianao\/wp-json\/wp\/v2\/categories?post=1470"},{"taxonomy":"post_tag","embeddable":true,"href":"https:\/\/agora.xtec.cat\/ceipmarianao\/wp-json\/wp\/v2\/tags?post=1470"}],"curies":[{"name":"wp","href":"https:\/\/api.w.org\/{rel}","templated":true}]}}