{"id":1461,"date":"2017-04-21T09:37:15","date_gmt":"2017-04-21T07:37:15","guid":{"rendered":"http:\/\/agora.xtec.cat\/ceipmarianao\/?p=1461"},"modified":"2025-10-14T20:19:59","modified_gmt":"2025-10-14T18:19:59","slug":"colonies-2n-dia","status":"publish","type":"post","link":"https:\/\/agora.xtec.cat\/ceipmarianao\/general\/colonies-2n-dia\/","title":{"rendered":"Col\u00f2nies 2n dia"},"content":{"rendered":"<p style=\"text-align: justify;\">Ahir es va aixecar un dia amb molta tramuntana i vam anular la sortida en vaixell per les Illes Medes, per\u00f2 dem\u00e0 ho tornarem a intentar. Els nens i nenes de 4t i 6\u00e8 van fer una sortida a la platja per con\u00e8ixer el Ter i van observar animals als aquaris. Al mat\u00ed van estar fent arboradura i, a la tarda, tir amb arc.<br \/>\nEls m\u00e9s petits, de P5 i 2n, al mat\u00ed van estar a la platja veient el delta del Ter. A\u00a0 la tarda van fer una excursi\u00f3 a la Cala Montg\u00f3 per observar animals a les roques i van estar jugant a la sorra.<br \/>\nI com a fi de festa&#8230; Discoteca!!<\/p>\n<p style=\"text-align: justify;\">Aquesta nit han dormit m\u00e9s i millor, estaven m\u00e9s cansats&#8230;<\/p>\n","protected":false},"excerpt":{"rendered":"<p>Ahir es va aixecar un dia amb molta tramuntana i vam anular la sortida en vaixell per les Illes Medes, per\u00f2 dem\u00e0 ho tornarem a intentar. Els nens i nenes de 4t i 6\u00e8 van fer una sortida a la platja per con\u00e8ixer el Ter&hellip;  <a href=\"https:\/\/agora.xtec.cat\/ceipmarianao\/general\/colonies-2n-dia\/\" title=\"Read Col\u00f2nies 2n dia\">Llegeix m\u00e9s\u00bb<\/a><\/p>\n","protected":false},"author":3,"featured_media":0,"comment_status":"open","ping_status":"closed","sticky":false,"template":"","format":"standard","meta":{"_bbp_topic_count":0,"_bbp_reply_count":0,"_bbp_total_topic_count":0,"_bbp_total_reply_count":0,"_bbp_voice_count":0,"_bbp_anonymous_reply_count":0,"_bbp_topic_count_hidden":0,"_bbp_reply_count_hidden":0,"_bbp_forum_subforum_count":0,"footnotes":""},"categories":[1,28,4],"tags":[],"class_list":["post-1461","post","type-post","status-publish","format-standard","hentry","category-general","category-noticies-portada","category-portada"],"post_mailing_queue_ids":[],"_links":{"self":[{"href":"https:\/\/agora.xtec.cat\/ceipmarianao\/wp-json\/wp\/v2\/posts\/1461","targetHints":{"allow":["GET"]}}],"collection":[{"href":"https:\/\/agora.xtec.cat\/ceipmarianao\/wp-json\/wp\/v2\/posts"}],"about":[{"href":"https:\/\/agora.xtec.cat\/ceipmarianao\/wp-json\/wp\/v2\/types\/post"}],"author":[{"embeddable":true,"href":"https:\/\/agora.xtec.cat\/ceipmarianao\/wp-json\/wp\/v2\/users\/3"}],"replies":[{"embeddable":true,"href":"https:\/\/agora.xtec.cat\/ceipmarianao\/wp-json\/wp\/v2\/comments?post=1461"}],"version-history":[{"count":4,"href":"https:\/\/agora.xtec.cat\/ceipmarianao\/wp-json\/wp\/v2\/posts\/1461\/revisions"}],"predecessor-version":[{"id":5504,"href":"https:\/\/agora.xtec.cat\/ceipmarianao\/wp-json\/wp\/v2\/posts\/1461\/revisions\/5504"}],"wp:attachment":[{"href":"https:\/\/agora.xtec.cat\/ceipmarianao\/wp-json\/wp\/v2\/media?parent=1461"}],"wp:term":[{"taxonomy":"category","embeddable":true,"href":"https:\/\/agora.xtec.cat\/ceipmarianao\/wp-json\/wp\/v2\/categories?post=1461"},{"taxonomy":"post_tag","embeddable":true,"href":"https:\/\/agora.xtec.cat\/ceipmarianao\/wp-json\/wp\/v2\/tags?post=1461"}],"curies":[{"name":"wp","href":"https:\/\/api.w.org\/{rel}","templated":true}]}}