{"id":1399,"date":"2017-03-03T12:23:59","date_gmt":"2017-03-03T11:23:59","guid":{"rendered":"http:\/\/agora.xtec.cat\/ceipmarianao\/?p=1399"},"modified":"2017-03-10T11:02:27","modified_gmt":"2017-03-10T10:02:27","slug":"jornada-portes-obertes-i-preinscripcio","status":"publish","type":"post","link":"https:\/\/agora.xtec.cat\/ceipmarianao\/general\/jornada-portes-obertes-i-preinscripcio\/","title":{"rendered":"Jornada de Portes Obertes i informaci\u00f3 Preinscripci\u00f3 2017-2018"},"content":{"rendered":"<p style=\"text-align: justify;\"><a href=\"http:\/\/agora.xtec.cat\/ceipmarianao\/wp-content\/uploads\/usu17\/2017\/02\/PORTES-OBERTES-2017.jpg\"><img loading=\"lazy\" decoding=\"async\" class=\"wp-image-1357 aligncenter\" src=\"http:\/\/agora.xtec.cat\/ceipmarianao\/wp-content\/uploads\/usu17\/2017\/02\/PORTES-OBERTES-2017-300x222.jpg\" alt=\"portes-obertes-2017\" width=\"438\" height=\"324\" srcset=\"https:\/\/agora.xtec.cat\/ceipmarianao\/wp-content\/uploads\/usu17\/2017\/02\/PORTES-OBERTES-2017-300x222.jpg 300w, https:\/\/agora.xtec.cat\/ceipmarianao\/wp-content\/uploads\/usu17\/2017\/02\/PORTES-OBERTES-2017-768x569.jpg 768w, https:\/\/agora.xtec.cat\/ceipmarianao\/wp-content\/uploads\/usu17\/2017\/02\/PORTES-OBERTES-2017.jpg 1021w\" sizes=\"auto, (max-width: 438px) 100vw, 438px\" \/><\/a><\/p>\n<p style=\"text-align: center;\">Per veure el tr\u00edptic informatiu de la preinscripci\u00f3 per al curs 2017-2018 cliqueu aqu\u00ed:<\/p>\n<p style=\"text-align: center;\"><a href=\"https:\/\/drive.google.com\/file\/d\/0B7L1ZOzeL__SOVh4WVc5WncyY1U\/view?usp=sharing\">Portada Tr\u00edptic\u00a0\u00a0\u00a0\u00a0\u00a0\u00a0\u00a0\u00a0\u00a0\u00a0 <\/a><a href=\"https:\/\/drive.google.com\/file\/d\/0B7L1ZOzeL__SRW0zWjlZdTdiSWc\/view?usp=sharing\">Interior Tr\u00edptic<\/a><\/p>\n<p style=\"text-align: center;\">Aqu\u00ed us deixem el v\u00eddeo de la Jornada de Portes Obertes del curs passat . El d&#8217;aquest curs el podreu veure el dia 17 de mar\u00e7!<\/p>\n<p style=\"text-align: center;\"><iframe loading=\"lazy\" src=\"\/\/www.youtube.com\/embed\/YBv5DsAg0AY\" width=\"425\" height=\"350\" frameborder=\"0\" allowfullscreen=\"allowfullscreen\"><\/iframe><\/p>\n","protected":false},"excerpt":{"rendered":"<p><a href=\"http:\/\/agora.xtec.cat\/ceipmarianao\/wp-content\/uploads\/usu17\/2017\/02\/PORTES-OBERTES-2017.jpg\"><\/a><br \/>\nPer veure el tr\u00edptic informatiu de la preinscripci\u00f3 per al curs 2017-2018 cliqueu aqu\u00ed:<br \/>\n<a href=\"https:\/\/drive.google.com\/file\/d\/0B7L1ZOzeL__SOVh4WVc5WncyY1U\/view?usp=sharing\">Portada Tr\u00edptic\u00a0\u00a0\u00a0\u00a0\u00a0\u00a0\u00a0\u00a0\u00a0\u00a0 <\/a><a href=\"https:\/\/drive.google.com\/file\/d\/0B7L1ZOzeL__SRW0zWjlZdTdiSWc\/view?usp=sharing\">Interior Tr\u00edptic<\/a><br \/>\nAqu\u00ed us deixem el v\u00eddeo de la Jornada de Portes Obertes del curs passat . El d&#8217;aquest curs el podreu veure el dia 17 de mar\u00e7!<\/p>\n","protected":false},"author":3,"featured_media":1357,"comment_status":"open","ping_status":"open","sticky":false,"template":"","format":"standard","meta":{"_bbp_topic_count":0,"_bbp_reply_count":0,"_bbp_total_topic_count":0,"_bbp_total_reply_count":0,"_bbp_voice_count":0,"_bbp_anonymous_reply_count":0,"_bbp_topic_count_hidden":0,"_bbp_reply_count_hidden":0,"_bbp_forum_subforum_count":0,"footnotes":""},"categories":[1,4],"tags":[],"class_list":["post-1399","post","type-post","status-publish","format-standard","has-post-thumbnail","hentry","category-general","category-portada"],"post_mailing_queue_ids":[],"_links":{"self":[{"href":"https:\/\/agora.xtec.cat\/ceipmarianao\/wp-json\/wp\/v2\/posts\/1399","targetHints":{"allow":["GET"]}}],"collection":[{"href":"https:\/\/agora.xtec.cat\/ceipmarianao\/wp-json\/wp\/v2\/posts"}],"about":[{"href":"https:\/\/agora.xtec.cat\/ceipmarianao\/wp-json\/wp\/v2\/types\/post"}],"author":[{"embeddable":true,"href":"https:\/\/agora.xtec.cat\/ceipmarianao\/wp-json\/wp\/v2\/users\/3"}],"replies":[{"embeddable":true,"href":"https:\/\/agora.xtec.cat\/ceipmarianao\/wp-json\/wp\/v2\/comments?post=1399"}],"version-history":[{"count":4,"href":"https:\/\/agora.xtec.cat\/ceipmarianao\/wp-json\/wp\/v2\/posts\/1399\/revisions"}],"predecessor-version":[{"id":1416,"href":"https:\/\/agora.xtec.cat\/ceipmarianao\/wp-json\/wp\/v2\/posts\/1399\/revisions\/1416"}],"wp:featuredmedia":[{"embeddable":true,"href":"https:\/\/agora.xtec.cat\/ceipmarianao\/wp-json\/wp\/v2\/media\/1357"}],"wp:attachment":[{"href":"https:\/\/agora.xtec.cat\/ceipmarianao\/wp-json\/wp\/v2\/media?parent=1399"}],"wp:term":[{"taxonomy":"category","embeddable":true,"href":"https:\/\/agora.xtec.cat\/ceipmarianao\/wp-json\/wp\/v2\/categories?post=1399"},{"taxonomy":"post_tag","embeddable":true,"href":"https:\/\/agora.xtec.cat\/ceipmarianao\/wp-json\/wp\/v2\/tags?post=1399"}],"curies":[{"name":"wp","href":"https:\/\/api.w.org\/{rel}","templated":true}]}}