{"id":1390,"date":"2017-02-28T16:30:03","date_gmt":"2017-02-28T15:30:03","guid":{"rendered":"http:\/\/agora.xtec.cat\/ceipmarianao\/?p=1390"},"modified":"2025-10-14T20:21:36","modified_gmt":"2025-10-14T18:21:36","slug":"carnaval-2017-2","status":"publish","type":"post","link":"https:\/\/agora.xtec.cat\/ceipmarianao\/general\/carnaval-2017-2\/","title":{"rendered":"Carnaval 2017"},"content":{"rendered":"<p style=\"text-align: justify;\">Divendres 24 de febrer no vam poder fer la Rua, ja que plovia. Aix\u00f2 no va impedir que ens ho pass\u00e9ssim d&#8217;all\u00f2 m\u00e9s b\u00e9: vam desfilar per classes, vam gaudir amb la batucada dels infants de 6\u00e8 i vam berenar una xocolata bon\u00edssima que ens van portar els familiars voluntaris de l\u2019AMPA. Visca la festa, la gresca i la xerinola!<\/p>\n<p style=\"text-align: justify;\">Aqu\u00ed us deixem un v\u00eddeo amb algunes de les fotografies que vam fer:<\/p>\n","protected":false},"excerpt":{"rendered":"<p>Divendres 24 de febrer no vam poder fer la Rua, ja que plovia. Aix\u00f2 no va impedir que ens ho pass\u00e9ssim d&#8217;all\u00f2 m\u00e9s b\u00e9: vam desfilar per classes, vam gaudir amb la batucada dels infants de 6\u00e8 i vam berenar una xocolata bon\u00edssima que ens&hellip;  <a href=\"https:\/\/agora.xtec.cat\/ceipmarianao\/general\/carnaval-2017-2\/\" title=\"Read Carnaval 2017\">Llegeix m\u00e9s\u00bb<\/a><\/p>\n","protected":false},"author":3,"featured_media":0,"comment_status":"open","ping_status":"closed","sticky":false,"template":"","format":"standard","meta":{"_bbp_topic_count":0,"_bbp_reply_count":0,"_bbp_total_topic_count":0,"_bbp_total_reply_count":0,"_bbp_voice_count":0,"_bbp_anonymous_reply_count":0,"_bbp_topic_count_hidden":0,"_bbp_reply_count_hidden":0,"_bbp_forum_subforum_count":0,"footnotes":""},"categories":[1,4],"tags":[],"class_list":["post-1390","post","type-post","status-publish","format-standard","hentry","category-general","category-portada"],"post_mailing_queue_ids":[],"_links":{"self":[{"href":"https:\/\/agora.xtec.cat\/ceipmarianao\/wp-json\/wp\/v2\/posts\/1390","targetHints":{"allow":["GET"]}}],"collection":[{"href":"https:\/\/agora.xtec.cat\/ceipmarianao\/wp-json\/wp\/v2\/posts"}],"about":[{"href":"https:\/\/agora.xtec.cat\/ceipmarianao\/wp-json\/wp\/v2\/types\/post"}],"author":[{"embeddable":true,"href":"https:\/\/agora.xtec.cat\/ceipmarianao\/wp-json\/wp\/v2\/users\/3"}],"replies":[{"embeddable":true,"href":"https:\/\/agora.xtec.cat\/ceipmarianao\/wp-json\/wp\/v2\/comments?post=1390"}],"version-history":[{"count":4,"href":"https:\/\/agora.xtec.cat\/ceipmarianao\/wp-json\/wp\/v2\/posts\/1390\/revisions"}],"predecessor-version":[{"id":5507,"href":"https:\/\/agora.xtec.cat\/ceipmarianao\/wp-json\/wp\/v2\/posts\/1390\/revisions\/5507"}],"wp:attachment":[{"href":"https:\/\/agora.xtec.cat\/ceipmarianao\/wp-json\/wp\/v2\/media?parent=1390"}],"wp:term":[{"taxonomy":"category","embeddable":true,"href":"https:\/\/agora.xtec.cat\/ceipmarianao\/wp-json\/wp\/v2\/categories?post=1390"},{"taxonomy":"post_tag","embeddable":true,"href":"https:\/\/agora.xtec.cat\/ceipmarianao\/wp-json\/wp\/v2\/tags?post=1390"}],"curies":[{"name":"wp","href":"https:\/\/api.w.org\/{rel}","templated":true}]}}