{"id":1379,"date":"2017-02-20T11:46:42","date_gmt":"2017-02-20T10:46:42","guid":{"rendered":"http:\/\/agora.xtec.cat\/ceipmarianao\/?p=1379"},"modified":"2017-02-24T12:48:35","modified_gmt":"2017-02-24T11:48:35","slug":"carnaval-2017","status":"publish","type":"post","link":"https:\/\/agora.xtec.cat\/ceipmarianao\/general\/carnaval-2017\/","title":{"rendered":"Carnaval 2017"},"content":{"rendered":"<p style=\"text-align: justify;\">Ja ha arribat el Carnestoltes, el Rei dels poca-soltes! Aquest curs, gr\u00e0cies a la col\u00b7laboraci\u00f3 d&#8217;algunes mares delegades, ell i el seu nou tron han llu\u00eft m\u00e9s que mai. Mireu que b\u00e9 que han quedat! Des del claustre de mestres els volem agrair p\u00fablicament la seva col\u00b7laboraci\u00f3: <strong>gr\u00e0cies!<\/strong><\/p>\n<p style=\"text-align: justify;\"><a href=\"https:\/\/drive.google.com\/file\/d\/0B7L1ZOzeL__SVWZxbC0waTZJWHM\/view?usp=sharing\">Aqu\u00ed<\/a> podreu descarregar-vos el programa amb les consignes que ens ha donat per a aquests dies i amb altra informaci\u00f3 d&#8217;inter\u00e8s per a vosaltres.<\/p>\n<p style=\"text-align: justify;\">Visca la festa, la gresca i la disbauxa!<\/p>\n<p><a href=\"http:\/\/agora.xtec.cat\/ceipmarianao\/wp-content\/uploads\/usu17\/2017\/02\/Carnaval-web.jpg\"><img loading=\"lazy\" decoding=\"async\" class=\"aligncenter  wp-image-1374\" src=\"http:\/\/agora.xtec.cat\/ceipmarianao\/wp-content\/uploads\/usu17\/2017\/02\/Carnaval-web-300x225.jpg\" alt=\"carnaval-web\" width=\"365\" height=\"274\" srcset=\"https:\/\/agora.xtec.cat\/ceipmarianao\/wp-content\/uploads\/usu17\/2017\/02\/Carnaval-web-300x225.jpg 300w, https:\/\/agora.xtec.cat\/ceipmarianao\/wp-content\/uploads\/usu17\/2017\/02\/Carnaval-web-768x576.jpg 768w, https:\/\/agora.xtec.cat\/ceipmarianao\/wp-content\/uploads\/usu17\/2017\/02\/Carnaval-web-1024x769.jpg 1024w, https:\/\/agora.xtec.cat\/ceipmarianao\/wp-content\/uploads\/usu17\/2017\/02\/Carnaval-web-200x150.jpg 200w\" sizes=\"auto, (max-width: 365px) 100vw, 365px\" \/><\/a><\/p>\n","protected":false},"excerpt":{"rendered":"<p>Ja ha arribat el Carnestoltes, el Rei dels poca-soltes! Aquest curs, gr\u00e0cies a la col\u00b7laboraci\u00f3 d&#8217;algunes mares delegades, ell i el seu nou tron han llu\u00eft m\u00e9s que mai. Mireu que b\u00e9 que han quedat! Des del claustre de mestres els volem agrair p\u00fablicament la&hellip;  <a href=\"https:\/\/agora.xtec.cat\/ceipmarianao\/general\/carnaval-2017\/\" title=\"Read Carnaval 2017\">Llegeix m\u00e9s\u00bb<\/a><\/p>\n","protected":false},"author":3,"featured_media":1374,"comment_status":"open","ping_status":"open","sticky":false,"template":"","format":"standard","meta":{"_bbp_topic_count":0,"_bbp_reply_count":0,"_bbp_total_topic_count":0,"_bbp_total_reply_count":0,"_bbp_voice_count":0,"_bbp_anonymous_reply_count":0,"_bbp_topic_count_hidden":0,"_bbp_reply_count_hidden":0,"_bbp_forum_subforum_count":0,"footnotes":""},"categories":[1,4],"tags":[],"class_list":["post-1379","post","type-post","status-publish","format-standard","has-post-thumbnail","hentry","category-general","category-portada"],"post_mailing_queue_ids":[],"_links":{"self":[{"href":"https:\/\/agora.xtec.cat\/ceipmarianao\/wp-json\/wp\/v2\/posts\/1379","targetHints":{"allow":["GET"]}}],"collection":[{"href":"https:\/\/agora.xtec.cat\/ceipmarianao\/wp-json\/wp\/v2\/posts"}],"about":[{"href":"https:\/\/agora.xtec.cat\/ceipmarianao\/wp-json\/wp\/v2\/types\/post"}],"author":[{"embeddable":true,"href":"https:\/\/agora.xtec.cat\/ceipmarianao\/wp-json\/wp\/v2\/users\/3"}],"replies":[{"embeddable":true,"href":"https:\/\/agora.xtec.cat\/ceipmarianao\/wp-json\/wp\/v2\/comments?post=1379"}],"version-history":[{"count":3,"href":"https:\/\/agora.xtec.cat\/ceipmarianao\/wp-json\/wp\/v2\/posts\/1379\/revisions"}],"predecessor-version":[{"id":1385,"href":"https:\/\/agora.xtec.cat\/ceipmarianao\/wp-json\/wp\/v2\/posts\/1379\/revisions\/1385"}],"wp:featuredmedia":[{"embeddable":true,"href":"https:\/\/agora.xtec.cat\/ceipmarianao\/wp-json\/wp\/v2\/media\/1374"}],"wp:attachment":[{"href":"https:\/\/agora.xtec.cat\/ceipmarianao\/wp-json\/wp\/v2\/media?parent=1379"}],"wp:term":[{"taxonomy":"category","embeddable":true,"href":"https:\/\/agora.xtec.cat\/ceipmarianao\/wp-json\/wp\/v2\/categories?post=1379"},{"taxonomy":"post_tag","embeddable":true,"href":"https:\/\/agora.xtec.cat\/ceipmarianao\/wp-json\/wp\/v2\/tags?post=1379"}],"curies":[{"name":"wp","href":"https:\/\/api.w.org\/{rel}","templated":true}]}}