{"id":1364,"date":"2017-02-16T11:06:24","date_gmt":"2017-02-16T10:06:24","guid":{"rendered":"http:\/\/agora.xtec.cat\/ceipmarianao\/?p=1364"},"modified":"2017-02-16T12:21:45","modified_gmt":"2017-02-16T11:21:45","slug":"dia-internacional-del-cancer-infantil","status":"publish","type":"post","link":"https:\/\/agora.xtec.cat\/ceipmarianao\/general\/dia-internacional-del-cancer-infantil\/","title":{"rendered":"Dia Internacional del C\u00e0ncer Infantil"},"content":{"rendered":"<p style=\"text-align: justify;\">Ahir, 15 de febrer, vam celebrar el Dia Internacional del C\u00e0ncer Infantil. Entre tots els infants de l&#8217;Escola van fer dos grans lla\u00e7os daurats que vam penjar a les entrades, l&#8217;AMPA i les mares delegades van organitzar una xocolatada solid\u00e0ria, el Men\u00fa del Petit, empresa que s&#8217;encarrega del servei de menjador, va donar la xocolata i els melindros&#8230; Amb els diners recaptats col\u00b7laborarem amb la investigaci\u00f3 del c\u00e0ncer infantil a l&#8217;Hospital Sant Joan de D\u00e9u de Barcelona. Gr\u00e0cies per col\u00b7laborar a\u00a0 fer possible el somni dels <em>petits valents<\/em> i dels seus familiars<\/p>\n<p><a href=\"http:\/\/agora.xtec.cat\/ceipmarianao\/wp-content\/uploads\/usu17\/2017\/02\/C\u00e0ncer.jpg\"><img loading=\"lazy\" decoding=\"async\" class=\"wp-image-1369 alignleft\" src=\"http:\/\/agora.xtec.cat\/ceipmarianao\/wp-content\/uploads\/usu17\/2017\/02\/C\u00e0ncer-300x225.jpg\" alt=\"cancer\" width=\"230\" height=\"172\" srcset=\"https:\/\/agora.xtec.cat\/ceipmarianao\/wp-content\/uploads\/usu17\/2017\/02\/C\u00e0ncer-300x225.jpg 300w, https:\/\/agora.xtec.cat\/ceipmarianao\/wp-content\/uploads\/usu17\/2017\/02\/C\u00e0ncer-768x576.jpg 768w, https:\/\/agora.xtec.cat\/ceipmarianao\/wp-content\/uploads\/usu17\/2017\/02\/C\u00e0ncer.jpg 1024w, https:\/\/agora.xtec.cat\/ceipmarianao\/wp-content\/uploads\/usu17\/2017\/02\/C\u00e0ncer-200x150.jpg 200w\" sizes=\"auto, (max-width: 230px) 100vw, 230px\" \/><\/a> <a href=\"http:\/\/agora.xtec.cat\/ceipmarianao\/wp-content\/uploads\/usu17\/2017\/02\/C\u00e0ncer1.jpg\"><img loading=\"lazy\" decoding=\"async\" class=\"wp-image-1370 alignleft\" src=\"http:\/\/agora.xtec.cat\/ceipmarianao\/wp-content\/uploads\/usu17\/2017\/02\/C\u00e0ncer1-300x225.jpg\" alt=\"cancer1\" width=\"230\" height=\"172\" srcset=\"https:\/\/agora.xtec.cat\/ceipmarianao\/wp-content\/uploads\/usu17\/2017\/02\/C\u00e0ncer1-300x225.jpg 300w, https:\/\/agora.xtec.cat\/ceipmarianao\/wp-content\/uploads\/usu17\/2017\/02\/C\u00e0ncer1-768x576.jpg 768w, https:\/\/agora.xtec.cat\/ceipmarianao\/wp-content\/uploads\/usu17\/2017\/02\/C\u00e0ncer1.jpg 1024w, https:\/\/agora.xtec.cat\/ceipmarianao\/wp-content\/uploads\/usu17\/2017\/02\/C\u00e0ncer1-200x150.jpg 200w\" sizes=\"auto, (max-width: 230px) 100vw, 230px\" \/><\/a><\/p>\n","protected":false},"excerpt":{"rendered":"<p>Ahir, 15 de febrer, vam celebrar el Dia Internacional del C\u00e0ncer Infantil. Entre tots els infants de l&#8217;Escola van fer dos grans lla\u00e7os daurats que vam penjar a les entrades, l&#8217;AMPA i les mares delegades van organitzar una xocolatada solid\u00e0ria, el Men\u00fa del Petit, empresa&hellip;  <a href=\"https:\/\/agora.xtec.cat\/ceipmarianao\/general\/dia-internacional-del-cancer-infantil\/\" title=\"Read Dia Internacional del C\u00e0ncer Infantil\">Llegeix m\u00e9s\u00bb<\/a><\/p>\n","protected":false},"author":3,"featured_media":0,"comment_status":"open","ping_status":"open","sticky":false,"template":"","format":"standard","meta":{"_bbp_topic_count":0,"_bbp_reply_count":0,"_bbp_total_topic_count":0,"_bbp_total_reply_count":0,"_bbp_voice_count":0,"_bbp_anonymous_reply_count":0,"_bbp_topic_count_hidden":0,"_bbp_reply_count_hidden":0,"_bbp_forum_subforum_count":0,"footnotes":""},"categories":[1,4],"tags":[],"class_list":["post-1364","post","type-post","status-publish","format-standard","hentry","category-general","category-portada"],"post_mailing_queue_ids":[],"_links":{"self":[{"href":"https:\/\/agora.xtec.cat\/ceipmarianao\/wp-json\/wp\/v2\/posts\/1364","targetHints":{"allow":["GET"]}}],"collection":[{"href":"https:\/\/agora.xtec.cat\/ceipmarianao\/wp-json\/wp\/v2\/posts"}],"about":[{"href":"https:\/\/agora.xtec.cat\/ceipmarianao\/wp-json\/wp\/v2\/types\/post"}],"author":[{"embeddable":true,"href":"https:\/\/agora.xtec.cat\/ceipmarianao\/wp-json\/wp\/v2\/users\/3"}],"replies":[{"embeddable":true,"href":"https:\/\/agora.xtec.cat\/ceipmarianao\/wp-json\/wp\/v2\/comments?post=1364"}],"version-history":[{"count":3,"href":"https:\/\/agora.xtec.cat\/ceipmarianao\/wp-json\/wp\/v2\/posts\/1364\/revisions"}],"predecessor-version":[{"id":1372,"href":"https:\/\/agora.xtec.cat\/ceipmarianao\/wp-json\/wp\/v2\/posts\/1364\/revisions\/1372"}],"wp:attachment":[{"href":"https:\/\/agora.xtec.cat\/ceipmarianao\/wp-json\/wp\/v2\/media?parent=1364"}],"wp:term":[{"taxonomy":"category","embeddable":true,"href":"https:\/\/agora.xtec.cat\/ceipmarianao\/wp-json\/wp\/v2\/categories?post=1364"},{"taxonomy":"post_tag","embeddable":true,"href":"https:\/\/agora.xtec.cat\/ceipmarianao\/wp-json\/wp\/v2\/tags?post=1364"}],"curies":[{"name":"wp","href":"https:\/\/api.w.org\/{rel}","templated":true}]}}