{"id":1332,"date":"2017-01-07T21:23:01","date_gmt":"2017-01-07T20:23:01","guid":{"rendered":"http:\/\/agora.xtec.cat\/ceipmarianao\/?p=1332"},"modified":"2025-10-14T20:22:02","modified_gmt":"2025-10-14T18:22:02","slug":"concert-de-nadal-2016","status":"publish","type":"post","link":"https:\/\/agora.xtec.cat\/ceipmarianao\/general\/concert-de-nadal-2016\/","title":{"rendered":"Concert de Nadal 2016"},"content":{"rendered":"<p style=\"text-align: justify;\">Aqu\u00ed us deixem un v\u00eddeos perqu\u00e8 recordeu totes les actuacions del Concert de Nadal 2016. Els i les nostres artistes ho van fer fenomenal!!!<br \/>\nSi cliqueu <a href=\"https:\/\/drive.google.com\/file\/d\/0B7L1ZOzeL__SQjhXQXZnZ1o2VWM\/view\" target=\"_blank\" rel=\"noopener\">aqu\u00ed<\/a> tamb\u00e9 podreu veure el v\u00eddeo que us vam preparar per a aquest dia, a l&#8217;auditori.<\/p>\n","protected":false},"excerpt":{"rendered":"<p>Aqu\u00ed us deixem un v\u00eddeos perqu\u00e8 recordeu totes les actuacions del Concert de Nadal 2016. Els i les nostres artistes ho van fer fenomenal!!!<br \/>\nSi cliqueu <a href=\"https:\/\/drive.google.com\/file\/d\/0B7L1ZOzeL__SQjhXQXZnZ1o2VWM\/view\" target=\"_blank\" rel=\"noopener\">aqu\u00ed<\/a> tamb\u00e9 podreu veure el v\u00eddeo que us vam preparar per a aquest dia, a l&#8217;auditori.<\/p>\n","protected":false},"author":1,"featured_media":0,"comment_status":"open","ping_status":"closed","sticky":false,"template":"","format":"standard","meta":{"_bbp_topic_count":0,"_bbp_reply_count":0,"_bbp_total_topic_count":0,"_bbp_total_reply_count":0,"_bbp_voice_count":0,"_bbp_anonymous_reply_count":0,"_bbp_topic_count_hidden":0,"_bbp_reply_count_hidden":0,"_bbp_forum_subforum_count":0,"footnotes":""},"categories":[1,28,4],"tags":[],"class_list":["post-1332","post","type-post","status-publish","format-standard","hentry","category-general","category-noticies-portada","category-portada"],"post_mailing_queue_ids":[],"_links":{"self":[{"href":"https:\/\/agora.xtec.cat\/ceipmarianao\/wp-json\/wp\/v2\/posts\/1332","targetHints":{"allow":["GET"]}}],"collection":[{"href":"https:\/\/agora.xtec.cat\/ceipmarianao\/wp-json\/wp\/v2\/posts"}],"about":[{"href":"https:\/\/agora.xtec.cat\/ceipmarianao\/wp-json\/wp\/v2\/types\/post"}],"author":[{"embeddable":true,"href":"https:\/\/agora.xtec.cat\/ceipmarianao\/wp-json\/wp\/v2\/users\/1"}],"replies":[{"embeddable":true,"href":"https:\/\/agora.xtec.cat\/ceipmarianao\/wp-json\/wp\/v2\/comments?post=1332"}],"version-history":[{"count":5,"href":"https:\/\/agora.xtec.cat\/ceipmarianao\/wp-json\/wp\/v2\/posts\/1332\/revisions"}],"predecessor-version":[{"id":5508,"href":"https:\/\/agora.xtec.cat\/ceipmarianao\/wp-json\/wp\/v2\/posts\/1332\/revisions\/5508"}],"wp:attachment":[{"href":"https:\/\/agora.xtec.cat\/ceipmarianao\/wp-json\/wp\/v2\/media?parent=1332"}],"wp:term":[{"taxonomy":"category","embeddable":true,"href":"https:\/\/agora.xtec.cat\/ceipmarianao\/wp-json\/wp\/v2\/categories?post=1332"},{"taxonomy":"post_tag","embeddable":true,"href":"https:\/\/agora.xtec.cat\/ceipmarianao\/wp-json\/wp\/v2\/tags?post=1332"}],"curies":[{"name":"wp","href":"https:\/\/api.w.org\/{rel}","templated":true}]}}