{"id":1322,"date":"2016-12-19T12:38:21","date_gmt":"2016-12-19T11:38:21","guid":{"rendered":"http:\/\/agora.xtec.cat\/ceipmarianao\/?p=1322"},"modified":"2016-12-19T12:38:21","modified_gmt":"2016-12-19T11:38:21","slug":"jornada-intensiva-22-12-2016","status":"publish","type":"post","link":"https:\/\/agora.xtec.cat\/ceipmarianao\/general\/jornada-intensiva-22-12-2016\/","title":{"rendered":"Jornada intensiva 22-12-2016"},"content":{"rendered":"<p style=\"text-align: justify;\">Us recordem que el proper dijous\u00a0 22 de desembre, \u00faltim dia del primer trimestre, es far\u00e0 jornada intensiva.<\/p>\n<p style=\"text-align: justify;\">L&#8217;horari ser\u00e0:<\/p>\n<ul style=\"text-align: justify;\">\n<li>De 9 h a 13 h, per als infants que no faran \u00fas del servei de menjador.<\/li>\n<li>De 9 h a 15:30 h, per als nens i nenes que s\u00ed en faran \u00fas. Per motius de seguretat nom\u00e9s s&#8217;obrir\u00e0 la porta del C. Xiprers a aquesta hora.<\/li>\n<\/ul>\n<p style=\"text-align: justify;\">Us recordem, tamb\u00e9, que hi haur\u00e0 la possibilitat de fer \u00fas del servei d&#8217;acollida, de 15:30 h a 16:30 h. Les fam\u00edlies interessades s&#8217;hauran d&#8217;adre\u00e7ar a la coordinadora del servei de menjador i, com el curs passat, fer el pagament de <strong>2,50 \u20ac en efectiu<\/strong> (no 2 \u20ac com posava per error a la circular anterior).<\/p>\n<p style=\"text-align: justify;\">Les classes es reprendran dilluns 9 de gener de 2017.<\/p>\n<p style=\"text-align: justify;\">Els infants d&#8217;Educaci\u00f3 Infantil i Cicle Inicial podran portar una joguina per compartir amb els companys i companyes aquest mateix dia (eviteu que siguin joguines fr\u00e0gils o amb peces que es puguin extraviar).<\/p>\n<p style=\"text-align: justify;\">\n<p style=\"text-align: justify;\">BONES FESTES!<\/p>\n","protected":false},"excerpt":{"rendered":"<p>Us recordem que el proper dijous\u00a0 22 de desembre, \u00faltim dia del primer trimestre, es far\u00e0 jornada intensiva.<br \/>\nL&#8217;horari ser\u00e0:<\/p>\n<ul style=\"text-align: justify;\">\n<li>De 9 h a 13 h, per als infants que no faran \u00fas del servei de menjador.<\/li>\n<li>De 9 h a 15:30 h, per als nens&hellip;  <a href=\"https:\/\/agora.xtec.cat\/ceipmarianao\/general\/jornada-intensiva-22-12-2016\/\" title=\"Read Jornada intensiva 22-12-2016\">Llegeix m\u00e9s\u00bb<\/a><br \/>\n","protected":false},"author":3,"featured_media":0,"comment_status":"open","ping_status":"open","sticky":false,"template":"","format":"standard","meta":{"_bbp_topic_count":0,"_bbp_reply_count":0,"_bbp_total_topic_count":0,"_bbp_total_reply_count":0,"_bbp_voice_count":0,"_bbp_anonymous_reply_count":0,"_bbp_topic_count_hidden":0,"_bbp_reply_count_hidden":0,"_bbp_forum_subforum_count":0,"footnotes":""},"categories":[1,4],"tags":[],"class_list":["post-1322","post","type-post","status-publish","format-standard","hentry","category-general","category-portada"],"post_mailing_queue_ids":[],"_links":{"self":[{"href":"https:\/\/agora.xtec.cat\/ceipmarianao\/wp-json\/wp\/v2\/posts\/1322","targetHints":{"allow":["GET"]}}],"collection":[{"href":"https:\/\/agora.xtec.cat\/ceipmarianao\/wp-json\/wp\/v2\/posts"}],"about":[{"href":"https:\/\/agora.xtec.cat\/ceipmarianao\/wp-json\/wp\/v2\/types\/post"}],"author":[{"embeddable":true,"href":"https:\/\/agora.xtec.cat\/ceipmarianao\/wp-json\/wp\/v2\/users\/3"}],"replies":[{"embeddable":true,"href":"https:\/\/agora.xtec.cat\/ceipmarianao\/wp-json\/wp\/v2\/comments?post=1322"}],"version-history":[{"count":1,"href":"https:\/\/agora.xtec.cat\/ceipmarianao\/wp-json\/wp\/v2\/posts\/1322\/revisions"}],"predecessor-version":[{"id":1323,"href":"https:\/\/agora.xtec.cat\/ceipmarianao\/wp-json\/wp\/v2\/posts\/1322\/revisions\/1323"}],"wp:attachment":[{"href":"https:\/\/agora.xtec.cat\/ceipmarianao\/wp-json\/wp\/v2\/media?parent=1322"}],"wp:term":[{"taxonomy":"category","embeddable":true,"href":"https:\/\/agora.xtec.cat\/ceipmarianao\/wp-json\/wp\/v2\/categories?post=1322"},{"taxonomy":"post_tag","embeddable":true,"href":"https:\/\/agora.xtec.cat\/ceipmarianao\/wp-json\/wp\/v2\/tags?post=1322"}],"curies":[{"name":"wp","href":"https:\/\/api.w.org\/{rel}","templated":true}]}}