{"id":1317,"date":"2016-12-13T12:16:54","date_gmt":"2016-12-13T11:16:54","guid":{"rendered":"http:\/\/agora.xtec.cat\/ceipmarianao\/?p=1317"},"modified":"2016-12-20T13:09:56","modified_gmt":"2016-12-20T12:09:56","slug":"concert-de-nadal","status":"publish","type":"post","link":"https:\/\/agora.xtec.cat\/ceipmarianao\/general\/concert-de-nadal\/","title":{"rendered":"Concert de Nadal (22-12-2016)"},"content":{"rendered":"<p style=\"text-align: justify;\">Als enlla\u00e7os de sota trobareu informaci\u00f3 d&#8217;inter\u00e8s referent al funcionament del Concert de Nadal de dijous 22 de desembre:<\/p>\n<p><a href=\"https:\/\/drive.google.com\/file\/d\/0B7L1ZOzeL__SZlcwZUxzRGFoRDg\/view?usp=sharing\">Organitzaci\u00f3 i funcionament del Concert de Nadal<\/a><\/p>\n<p><a href=\"https:\/\/drive.google.com\/file\/d\/0B7L1ZOzeL__STjlzbFRTQzlLWlU\/view?usp=sharing\">Vestuari del Concert de Nadal<\/a><\/p>\n<p><a href=\"https:\/\/drive.google.com\/file\/d\/0B7L1ZOzeL__SVHFHc0RSeVJDN00\/view?usp=sharing\">Programa del Concert de Nadal<\/a><\/p>\n","protected":false},"excerpt":{"rendered":"<p>Als enlla\u00e7os de sota trobareu informaci\u00f3 d&#8217;inter\u00e8s referent al funcionament del Concert de Nadal de dijous 22 de desembre:<br \/>\n<a href=\"https:\/\/drive.google.com\/file\/d\/0B7L1ZOzeL__SZlcwZUxzRGFoRDg\/view?usp=sharing\">Organitzaci\u00f3 i funcionament del Concert de Nadal<\/a><br \/>\n<a href=\"https:\/\/drive.google.com\/file\/d\/0B7L1ZOzeL__STjlzbFRTQzlLWlU\/view?usp=sharing\">Vestuari del Concert de Nadal<\/a><br \/>\n<a href=\"https:\/\/drive.google.com\/file\/d\/0B7L1ZOzeL__SVHFHc0RSeVJDN00\/view?usp=sharing\">Programa del Concert de Nadal<\/a><\/p>\n","protected":false},"author":3,"featured_media":0,"comment_status":"open","ping_status":"open","sticky":false,"template":"","format":"standard","meta":{"_bbp_topic_count":0,"_bbp_reply_count":0,"_bbp_total_topic_count":0,"_bbp_total_reply_count":0,"_bbp_voice_count":0,"_bbp_anonymous_reply_count":0,"_bbp_topic_count_hidden":0,"_bbp_reply_count_hidden":0,"_bbp_forum_subforum_count":0,"footnotes":""},"categories":[1,4],"tags":[],"class_list":["post-1317","post","type-post","status-publish","format-standard","hentry","category-general","category-portada"],"post_mailing_queue_ids":[],"_links":{"self":[{"href":"https:\/\/agora.xtec.cat\/ceipmarianao\/wp-json\/wp\/v2\/posts\/1317","targetHints":{"allow":["GET"]}}],"collection":[{"href":"https:\/\/agora.xtec.cat\/ceipmarianao\/wp-json\/wp\/v2\/posts"}],"about":[{"href":"https:\/\/agora.xtec.cat\/ceipmarianao\/wp-json\/wp\/v2\/types\/post"}],"author":[{"embeddable":true,"href":"https:\/\/agora.xtec.cat\/ceipmarianao\/wp-json\/wp\/v2\/users\/3"}],"replies":[{"embeddable":true,"href":"https:\/\/agora.xtec.cat\/ceipmarianao\/wp-json\/wp\/v2\/comments?post=1317"}],"version-history":[{"count":3,"href":"https:\/\/agora.xtec.cat\/ceipmarianao\/wp-json\/wp\/v2\/posts\/1317\/revisions"}],"predecessor-version":[{"id":1330,"href":"https:\/\/agora.xtec.cat\/ceipmarianao\/wp-json\/wp\/v2\/posts\/1317\/revisions\/1330"}],"wp:attachment":[{"href":"https:\/\/agora.xtec.cat\/ceipmarianao\/wp-json\/wp\/v2\/media?parent=1317"}],"wp:term":[{"taxonomy":"category","embeddable":true,"href":"https:\/\/agora.xtec.cat\/ceipmarianao\/wp-json\/wp\/v2\/categories?post=1317"},{"taxonomy":"post_tag","embeddable":true,"href":"https:\/\/agora.xtec.cat\/ceipmarianao\/wp-json\/wp\/v2\/tags?post=1317"}],"curies":[{"name":"wp","href":"https:\/\/api.w.org\/{rel}","templated":true}]}}