{"id":1309,"date":"2016-12-02T11:33:19","date_gmt":"2016-12-02T10:33:19","guid":{"rendered":"http:\/\/agora.xtec.cat\/ceipmarianao\/?p=1309"},"modified":"2016-12-02T11:33:19","modified_gmt":"2016-12-02T10:33:19","slug":"dia-internacional-de-la-ciutat-educadora","status":"publish","type":"post","link":"https:\/\/agora.xtec.cat\/ceipmarianao\/general\/dia-internacional-de-la-ciutat-educadora\/","title":{"rendered":"Dia internacional de la ciutat educadora"},"content":{"rendered":"<p style=\"text-align: justify;\">Dimecres 30 de novembre el claustre de mestres de l&#8217;Escola Marianao, d&#8217;acord amb el nostre comprom\u00eds de caminar cap a l&#8217;escola avan\u00e7ada, vam assistir a la celebraci\u00f3 del dia internacional de la ciutat educadora.<\/p>\n<p style=\"text-align: justify;\"><a href=\"http:\/\/agora.xtec.cat\/ceipmarianao\/wp-content\/uploads\/usu17\/2016\/12\/DICE.jpg\"><img loading=\"lazy\" decoding=\"async\" class=\"size-medium wp-image-1311 alignleft\" src=\"http:\/\/agora.xtec.cat\/ceipmarianao\/wp-content\/uploads\/usu17\/2016\/12\/DICE-166x300.jpg\" alt=\"dice\" width=\"166\" height=\"300\" srcset=\"https:\/\/agora.xtec.cat\/ceipmarianao\/wp-content\/uploads\/usu17\/2016\/12\/DICE-166x300.jpg 166w, https:\/\/agora.xtec.cat\/ceipmarianao\/wp-content\/uploads\/usu17\/2016\/12\/DICE.jpg 405w\" sizes=\"auto, (max-width: 166px) 100vw, 166px\" \/><\/a><a href=\"http:\/\/agora.xtec.cat\/ceipmarianao\/wp-content\/uploads\/usu17\/2016\/12\/IMG_4133.jpg\"><img loading=\"lazy\" decoding=\"async\" class=\" wp-image-1312 alignleft\" src=\"http:\/\/agora.xtec.cat\/ceipmarianao\/wp-content\/uploads\/usu17\/2016\/12\/IMG_4133-300x225.jpg\" alt=\"img_4133\" width=\"392\" height=\"294\" srcset=\"https:\/\/agora.xtec.cat\/ceipmarianao\/wp-content\/uploads\/usu17\/2016\/12\/IMG_4133-300x225.jpg 300w, https:\/\/agora.xtec.cat\/ceipmarianao\/wp-content\/uploads\/usu17\/2016\/12\/IMG_4133-768x576.jpg 768w, https:\/\/agora.xtec.cat\/ceipmarianao\/wp-content\/uploads\/usu17\/2016\/12\/IMG_4133-1024x768.jpg 1024w, https:\/\/agora.xtec.cat\/ceipmarianao\/wp-content\/uploads\/usu17\/2016\/12\/IMG_4133-200x150.jpg 200w, https:\/\/agora.xtec.cat\/ceipmarianao\/wp-content\/uploads\/usu17\/2016\/12\/IMG_4133.jpg 1600w\" sizes=\"auto, (max-width: 392px) 100vw, 392px\" \/><\/a><\/p>\n","protected":false},"excerpt":{"rendered":"<p>Dimecres 30 de novembre el claustre de mestres de l&#8217;Escola Marianao, d&#8217;acord amb el nostre comprom\u00eds de caminar cap a l&#8217;escola avan\u00e7ada, vam assistir a la celebraci\u00f3 del dia internacional de la ciutat educadora.<br \/>\n<a href=\"http:\/\/agora.xtec.cat\/ceipmarianao\/wp-content\/uploads\/usu17\/2016\/12\/DICE.jpg\"><\/a><a href=\"http:\/\/agora.xtec.cat\/ceipmarianao\/wp-content\/uploads\/usu17\/2016\/12\/IMG_4133.jpg\"><\/a><\/p>\n","protected":false},"author":3,"featured_media":1311,"comment_status":"open","ping_status":"open","sticky":false,"template":"","format":"standard","meta":{"_bbp_topic_count":0,"_bbp_reply_count":0,"_bbp_total_topic_count":0,"_bbp_total_reply_count":0,"_bbp_voice_count":0,"_bbp_anonymous_reply_count":0,"_bbp_topic_count_hidden":0,"_bbp_reply_count_hidden":0,"_bbp_forum_subforum_count":0,"footnotes":""},"categories":[1,4],"tags":[],"class_list":["post-1309","post","type-post","status-publish","format-standard","has-post-thumbnail","hentry","category-general","category-portada"],"post_mailing_queue_ids":[],"_links":{"self":[{"href":"https:\/\/agora.xtec.cat\/ceipmarianao\/wp-json\/wp\/v2\/posts\/1309","targetHints":{"allow":["GET"]}}],"collection":[{"href":"https:\/\/agora.xtec.cat\/ceipmarianao\/wp-json\/wp\/v2\/posts"}],"about":[{"href":"https:\/\/agora.xtec.cat\/ceipmarianao\/wp-json\/wp\/v2\/types\/post"}],"author":[{"embeddable":true,"href":"https:\/\/agora.xtec.cat\/ceipmarianao\/wp-json\/wp\/v2\/users\/3"}],"replies":[{"embeddable":true,"href":"https:\/\/agora.xtec.cat\/ceipmarianao\/wp-json\/wp\/v2\/comments?post=1309"}],"version-history":[{"count":1,"href":"https:\/\/agora.xtec.cat\/ceipmarianao\/wp-json\/wp\/v2\/posts\/1309\/revisions"}],"predecessor-version":[{"id":1313,"href":"https:\/\/agora.xtec.cat\/ceipmarianao\/wp-json\/wp\/v2\/posts\/1309\/revisions\/1313"}],"wp:featuredmedia":[{"embeddable":true,"href":"https:\/\/agora.xtec.cat\/ceipmarianao\/wp-json\/wp\/v2\/media\/1311"}],"wp:attachment":[{"href":"https:\/\/agora.xtec.cat\/ceipmarianao\/wp-json\/wp\/v2\/media?parent=1309"}],"wp:term":[{"taxonomy":"category","embeddable":true,"href":"https:\/\/agora.xtec.cat\/ceipmarianao\/wp-json\/wp\/v2\/categories?post=1309"},{"taxonomy":"post_tag","embeddable":true,"href":"https:\/\/agora.xtec.cat\/ceipmarianao\/wp-json\/wp\/v2\/tags?post=1309"}],"curies":[{"name":"wp","href":"https:\/\/api.w.org\/{rel}","templated":true}]}}