{"id":1254,"date":"2016-10-28T12:10:28","date_gmt":"2016-10-28T10:10:28","guid":{"rendered":"http:\/\/agora.xtec.cat\/ceipmarianao\/?p=1254"},"modified":"2025-10-14T20:22:21","modified_gmt":"2025-10-14T18:22:21","slug":"festa-de-la-castanyada","status":"publish","type":"post","link":"https:\/\/agora.xtec.cat\/ceipmarianao\/general\/festa-de-la-castanyada\/","title":{"rendered":"Festa de la Castanyada"},"content":{"rendered":"<p style=\"text-align: justify;\">Divendres 28 d&#8217;octubre vam celebrar la festa de la Castanyada: els m\u00e9s peques de l&#8217;Escola van portar castanyes i van fer cargols de tardor, els nens i nenes de Cicle Inicial van fer panellets, els de Cicle Mitj\u00e0 i 5\u00e8 un berenar ben original i els m\u00e9s grans del centre van ajudar a decorar-ho i organitzar-ho tot. A la tarda vam fer una exhibici\u00f3 de danses i balls i vam berenar tots junts. Gr\u00e0cies a tots els familiars col\u00b7laboradors per fer-ho possible!<\/p>\n","protected":false},"excerpt":{"rendered":"<p>Divendres 28 d&#8217;octubre vam celebrar la festa de la Castanyada: els m\u00e9s peques de l&#8217;Escola van portar castanyes i van fer cargols de tardor, els nens i nenes de Cicle Inicial van fer panellets, els de Cicle Mitj\u00e0 i 5\u00e8 un berenar ben original i&hellip;  <a href=\"https:\/\/agora.xtec.cat\/ceipmarianao\/general\/festa-de-la-castanyada\/\" title=\"Read Festa de la Castanyada\">Llegeix m\u00e9s\u00bb<\/a><\/p>\n","protected":false},"author":3,"featured_media":0,"comment_status":"open","ping_status":"closed","sticky":false,"template":"","format":"standard","meta":{"_bbp_topic_count":0,"_bbp_reply_count":0,"_bbp_total_topic_count":0,"_bbp_total_reply_count":0,"_bbp_voice_count":0,"_bbp_anonymous_reply_count":0,"_bbp_topic_count_hidden":0,"_bbp_reply_count_hidden":0,"_bbp_forum_subforum_count":0,"footnotes":""},"categories":[1,4],"tags":[],"class_list":["post-1254","post","type-post","status-publish","format-standard","hentry","category-general","category-portada"],"post_mailing_queue_ids":[],"_links":{"self":[{"href":"https:\/\/agora.xtec.cat\/ceipmarianao\/wp-json\/wp\/v2\/posts\/1254","targetHints":{"allow":["GET"]}}],"collection":[{"href":"https:\/\/agora.xtec.cat\/ceipmarianao\/wp-json\/wp\/v2\/posts"}],"about":[{"href":"https:\/\/agora.xtec.cat\/ceipmarianao\/wp-json\/wp\/v2\/types\/post"}],"author":[{"embeddable":true,"href":"https:\/\/agora.xtec.cat\/ceipmarianao\/wp-json\/wp\/v2\/users\/3"}],"replies":[{"embeddable":true,"href":"https:\/\/agora.xtec.cat\/ceipmarianao\/wp-json\/wp\/v2\/comments?post=1254"}],"version-history":[{"count":4,"href":"https:\/\/agora.xtec.cat\/ceipmarianao\/wp-json\/wp\/v2\/posts\/1254\/revisions"}],"predecessor-version":[{"id":5509,"href":"https:\/\/agora.xtec.cat\/ceipmarianao\/wp-json\/wp\/v2\/posts\/1254\/revisions\/5509"}],"wp:attachment":[{"href":"https:\/\/agora.xtec.cat\/ceipmarianao\/wp-json\/wp\/v2\/media?parent=1254"}],"wp:term":[{"taxonomy":"category","embeddable":true,"href":"https:\/\/agora.xtec.cat\/ceipmarianao\/wp-json\/wp\/v2\/categories?post=1254"},{"taxonomy":"post_tag","embeddable":true,"href":"https:\/\/agora.xtec.cat\/ceipmarianao\/wp-json\/wp\/v2\/tags?post=1254"}],"curies":[{"name":"wp","href":"https:\/\/api.w.org\/{rel}","templated":true}]}}