{"id":1234,"date":"2016-10-14T09:02:41","date_gmt":"2016-10-14T08:02:41","guid":{"rendered":"http:\/\/agora.xtec.cat\/ceipmarianao\/?p=1234"},"modified":"2016-10-14T14:27:23","modified_gmt":"2016-10-14T13:27:23","slug":"espais-matematics","status":"publish","type":"post","link":"https:\/\/agora.xtec.cat\/ceipmarianao\/general\/espais-matematics\/","title":{"rendered":"Espais matem\u00e0tics"},"content":{"rendered":"<p style=\"text-align: justify;\">Ahir, dijous 13 d&#8217;octubre, els infants de P4 i P5 van inaugurar els espais matem\u00e0tics: jard\u00ed, cuina, mercat, consulta m\u00e8dica i laboratori. En breu tamb\u00e9 ho faran els nens i nenes de P3. \u00c9s una manera l\u00fadica, divertida i significativa d&#8217;aprendre continguts matem\u00e0tics. Mireu que b\u00e9 que han quedat! Al bloc d&#8217;Educaci\u00f3 Infantil podreu veure com gaudeixen els m\u00e9s peques de l&#8217;Escola. Si en voleu saber m\u00e9s podeu consultar l&#8217;apartat Men\u00fa\/Trets d&#8217;Identitat\/Projectes d&#8217;Escola\/Projectes d&#8217;Educaci\u00f3 Infantil\/Espais matem\u00e0tics.<\/p>\n<p style=\"text-align: center;\"><a href=\"http:\/\/agora.xtec.cat\/ceipmarianao\/wp-content\/uploads\/usu17\/2016\/10\/Consulta-m\u00e8dica.jpg\"><img loading=\"lazy\" decoding=\"async\" class=\" wp-image-1239 alignleft\" src=\"http:\/\/agora.xtec.cat\/ceipmarianao\/wp-content\/uploads\/usu17\/2016\/10\/Consulta-m\u00e8dica.jpg\" alt=\"consulta-medica\" width=\"146\" height=\"82\" \/><\/a> <a href=\"http:\/\/agora.xtec.cat\/ceipmarianao\/wp-content\/uploads\/usu17\/2016\/10\/Cuina.jpg\"><img loading=\"lazy\" decoding=\"async\" class=\" wp-image-1240 alignleft\" src=\"http:\/\/agora.xtec.cat\/ceipmarianao\/wp-content\/uploads\/usu17\/2016\/10\/Cuina.jpg\" alt=\"cuina\" width=\"146\" height=\"82\" \/><\/a> <a href=\"http:\/\/agora.xtec.cat\/ceipmarianao\/wp-content\/uploads\/usu17\/2016\/10\/Jard\u00ed.jpg\"><img loading=\"lazy\" decoding=\"async\" class=\" wp-image-1241 alignleft\" src=\"http:\/\/agora.xtec.cat\/ceipmarianao\/wp-content\/uploads\/usu17\/2016\/10\/Jard\u00ed.jpg\" alt=\"jardi\" width=\"145\" height=\"81\" \/><\/a>\u00a0 <a href=\"http:\/\/agora.xtec.cat\/ceipmarianao\/wp-content\/uploads\/usu17\/2016\/10\/Laboratori.jpg\"><img loading=\"lazy\" decoding=\"async\" class=\" wp-image-1243 alignleft\" src=\"http:\/\/agora.xtec.cat\/ceipmarianao\/wp-content\/uploads\/usu17\/2016\/10\/Laboratori.jpg\" alt=\"laboratori\" width=\"146\" height=\"82\" \/><\/a> <a href=\"http:\/\/agora.xtec.cat\/ceipmarianao\/wp-content\/uploads\/usu17\/2016\/10\/Mercat.jpg\"><img loading=\"lazy\" decoding=\"async\" class=\" wp-image-1244 alignleft\" src=\"http:\/\/agora.xtec.cat\/ceipmarianao\/wp-content\/uploads\/usu17\/2016\/10\/Mercat.jpg\" alt=\"mercat\" width=\"145\" height=\"81\" \/><\/a><\/p>\n","protected":false},"excerpt":{"rendered":"<p>Ahir, dijous 13 d&#8217;octubre, els infants de P4 i P5 van inaugurar els espais matem\u00e0tics: jard\u00ed, cuina, mercat, consulta m\u00e8dica i laboratori. En breu tamb\u00e9 ho faran els nens i nenes de P3. \u00c9s una manera l\u00fadica, divertida i significativa d&#8217;aprendre continguts matem\u00e0tics. Mireu que&hellip;  <a href=\"https:\/\/agora.xtec.cat\/ceipmarianao\/general\/espais-matematics\/\" title=\"Read Espais matem\u00e0tics\">Llegeix m\u00e9s\u00bb<\/a><\/p>\n","protected":false},"author":3,"featured_media":0,"comment_status":"open","ping_status":"open","sticky":false,"template":"","format":"standard","meta":{"_bbp_topic_count":0,"_bbp_reply_count":0,"_bbp_total_topic_count":0,"_bbp_total_reply_count":0,"_bbp_voice_count":0,"_bbp_anonymous_reply_count":0,"_bbp_topic_count_hidden":0,"_bbp_reply_count_hidden":0,"_bbp_forum_subforum_count":0,"footnotes":""},"categories":[1,4],"tags":[],"class_list":["post-1234","post","type-post","status-publish","format-standard","hentry","category-general","category-portada"],"post_mailing_queue_ids":[],"_links":{"self":[{"href":"https:\/\/agora.xtec.cat\/ceipmarianao\/wp-json\/wp\/v2\/posts\/1234","targetHints":{"allow":["GET"]}}],"collection":[{"href":"https:\/\/agora.xtec.cat\/ceipmarianao\/wp-json\/wp\/v2\/posts"}],"about":[{"href":"https:\/\/agora.xtec.cat\/ceipmarianao\/wp-json\/wp\/v2\/types\/post"}],"author":[{"embeddable":true,"href":"https:\/\/agora.xtec.cat\/ceipmarianao\/wp-json\/wp\/v2\/users\/3"}],"replies":[{"embeddable":true,"href":"https:\/\/agora.xtec.cat\/ceipmarianao\/wp-json\/wp\/v2\/comments?post=1234"}],"version-history":[{"count":3,"href":"https:\/\/agora.xtec.cat\/ceipmarianao\/wp-json\/wp\/v2\/posts\/1234\/revisions"}],"predecessor-version":[{"id":1249,"href":"https:\/\/agora.xtec.cat\/ceipmarianao\/wp-json\/wp\/v2\/posts\/1234\/revisions\/1249"}],"wp:attachment":[{"href":"https:\/\/agora.xtec.cat\/ceipmarianao\/wp-json\/wp\/v2\/media?parent=1234"}],"wp:term":[{"taxonomy":"category","embeddable":true,"href":"https:\/\/agora.xtec.cat\/ceipmarianao\/wp-json\/wp\/v2\/categories?post=1234"},{"taxonomy":"post_tag","embeddable":true,"href":"https:\/\/agora.xtec.cat\/ceipmarianao\/wp-json\/wp\/v2\/tags?post=1234"}],"curies":[{"name":"wp","href":"https:\/\/api.w.org\/{rel}","templated":true}]}}