{"id":1220,"date":"2016-10-07T15:41:20","date_gmt":"2016-10-07T14:41:20","guid":{"rendered":"http:\/\/agora.xtec.cat\/ceipmarianao\/?p=1220"},"modified":"2016-10-07T15:41:33","modified_gmt":"2016-10-07T14:41:33","slug":"xerrades-com-vivim-el-canvi-escola-institut","status":"publish","type":"post","link":"https:\/\/agora.xtec.cat\/ceipmarianao\/general\/xerrades-com-vivim-el-canvi-escola-institut\/","title":{"rendered":"Xerrades: com vivim el canvi Escola-Institut"},"content":{"rendered":"<p style=\"text-align: justify;\">Aquest trimestre comencem una experi\u00e8ncia pilot per acompanyar les fam\u00edlies de Cicle Superior i 1r i 2n d&#8217;ESO en el canvi de Prim\u00e0ria a Secund\u00e0ria. Esperem que us resulti \u00fatil i interessant. No hi podeu faltar!<\/p>\n<p style=\"text-align: justify;\"><a href=\"http:\/\/agora.xtec.cat\/ceipmarianao\/wp-content\/uploads\/usu17\/2016\/10\/Cartell-Affe-imatge.jpg\"><img loading=\"lazy\" decoding=\"async\" class=\" wp-image-1222 aligncenter\" src=\"http:\/\/agora.xtec.cat\/ceipmarianao\/wp-content\/uploads\/usu17\/2016\/10\/Cartell-Affe-imatge-213x300.jpg\" alt=\"cartell-affe-imatge\" width=\"248\" height=\"349\" srcset=\"https:\/\/agora.xtec.cat\/ceipmarianao\/wp-content\/uploads\/usu17\/2016\/10\/Cartell-Affe-imatge-213x300.jpg 213w, https:\/\/agora.xtec.cat\/ceipmarianao\/wp-content\/uploads\/usu17\/2016\/10\/Cartell-Affe-imatge.jpg 491w\" sizes=\"auto, (max-width: 248px) 100vw, 248px\" \/><\/a><\/p>\n","protected":false},"excerpt":{"rendered":"<p>Aquest trimestre comencem una experi\u00e8ncia pilot per acompanyar les fam\u00edlies de Cicle Superior i 1r i 2n d&#8217;ESO en el canvi de Prim\u00e0ria a Secund\u00e0ria. Esperem que us resulti \u00fatil i interessant. No hi podeu faltar!<br \/>\n<a href=\"http:\/\/agora.xtec.cat\/ceipmarianao\/wp-content\/uploads\/usu17\/2016\/10\/Cartell-Affe-imatge.jpg\"><\/a><\/p>\n","protected":false},"author":3,"featured_media":0,"comment_status":"open","ping_status":"open","sticky":false,"template":"","format":"standard","meta":{"_bbp_topic_count":0,"_bbp_reply_count":0,"_bbp_total_topic_count":0,"_bbp_total_reply_count":0,"_bbp_voice_count":0,"_bbp_anonymous_reply_count":0,"_bbp_topic_count_hidden":0,"_bbp_reply_count_hidden":0,"_bbp_forum_subforum_count":0,"footnotes":""},"categories":[1,4],"tags":[],"class_list":["post-1220","post","type-post","status-publish","format-standard","hentry","category-general","category-portada"],"post_mailing_queue_ids":[],"_links":{"self":[{"href":"https:\/\/agora.xtec.cat\/ceipmarianao\/wp-json\/wp\/v2\/posts\/1220","targetHints":{"allow":["GET"]}}],"collection":[{"href":"https:\/\/agora.xtec.cat\/ceipmarianao\/wp-json\/wp\/v2\/posts"}],"about":[{"href":"https:\/\/agora.xtec.cat\/ceipmarianao\/wp-json\/wp\/v2\/types\/post"}],"author":[{"embeddable":true,"href":"https:\/\/agora.xtec.cat\/ceipmarianao\/wp-json\/wp\/v2\/users\/3"}],"replies":[{"embeddable":true,"href":"https:\/\/agora.xtec.cat\/ceipmarianao\/wp-json\/wp\/v2\/comments?post=1220"}],"version-history":[{"count":1,"href":"https:\/\/agora.xtec.cat\/ceipmarianao\/wp-json\/wp\/v2\/posts\/1220\/revisions"}],"predecessor-version":[{"id":1223,"href":"https:\/\/agora.xtec.cat\/ceipmarianao\/wp-json\/wp\/v2\/posts\/1220\/revisions\/1223"}],"wp:attachment":[{"href":"https:\/\/agora.xtec.cat\/ceipmarianao\/wp-json\/wp\/v2\/media?parent=1220"}],"wp:term":[{"taxonomy":"category","embeddable":true,"href":"https:\/\/agora.xtec.cat\/ceipmarianao\/wp-json\/wp\/v2\/categories?post=1220"},{"taxonomy":"post_tag","embeddable":true,"href":"https:\/\/agora.xtec.cat\/ceipmarianao\/wp-json\/wp\/v2\/tags?post=1220"}],"curies":[{"name":"wp","href":"https:\/\/api.w.org\/{rel}","templated":true}]}}