{"id":1215,"date":"2016-10-07T14:48:29","date_gmt":"2016-10-07T13:48:29","guid":{"rendered":"http:\/\/agora.xtec.cat\/ceipmarianao\/?p=1215"},"modified":"2016-10-07T14:48:42","modified_gmt":"2016-10-07T13:48:42","slug":"sharing-to-learn","status":"publish","type":"post","link":"https:\/\/agora.xtec.cat\/ceipmarianao\/general\/sharing-to-learn\/","title":{"rendered":"Sharing to learn"},"content":{"rendered":"<p style=\"text-align: justify;\">Ahir, dijous 6 d&#8217;octubre, vam iniciar el projecte Sharing to learn. Cinc nois i noies de 1r de Batxillerat de l&#8217;Institut Marianao vindran cada dijous a la tarda a fer d&#8217;auxiliars de conversa d&#8217;angl\u00e8s dels infants de 5\u00e8 de Prim\u00e0ria. \u00c9s el tercer curs que fem aquesta activitat i podem afirmar que \u00e9s una experi\u00e8ncia d&#8217;enriquiment mutu. A l&#8217;apartat Men\u00fa\/Trets d&#8217;identitat\/Projectes d&#8217;Escola\/Impuls i foment de l&#8217;angl\u00e8s en teniu m\u00e9s informaci\u00f3.<\/p>\n<p style=\"text-align: justify;\"><a href=\"http:\/\/agora.xtec.cat\/ceipmarianao\/wp-content\/uploads\/usu17\/2016\/10\/IMG_3502.jpg\"><img loading=\"lazy\" decoding=\"async\" class=\"alignnone size-medium wp-image-1216\" src=\"http:\/\/agora.xtec.cat\/ceipmarianao\/wp-content\/uploads\/usu17\/2016\/10\/IMG_3502-300x223.jpg\" alt=\"img_3502\" width=\"300\" height=\"223\" srcset=\"https:\/\/agora.xtec.cat\/ceipmarianao\/wp-content\/uploads\/usu17\/2016\/10\/IMG_3502-300x223.jpg 300w, https:\/\/agora.xtec.cat\/ceipmarianao\/wp-content\/uploads\/usu17\/2016\/10\/IMG_3502-768x570.jpg 768w, https:\/\/agora.xtec.cat\/ceipmarianao\/wp-content\/uploads\/usu17\/2016\/10\/IMG_3502-1024x760.jpg 1024w, https:\/\/agora.xtec.cat\/ceipmarianao\/wp-content\/uploads\/usu17\/2016\/10\/IMG_3502-200x150.jpg 200w, https:\/\/agora.xtec.cat\/ceipmarianao\/wp-content\/uploads\/usu17\/2016\/10\/IMG_3502.jpg 1599w\" sizes=\"auto, (max-width: 300px) 100vw, 300px\" \/><\/a> <a href=\"http:\/\/agora.xtec.cat\/ceipmarianao\/wp-content\/uploads\/usu17\/2016\/10\/IMG_3503.jpg\"><img loading=\"lazy\" decoding=\"async\" class=\"alignnone size-medium wp-image-1217\" src=\"http:\/\/agora.xtec.cat\/ceipmarianao\/wp-content\/uploads\/usu17\/2016\/10\/IMG_3503-300x223.jpg\" alt=\"img_3503\" width=\"300\" height=\"223\" srcset=\"https:\/\/agora.xtec.cat\/ceipmarianao\/wp-content\/uploads\/usu17\/2016\/10\/IMG_3503-300x223.jpg 300w, https:\/\/agora.xtec.cat\/ceipmarianao\/wp-content\/uploads\/usu17\/2016\/10\/IMG_3503-768x570.jpg 768w, https:\/\/agora.xtec.cat\/ceipmarianao\/wp-content\/uploads\/usu17\/2016\/10\/IMG_3503-1024x760.jpg 1024w, https:\/\/agora.xtec.cat\/ceipmarianao\/wp-content\/uploads\/usu17\/2016\/10\/IMG_3503-200x150.jpg 200w, https:\/\/agora.xtec.cat\/ceipmarianao\/wp-content\/uploads\/usu17\/2016\/10\/IMG_3503.jpg 1599w\" sizes=\"auto, (max-width: 300px) 100vw, 300px\" \/><\/a>.<\/p>\n","protected":false},"excerpt":{"rendered":"<p>Ahir, dijous 6 d&#8217;octubre, vam iniciar el projecte Sharing to learn. Cinc nois i noies de 1r de Batxillerat de l&#8217;Institut Marianao vindran cada dijous a la tarda a fer d&#8217;auxiliars de conversa d&#8217;angl\u00e8s dels infants de 5\u00e8 de Prim\u00e0ria. \u00c9s el tercer curs que&hellip;  <a href=\"https:\/\/agora.xtec.cat\/ceipmarianao\/general\/sharing-to-learn\/\" title=\"Read Sharing to learn\">Llegeix m\u00e9s\u00bb<\/a><\/p>\n","protected":false},"author":3,"featured_media":0,"comment_status":"open","ping_status":"open","sticky":false,"template":"","format":"standard","meta":{"_bbp_topic_count":0,"_bbp_reply_count":0,"_bbp_total_topic_count":0,"_bbp_total_reply_count":0,"_bbp_voice_count":0,"_bbp_anonymous_reply_count":0,"_bbp_topic_count_hidden":0,"_bbp_reply_count_hidden":0,"_bbp_forum_subforum_count":0,"footnotes":""},"categories":[1,4],"tags":[],"class_list":["post-1215","post","type-post","status-publish","format-standard","hentry","category-general","category-portada"],"post_mailing_queue_ids":[],"_links":{"self":[{"href":"https:\/\/agora.xtec.cat\/ceipmarianao\/wp-json\/wp\/v2\/posts\/1215","targetHints":{"allow":["GET"]}}],"collection":[{"href":"https:\/\/agora.xtec.cat\/ceipmarianao\/wp-json\/wp\/v2\/posts"}],"about":[{"href":"https:\/\/agora.xtec.cat\/ceipmarianao\/wp-json\/wp\/v2\/types\/post"}],"author":[{"embeddable":true,"href":"https:\/\/agora.xtec.cat\/ceipmarianao\/wp-json\/wp\/v2\/users\/3"}],"replies":[{"embeddable":true,"href":"https:\/\/agora.xtec.cat\/ceipmarianao\/wp-json\/wp\/v2\/comments?post=1215"}],"version-history":[{"count":2,"href":"https:\/\/agora.xtec.cat\/ceipmarianao\/wp-json\/wp\/v2\/posts\/1215\/revisions"}],"predecessor-version":[{"id":1219,"href":"https:\/\/agora.xtec.cat\/ceipmarianao\/wp-json\/wp\/v2\/posts\/1215\/revisions\/1219"}],"wp:attachment":[{"href":"https:\/\/agora.xtec.cat\/ceipmarianao\/wp-json\/wp\/v2\/media?parent=1215"}],"wp:term":[{"taxonomy":"category","embeddable":true,"href":"https:\/\/agora.xtec.cat\/ceipmarianao\/wp-json\/wp\/v2\/categories?post=1215"},{"taxonomy":"post_tag","embeddable":true,"href":"https:\/\/agora.xtec.cat\/ceipmarianao\/wp-json\/wp\/v2\/tags?post=1215"}],"curies":[{"name":"wp","href":"https:\/\/api.w.org\/{rel}","templated":true}]}}