{"id":115,"date":"2015-12-04T15:32:44","date_gmt":"2015-12-04T14:32:44","guid":{"rendered":"http:\/\/agora.xtec.cat\/ceipmarianao\/?p=115"},"modified":"2025-10-14T20:23:01","modified_gmt":"2025-10-14T18:23:01","slug":"apadrinament","status":"publish","type":"post","link":"https:\/\/agora.xtec.cat\/ceipmarianao\/infantil\/apadrinament\/","title":{"rendered":"Apadrinament lector"},"content":{"rendered":"<p style=\"text-align: justify;\">L&#8217;alumnat de 6\u00e8 A i B i de P5 i 1r ha comen\u00e7at el viatge al planeta lector. Aqu\u00ed teniu un v\u00eddeo amb imatges de com han anat les primeres sessions.<\/p>\n","protected":false},"excerpt":{"rendered":"<p>L&#8217;alumnat de 6\u00e8 A i B i de P5 i 1r ha comen\u00e7at el viatge al planeta lector. Aqu\u00ed teniu un v\u00eddeo amb imatges de com han anat les primeres sessions.<\/p>\n","protected":false},"author":1,"featured_media":0,"comment_status":"closed","ping_status":"open","sticky":false,"template":"","format":"standard","meta":{"_bbp_topic_count":0,"_bbp_reply_count":0,"_bbp_total_topic_count":0,"_bbp_total_reply_count":0,"_bbp_voice_count":0,"_bbp_anonymous_reply_count":0,"_bbp_topic_count_hidden":0,"_bbp_reply_count_hidden":0,"_bbp_forum_subforum_count":0,"footnotes":""},"categories":[11,15,2,9],"tags":[25],"class_list":["post-115","post","type-post","status-publish","format-standard","hentry","category-2n","category-6e","category-infantil","category-p5","tag-apadrinament-lector"],"post_mailing_queue_ids":[],"_links":{"self":[{"href":"https:\/\/agora.xtec.cat\/ceipmarianao\/wp-json\/wp\/v2\/posts\/115","targetHints":{"allow":["GET"]}}],"collection":[{"href":"https:\/\/agora.xtec.cat\/ceipmarianao\/wp-json\/wp\/v2\/posts"}],"about":[{"href":"https:\/\/agora.xtec.cat\/ceipmarianao\/wp-json\/wp\/v2\/types\/post"}],"author":[{"embeddable":true,"href":"https:\/\/agora.xtec.cat\/ceipmarianao\/wp-json\/wp\/v2\/users\/1"}],"replies":[{"embeddable":true,"href":"https:\/\/agora.xtec.cat\/ceipmarianao\/wp-json\/wp\/v2\/comments?post=115"}],"version-history":[{"count":4,"href":"https:\/\/agora.xtec.cat\/ceipmarianao\/wp-json\/wp\/v2\/posts\/115\/revisions"}],"predecessor-version":[{"id":5511,"href":"https:\/\/agora.xtec.cat\/ceipmarianao\/wp-json\/wp\/v2\/posts\/115\/revisions\/5511"}],"wp:attachment":[{"href":"https:\/\/agora.xtec.cat\/ceipmarianao\/wp-json\/wp\/v2\/media?parent=115"}],"wp:term":[{"taxonomy":"category","embeddable":true,"href":"https:\/\/agora.xtec.cat\/ceipmarianao\/wp-json\/wp\/v2\/categories?post=115"},{"taxonomy":"post_tag","embeddable":true,"href":"https:\/\/agora.xtec.cat\/ceipmarianao\/wp-json\/wp\/v2\/tags?post=115"}],"curies":[{"name":"wp","href":"https:\/\/api.w.org\/{rel}","templated":true}]}}