{"id":1103,"date":"2016-06-28T13:53:16","date_gmt":"2016-06-28T12:53:16","guid":{"rendered":"http:\/\/agora.xtec.cat\/ceipmarianao\/?p=1103"},"modified":"2016-07-14T11:40:20","modified_gmt":"2016-07-14T10:40:20","slug":"gimcana-del-medi-ambient","status":"publish","type":"post","link":"https:\/\/agora.xtec.cat\/ceipmarianao\/general\/gimcana-del-medi-ambient\/","title":{"rendered":"Gimcana del medi ambient"},"content":{"rendered":"<p style=\"text-align: justify;\">L&#8217;\u00faltim dia d&#8217;escola, el 21 de juny, vam realitzar la tradicional gimcana del medi ambient. Els nens i nenes de 5\u00e8 van ajudar en la gimcana de Prim\u00e0ria i els nens i nenes de 6\u00e8 van ajudar en la gimcana d&#8217;Infantil. Tot va anar molt b\u00e9 i ens vam acomiadar amb un gelat ben fresquet!<\/p>\n<p><embed type=\"application\/x-shockwave-flash\" src=\"https:\/\/photos.gstatic.com\/media\/slideshow.swf\" width=\"288\" height=\"192\" flashvars=\"host=picasaweb.google.com&#038;hl=es&#038;feat=flashalbum&#038;RGB=0x000000&#038;feed=https%3A%2F%2Fpicasaweb.google.com%2Fdata%2Ffeed%2Fapi%2Fuser%2F116485265439807778376%2Falbumid%2F6307120786142432785%3Falt%3Drss%26kind%3Dphoto%26hl%3Des\" pluginspage=\"http:\/\/www.macromedia.com\/go\/getflashplayer\"><\/embed><\/p>\n<p><embed type=\"application\/x-shockwave-flash\" src=\"https:\/\/photos.gstatic.com\/media\/slideshow.swf\" width=\"288\" height=\"192\" flashvars=\"host=picasaweb.google.com&#038;hl=es&#038;feat=flashalbum&#038;RGB=0x000000&#038;feed=https%3A%2F%2Fpicasaweb.google.com%2Fdata%2Ffeed%2Fapi%2Fuser%2F116485265439807778376%2Falbumid%2F6307124473869899233%3Falt%3Drss%26kind%3Dphoto%26hl%3Des\" pluginspage=\"http:\/\/www.macromedia.com\/go\/getflashplayer\"><\/embed><\/p>\n","protected":false},"excerpt":{"rendered":"<p>L&#8217;\u00faltim dia d&#8217;escola, el 21 de juny, vam realitzar la tradicional gimcana del medi ambient. Els nens i nenes de 5\u00e8 van ajudar en la gimcana de Prim\u00e0ria i els nens i nenes de 6\u00e8 van ajudar en la gimcana d&#8217;Infantil. Tot va anar molt&hellip;  <a href=\"https:\/\/agora.xtec.cat\/ceipmarianao\/general\/gimcana-del-medi-ambient\/\" title=\"Read Gimcana del medi ambient\">Llegeix m\u00e9s\u00bb<\/a><\/p>\n","protected":false},"author":1,"featured_media":0,"comment_status":"closed","ping_status":"open","sticky":false,"template":"","format":"standard","meta":{"_bbp_topic_count":0,"_bbp_reply_count":0,"_bbp_total_topic_count":0,"_bbp_total_reply_count":0,"_bbp_voice_count":0,"_bbp_anonymous_reply_count":0,"_bbp_topic_count_hidden":0,"_bbp_reply_count_hidden":0,"_bbp_forum_subforum_count":0,"footnotes":""},"categories":[1,28,4],"tags":[],"class_list":["post-1103","post","type-post","status-publish","format-standard","hentry","category-general","category-noticies-portada","category-portada"],"post_mailing_queue_ids":[],"_links":{"self":[{"href":"https:\/\/agora.xtec.cat\/ceipmarianao\/wp-json\/wp\/v2\/posts\/1103","targetHints":{"allow":["GET"]}}],"collection":[{"href":"https:\/\/agora.xtec.cat\/ceipmarianao\/wp-json\/wp\/v2\/posts"}],"about":[{"href":"https:\/\/agora.xtec.cat\/ceipmarianao\/wp-json\/wp\/v2\/types\/post"}],"author":[{"embeddable":true,"href":"https:\/\/agora.xtec.cat\/ceipmarianao\/wp-json\/wp\/v2\/users\/1"}],"replies":[{"embeddable":true,"href":"https:\/\/agora.xtec.cat\/ceipmarianao\/wp-json\/wp\/v2\/comments?post=1103"}],"version-history":[{"count":4,"href":"https:\/\/agora.xtec.cat\/ceipmarianao\/wp-json\/wp\/v2\/posts\/1103\/revisions"}],"predecessor-version":[{"id":1156,"href":"https:\/\/agora.xtec.cat\/ceipmarianao\/wp-json\/wp\/v2\/posts\/1103\/revisions\/1156"}],"wp:attachment":[{"href":"https:\/\/agora.xtec.cat\/ceipmarianao\/wp-json\/wp\/v2\/media?parent=1103"}],"wp:term":[{"taxonomy":"category","embeddable":true,"href":"https:\/\/agora.xtec.cat\/ceipmarianao\/wp-json\/wp\/v2\/categories?post=1103"},{"taxonomy":"post_tag","embeddable":true,"href":"https:\/\/agora.xtec.cat\/ceipmarianao\/wp-json\/wp\/v2\/tags?post=1103"}],"curies":[{"name":"wp","href":"https:\/\/api.w.org\/{rel}","templated":true}]}}