{"id":1026,"date":"2016-06-13T10:27:07","date_gmt":"2016-06-13T09:27:07","guid":{"rendered":"http:\/\/agora.xtec.cat\/ceipmarianao\/?p=1026"},"modified":"2016-06-13T14:01:12","modified_gmt":"2016-06-13T13:01:12","slug":"periode-matriculacio","status":"publish","type":"post","link":"https:\/\/agora.xtec.cat\/ceipmarianao\/general\/periode-matriculacio\/","title":{"rendered":"Per\u00edode matriculaci\u00f3"},"content":{"rendered":"<p><a href=\"http:\/\/agora.xtec.cat\/ceipmarianao\/wp-content\/uploads\/usu17\/2016\/02\/Tr\u00edptic-interior.png\" rel=\"attachment wp-att-481\"><img loading=\"lazy\" decoding=\"async\" class=\"alignnone wp-image-481\" src=\"http:\/\/agora.xtec.cat\/ceipmarianao\/wp-content\/uploads\/usu17\/2016\/02\/Tr\u00edptic-interior.png\" alt=\"Tr\u00edptic interior\" width=\"245\" height=\"173\" srcset=\"https:\/\/agora.xtec.cat\/ceipmarianao\/wp-content\/uploads\/usu17\/2016\/02\/Tr\u00edptic-interior.png 644w, https:\/\/agora.xtec.cat\/ceipmarianao\/wp-content\/uploads\/usu17\/2016\/02\/Tr\u00edptic-interior-300x212.png 300w\" sizes=\"auto, (max-width: 245px) 100vw, 245px\" \/>\u00a0\u00a0\u00a0\u00a0 <\/a><a href=\"http:\/\/agora.xtec.cat\/ceipmarianao\/wp-content\/uploads\/usu17\/2016\/02\/Tr\u00edptic-exterior.png\" rel=\"attachment wp-att-480\"><img loading=\"lazy\" decoding=\"async\" class=\"alignnone wp-image-480\" src=\"http:\/\/agora.xtec.cat\/ceipmarianao\/wp-content\/uploads\/usu17\/2016\/02\/Tr\u00edptic-exterior.png\" alt=\"Tr\u00edptic exterior\" width=\"245\" height=\"173\" srcset=\"https:\/\/agora.xtec.cat\/ceipmarianao\/wp-content\/uploads\/usu17\/2016\/02\/Tr\u00edptic-exterior.png 644w, https:\/\/agora.xtec.cat\/ceipmarianao\/wp-content\/uploads\/usu17\/2016\/02\/Tr\u00edptic-exterior-300x212.png 300w\" sizes=\"auto, (max-width: 245px) 100vw, 245px\" \/><\/a><\/p>\n<p style=\"text-align: justify;\">Del 13 al 17 de juny \u00e9s el per\u00edode per formalitzar la matriculaci\u00f3 d&#8217;alumnes del segon cicle d&#8217;educaci\u00f3 infantil, educaci\u00f3 prim\u00e0ria i 1r d&#8217;ESO. Documentaci\u00f3 que cal aportar: 4 fotografies mida carnet (Educaci\u00f3 Infantil), fotoc\u00f2pia del llibre de vacunes i n\u00famero de compte bancari.<\/p>\n","protected":false},"excerpt":{"rendered":"<p><a href=\"http:\/\/agora.xtec.cat\/ceipmarianao\/wp-content\/uploads\/usu17\/2016\/02\/Tr\u00edptic-interior.png\" rel=\"attachment wp-att-481\">\u00a0\u00a0\u00a0\u00a0 <\/a><a href=\"http:\/\/agora.xtec.cat\/ceipmarianao\/wp-content\/uploads\/usu17\/2016\/02\/Tr\u00edptic-exterior.png\" rel=\"attachment wp-att-480\"><\/a><br \/>\nDel 13 al 17 de juny \u00e9s el per\u00edode per formalitzar la matriculaci\u00f3 d&#8217;alumnes del segon cicle d&#8217;educaci\u00f3 infantil, educaci\u00f3 prim\u00e0ria i 1r d&#8217;ESO. Documentaci\u00f3 que cal aportar: 4 fotografies mida carnet (Educaci\u00f3 Infantil), fotoc\u00f2pia del llibre de&hellip;  <a href=\"https:\/\/agora.xtec.cat\/ceipmarianao\/general\/periode-matriculacio\/\" title=\"Read Per\u00edode matriculaci\u00f3\">Llegeix m\u00e9s\u00bb<\/a><\/p>\n","protected":false},"author":1,"featured_media":0,"comment_status":"open","ping_status":"open","sticky":false,"template":"","format":"standard","meta":{"_bbp_topic_count":0,"_bbp_reply_count":0,"_bbp_total_topic_count":0,"_bbp_total_reply_count":0,"_bbp_voice_count":0,"_bbp_anonymous_reply_count":0,"_bbp_topic_count_hidden":0,"_bbp_reply_count_hidden":0,"_bbp_forum_subforum_count":0,"footnotes":""},"categories":[1,28,4],"tags":[],"class_list":["post-1026","post","type-post","status-publish","format-standard","hentry","category-general","category-noticies-portada","category-portada"],"post_mailing_queue_ids":[],"_links":{"self":[{"href":"https:\/\/agora.xtec.cat\/ceipmarianao\/wp-json\/wp\/v2\/posts\/1026","targetHints":{"allow":["GET"]}}],"collection":[{"href":"https:\/\/agora.xtec.cat\/ceipmarianao\/wp-json\/wp\/v2\/posts"}],"about":[{"href":"https:\/\/agora.xtec.cat\/ceipmarianao\/wp-json\/wp\/v2\/types\/post"}],"author":[{"embeddable":true,"href":"https:\/\/agora.xtec.cat\/ceipmarianao\/wp-json\/wp\/v2\/users\/1"}],"replies":[{"embeddable":true,"href":"https:\/\/agora.xtec.cat\/ceipmarianao\/wp-json\/wp\/v2\/comments?post=1026"}],"version-history":[{"count":2,"href":"https:\/\/agora.xtec.cat\/ceipmarianao\/wp-json\/wp\/v2\/posts\/1026\/revisions"}],"predecessor-version":[{"id":1028,"href":"https:\/\/agora.xtec.cat\/ceipmarianao\/wp-json\/wp\/v2\/posts\/1026\/revisions\/1028"}],"wp:attachment":[{"href":"https:\/\/agora.xtec.cat\/ceipmarianao\/wp-json\/wp\/v2\/media?parent=1026"}],"wp:term":[{"taxonomy":"category","embeddable":true,"href":"https:\/\/agora.xtec.cat\/ceipmarianao\/wp-json\/wp\/v2\/categories?post=1026"},{"taxonomy":"post_tag","embeddable":true,"href":"https:\/\/agora.xtec.cat\/ceipmarianao\/wp-json\/wp\/v2\/tags?post=1026"}],"curies":[{"name":"wp","href":"https:\/\/api.w.org\/{rel}","templated":true}]}}