{"id":69,"count":8,"description":"<p style=\"text-align: justify;\">A Educaci\u00f3 Infantil treballem de manera globalitzada i interdisciplin\u00e0ria. No tenim llibres de text, realitzem activitats manipulatives, cooperatives, constructives... \u00e9s a dir, significatives, on l'infant \u00e9s el centre d'inter\u00e8s.<\/p>","link":"https:\/\/agora.xtec.cat\/ceipmarianao\/categoria\/projectes-dinfantil\/","name":"Projectes d'Educaci\u00f3 Infantil","slug":"projectes-dinfantil","taxonomy":"category","parent":0,"meta":[],"_links":{"self":[{"href":"https:\/\/agora.xtec.cat\/ceipmarianao\/wp-json\/wp\/v2\/categories\/69","targetHints":{"allow":["GET"]}}],"collection":[{"href":"https:\/\/agora.xtec.cat\/ceipmarianao\/wp-json\/wp\/v2\/categories"}],"about":[{"href":"https:\/\/agora.xtec.cat\/ceipmarianao\/wp-json\/wp\/v2\/taxonomies\/category"}],"wp:post_type":[{"href":"https:\/\/agora.xtec.cat\/ceipmarianao\/wp-json\/wp\/v2\/posts?categories=69"}],"curies":[{"name":"wp","href":"https:\/\/api.w.org\/{rel}","templated":true}]}}