{"id":9475,"date":"2018-01-22T17:45:54","date_gmt":"2018-01-22T16:45:54","guid":{"rendered":"http:\/\/agora.xtec.cat\/ceipmariafortuny\/?p=9475"},"modified":"2018-07-07T19:36:54","modified_gmt":"2018-07-07T17:36:54","slug":"descobrint-lespluga-de-francoli","status":"publish","type":"post","link":"https:\/\/agora.xtec.cat\/ceipmariafortuny\/arxiu\/curs-2017-18\/descobrint-lespluga-de-francoli\/","title":{"rendered":"Descobrint l&#8217;Espluga de Francol\u00ed&#8230;"},"content":{"rendered":"<p>&nbsp;<\/p>\n<p>Aqu\u00ed estem de nou estrenant el segon trimestre amb una sortida molt interessant.<\/p>\n<p>A coneixement del medi estem treballant el tema del pas del temps i estem tant emocionats amb la Prehist\u00f2ria que ens hem escapat a veure la <strong>Cova de la Font Major de l&#8217;Espluga de Francol\u00ed<\/strong>.<\/p>\n<figure class=\"figure wp-caption aligncenter\"><a href=\"http:\/\/www.covesdelespluga.info\/ca\/inici.html\" target=\"_blank\" rel=\"noopener noreferrer\"><img loading=\"lazy\" decoding=\"async\" class=\"wp-image-9477 size-full\" src=\"http:\/\/agora.xtec.cat\/ceipmariafortuny\/wp-content\/uploads\/usu1303\/2018\/01\/Coves_Espluga.jpg\" alt=\"\" width=\"960\" height=\"360\" srcset=\"https:\/\/agora.xtec.cat\/ceipmariafortuny\/wp-content\/uploads\/usu1303\/2018\/01\/Coves_Espluga.jpg 960w, https:\/\/agora.xtec.cat\/ceipmariafortuny\/wp-content\/uploads\/usu1303\/2018\/01\/Coves_Espluga-300x113.jpg 300w, https:\/\/agora.xtec.cat\/ceipmariafortuny\/wp-content\/uploads\/usu1303\/2018\/01\/Coves_Espluga-768x288.jpg 768w\" sizes=\"auto, (max-width: 960px) 100vw, 960px\" \/><\/a><figcaption class=\"wp-caption-text\"><em>Si voleu saber m\u00e9s coses de la cova podeu visitar la seva web clicant a la imatge&#8230;<\/em><\/figcaption><\/figure>\n<p>&nbsp;<\/p>\n<figure class=\"figure wp-caption aligncenter\"><a href=\"https:\/\/drive.google.com\/drive\/folders\/1vjW6J3rDEbKUrSxvcAmyzIVWQmxMAdHw?usp=sharing\" target=\"_blank\" rel=\"noopener noreferrer\"><img loading=\"lazy\" decoding=\"async\" class=\"wp-image-9478 size-full\" src=\"http:\/\/agora.xtec.cat\/ceipmariafortuny\/wp-content\/uploads\/usu1303\/2018\/01\/Les_coves.jpg\" alt=\"\" width=\"500\" height=\"375\" srcset=\"https:\/\/agora.xtec.cat\/ceipmariafortuny\/wp-content\/uploads\/usu1303\/2018\/01\/Les_coves.jpg 500w, https:\/\/agora.xtec.cat\/ceipmariafortuny\/wp-content\/uploads\/usu1303\/2018\/01\/Les_coves-300x225.jpg 300w, https:\/\/agora.xtec.cat\/ceipmariafortuny\/wp-content\/uploads\/usu1303\/2018\/01\/Les_coves-200x150.jpg 200w\" sizes=\"auto, (max-width: 500px) 100vw, 500px\" \/><\/a><figcaption class=\"wp-caption-text\">Per veure&#8217;ns gaudint la visita cliqueu a la imatge&#8230;<\/figcaption><\/figure>\n<p>&nbsp;<\/p>\n<figure class=\"figure wp-caption alignnone\"><a href=\"http:\/\/agora.xtec.cat\/ceipmariafortuny\/wp-content\/uploads\/usu1303\/2018\/01\/Mari\u00e1-Fortuny-1-1.jpg\"><img loading=\"lazy\" decoding=\"async\" class=\"wp-image-9490 size-large\" src=\"http:\/\/agora.xtec.cat\/ceipmariafortuny\/wp-content\/uploads\/usu1303\/2018\/01\/Mari\u00e1-Fortuny-1-1-1024x681.jpg\" alt=\"\" width=\"1024\" height=\"681\" srcset=\"https:\/\/agora.xtec.cat\/ceipmariafortuny\/wp-content\/uploads\/usu1303\/2018\/01\/Mari\u00e1-Fortuny-1-1-1024x681.jpg 1024w, https:\/\/agora.xtec.cat\/ceipmariafortuny\/wp-content\/uploads\/usu1303\/2018\/01\/Mari\u00e1-Fortuny-1-1-300x199.jpg 300w, https:\/\/agora.xtec.cat\/ceipmariafortuny\/wp-content\/uploads\/usu1303\/2018\/01\/Mari\u00e1-Fortuny-1-1-768x511.jpg 768w\" sizes=\"auto, (max-width: 1024px) 100vw, 1024px\" \/><\/a><figcaption class=\"wp-caption-text\"><strong>6\u00e8 A \ud83d\ude42<\/strong><\/figcaption><\/figure>\n<p>&nbsp;<\/p>\n<figure class=\"figure wp-caption alignnone\"><a href=\"http:\/\/agora.xtec.cat\/ceipmariafortuny\/wp-content\/uploads\/usu1303\/2018\/01\/Mari\u00e0-Fortuny-2.jpg\"><img loading=\"lazy\" decoding=\"async\" class=\"wp-image-9489 size-large\" src=\"http:\/\/agora.xtec.cat\/ceipmariafortuny\/wp-content\/uploads\/usu1303\/2018\/01\/Mari\u00e0-Fortuny-2-1024x635.jpg\" alt=\"\" width=\"1024\" height=\"635\" srcset=\"https:\/\/agora.xtec.cat\/ceipmariafortuny\/wp-content\/uploads\/usu1303\/2018\/01\/Mari\u00e0-Fortuny-2-1024x635.jpg 1024w, https:\/\/agora.xtec.cat\/ceipmariafortuny\/wp-content\/uploads\/usu1303\/2018\/01\/Mari\u00e0-Fortuny-2-300x186.jpg 300w, https:\/\/agora.xtec.cat\/ceipmariafortuny\/wp-content\/uploads\/usu1303\/2018\/01\/Mari\u00e0-Fortuny-2-768x476.jpg 768w\" sizes=\"auto, (max-width: 1024px) 100vw, 1024px\" \/><\/a><figcaption class=\"wp-caption-text\"><strong>6\u00e8 B \ud83d\ude42 <\/strong><\/figcaption><\/figure>\n<p>&nbsp;<\/p>\n<p><strong>Despr\u00e9s vam visitar Especialitats Cobo&#8230;<\/strong><\/p>\n<p>\u00c9s una empresa dedicada a l\u2019artesania i a l\u2019alimentaci\u00f3 concretament centrada en l\u2019elaboraci\u00f3 de galetes i dol\u00e7os artesans com els Carquinyolis, els Marilyn\u2019s, els Cubans,entre d\u2019altres.<\/p>\n<p>L\u2019empresa va \u00e9sser fundada l\u2019any 1955 per Joan Cobo Coma el qual treballava l\u2019obrador d\u2019una Pastisseria de Lleida i tenia ganes de crear el seu propi negoci. Primerament, el negoci estava en mans del fundador i de la seva esposa Maria. Actualment, la f\u00e0brica, compta amb la continu\u00eftat dels tres fills de Joan Cobo Coma i un dels seus n\u00e9ts.<\/p>\n<figure class=\"figure wp-caption aligncenter\"><a href=\"http:\/\/especialitatscobo.cat\/index.php\" target=\"_blank\" rel=\"noopener noreferrer\"><img loading=\"lazy\" decoding=\"async\" class=\"wp-image-9479\" src=\"http:\/\/agora.xtec.cat\/ceipmariafortuny\/wp-content\/uploads\/usu1303\/2018\/01\/galetes_cobo.jpg\" alt=\"\" width=\"391\" height=\"254\" srcset=\"https:\/\/agora.xtec.cat\/ceipmariafortuny\/wp-content\/uploads\/usu1303\/2018\/01\/galetes_cobo.jpg 357w, https:\/\/agora.xtec.cat\/ceipmariafortuny\/wp-content\/uploads\/usu1303\/2018\/01\/galetes_cobo-300x195.jpg 300w\" sizes=\"auto, (max-width: 391px) 100vw, 391px\" \/><\/a><figcaption class=\"wp-caption-text\">Cliqueu a la imatge i podreu gaudir de la seva bonica web&#8230;<\/figcaption><\/figure>\n<p>&nbsp;<\/p>\n<p>Va estar genial ja que vam tindre un guia de luxe el se\u00f1or Joan Cobo que amb la seva gran experiencia en el m\u00f3n d&#8217;aquests bon\u00edssims dol\u00e7os ens va ensenyar la seva f\u00e0brica i vam descobrir un munt de curiositats&#8230; ho voleu veure? doncs cliqueu a la seg\u00fcent fotografia.<\/p>\n<p><a href=\"https:\/\/drive.google.com\/drive\/folders\/1TFHTkaCF16TuAg6wtqysZnyHS3qZYJ2F?usp=sharing\" target=\"_blank\" rel=\"noopener noreferrer\"><img loading=\"lazy\" decoding=\"async\" class=\"size-full wp-image-9480 aligncenter\" src=\"http:\/\/agora.xtec.cat\/ceipmariafortuny\/wp-content\/uploads\/usu1303\/2018\/01\/1380195346-AQUARELA-COBO.jpg\" alt=\"\" width=\"357\" height=\"252\" srcset=\"https:\/\/agora.xtec.cat\/ceipmariafortuny\/wp-content\/uploads\/usu1303\/2018\/01\/1380195346-AQUARELA-COBO.jpg 357w, https:\/\/agora.xtec.cat\/ceipmariafortuny\/wp-content\/uploads\/usu1303\/2018\/01\/1380195346-AQUARELA-COBO-300x212.jpg 300w\" sizes=\"auto, (max-width: 357px) 100vw, 357px\" \/><\/a><\/p>\n<p>Volem agrair el temps i la simpatia de tot l&#8217;equip d&#8217;<strong>Especialitats Cobo<\/strong> perqu\u00e8 ens van tractar com a reis i reines.<\/p>\n<p>Moltes gr\u00e0cies de tot cor!<\/p>\n<p>&nbsp;<\/p>\n<p><strong>Cicle Superior (sis\u00e8)<\/strong><\/p>\n<p>&nbsp;<\/p>\n<p>&nbsp;<\/p>\n<p>&nbsp;<\/p>\n<p>&nbsp;<\/p>\n","protected":false},"excerpt":{"rendered":"<p>El passat divendres 19 de gener vam visitar l&#8217;Espluga de Francol\u00ed amb la seva Cova de la Font Major i la f\u00e0brica d&#8217;Especialitats Cobo. Voleu veure que b\u00e9 ens ho vam passar? &hellip;  <a href=\"https:\/\/agora.xtec.cat\/ceipmariafortuny\/arxiu\/curs-2017-18\/descobrint-lespluga-de-francoli\/\" title=\"Read Descobrint l&#8217;Espluga de Francol\u00ed&#8230;\">Llegeix m\u00e9s\u00bb<\/a><\/p>\n","protected":false},"author":45,"featured_media":9482,"comment_status":"open","ping_status":"closed","sticky":false,"template":"","format":"standard","meta":{"_bbp_topic_count":0,"_bbp_reply_count":0,"_bbp_total_topic_count":0,"_bbp_total_reply_count":0,"_bbp_voice_count":0,"_bbp_anonymous_reply_count":0,"_bbp_topic_count_hidden":0,"_bbp_reply_count_hidden":0,"_bbp_forum_subforum_count":0,"footnotes":""},"categories":[280],"tags":[241,207,240,92,239,103,242,176,115,16],"class_list":["post-9475","post","type-post","status-publish","format-standard","has-post-thumbnail","hentry","category-curs-2017-18","tag-carquinyolis","tag-cicle-superior","tag-cobo","tag-coneixement-del-medi","tag-coves","tag-entorn","tag-prehistoria","tag-primaria","tag-sise","tag-sortides"],"post_mailing_queue_ids":[],"_links":{"self":[{"href":"https:\/\/agora.xtec.cat\/ceipmariafortuny\/wp-json\/wp\/v2\/posts\/9475","targetHints":{"allow":["GET"]}}],"collection":[{"href":"https:\/\/agora.xtec.cat\/ceipmariafortuny\/wp-json\/wp\/v2\/posts"}],"about":[{"href":"https:\/\/agora.xtec.cat\/ceipmariafortuny\/wp-json\/wp\/v2\/types\/post"}],"author":[{"embeddable":true,"href":"https:\/\/agora.xtec.cat\/ceipmariafortuny\/wp-json\/wp\/v2\/users\/45"}],"replies":[{"embeddable":true,"href":"https:\/\/agora.xtec.cat\/ceipmariafortuny\/wp-json\/wp\/v2\/comments?post=9475"}],"version-history":[{"count":3,"href":"https:\/\/agora.xtec.cat\/ceipmariafortuny\/wp-json\/wp\/v2\/posts\/9475\/revisions"}],"predecessor-version":[{"id":9491,"href":"https:\/\/agora.xtec.cat\/ceipmariafortuny\/wp-json\/wp\/v2\/posts\/9475\/revisions\/9491"}],"wp:featuredmedia":[{"embeddable":true,"href":"https:\/\/agora.xtec.cat\/ceipmariafortuny\/wp-json\/wp\/v2\/media\/9482"}],"wp:attachment":[{"href":"https:\/\/agora.xtec.cat\/ceipmariafortuny\/wp-json\/wp\/v2\/media?parent=9475"}],"wp:term":[{"taxonomy":"category","embeddable":true,"href":"https:\/\/agora.xtec.cat\/ceipmariafortuny\/wp-json\/wp\/v2\/categories?post=9475"},{"taxonomy":"post_tag","embeddable":true,"href":"https:\/\/agora.xtec.cat\/ceipmariafortuny\/wp-json\/wp\/v2\/tags?post=9475"}],"curies":[{"name":"wp","href":"https:\/\/api.w.org\/{rel}","templated":true}]}}