{"id":19418,"date":"2020-11-26T20:53:23","date_gmt":"2020-11-26T19:53:23","guid":{"rendered":"http:\/\/agora.xtec.cat\/ceipmariafortuny\/?p=19418"},"modified":"2021-09-06T12:00:28","modified_gmt":"2021-09-06T10:00:28","slug":"treballem-amb-capses-daprenentatge","status":"publish","type":"post","link":"https:\/\/agora.xtec.cat\/ceipmariafortuny\/portada\/treballem-amb-capses-daprenentatge\/","title":{"rendered":"Treballem amb CAPSES D&#8217;APRENENTATGE"},"content":{"rendered":"<p>A la Comunitat dels Grans hem comen\u00e7at a treballar amb\u00a0<strong>CAPSES D\u2019APRENENATGE: <\/strong>propostes de treball guiat i globalitzat que promouen la investigaci\u00f3 i la construcci\u00f3 de coneixement.<\/p>\n<p>Les propostes de treball permeten el desenvolupament competencial de l\u2019infant amb una mirada globalitzadora del curr\u00edculum d\u2019educaci\u00f3 prim\u00e0ria.<\/p>\n<p>Cada capsa cont\u00e9 una proposta de treball amb un repte a assolir en petits grups de treball. Hem comen\u00e7at per una capsa molt propera, <em>&#8220;Temps d&#8217;avellanes&#8221;<\/em>. Cliqueu sobre la imatge i veureu tot el que hem fet.<\/p>\n<p><a href=\"https:\/\/drive.google.com\/drive\/folders\/1219boZPC2mJ56YcAto8Y4Qsb3c7s5pli?usp=sharing\" target=\"_blank\" rel=\"noopener noreferrer\"><img loading=\"lazy\" decoding=\"async\" class=\"wp-image-19421 aligncenter\" src=\"https:\/\/agora.xtec.cat\/ceipmariafortuny\/wp-content\/uploads\/usu1303\/2020\/11\/b35b9f29-b021-44d4-a401-e12dd276b2f4-768x1024.jpg\" alt=\"\" width=\"555\" height=\"740\" srcset=\"https:\/\/agora.xtec.cat\/ceipmariafortuny\/wp-content\/uploads\/usu1303\/2020\/11\/b35b9f29-b021-44d4-a401-e12dd276b2f4-768x1024.jpg 768w, https:\/\/agora.xtec.cat\/ceipmariafortuny\/wp-content\/uploads\/usu1303\/2020\/11\/b35b9f29-b021-44d4-a401-e12dd276b2f4-225x300.jpg 225w, https:\/\/agora.xtec.cat\/ceipmariafortuny\/wp-content\/uploads\/usu1303\/2020\/11\/b35b9f29-b021-44d4-a401-e12dd276b2f4.jpg 1500w\" sizes=\"auto, (max-width: 555px) 100vw, 555px\" \/><\/a><\/p>\n","protected":false},"excerpt":{"rendered":"<p>A la Comunitat dels Grans hem comen\u00e7at a treballar amb\u00a0CAPSES D\u2019APRENENATGE: propostes de treball guiat i globalitzat que promouen la investigaci\u00f3 i la construcci\u00f3 de coneixement. Les propostes de treball permeten el desenvolupament competencial de l\u2019infant amb una mirada globalitzadora del curr\u00edculum d\u2019educaci\u00f3 prim\u00e0ria. Cada capsa cont\u00e9 una proposta de treball amb un repte a [&hellip;]<\/p>\n","protected":false},"author":60,"featured_media":19424,"comment_status":"open","ping_status":"closed","sticky":false,"template":"","format":"standard","meta":{"_bbp_topic_count":0,"_bbp_reply_count":0,"_bbp_total_topic_count":0,"_bbp_total_reply_count":0,"_bbp_voice_count":0,"_bbp_anonymous_reply_count":0,"_bbp_topic_count_hidden":0,"_bbp_reply_count_hidden":0,"_bbp_forum_subforum_count":0,"site-sidebar-layout":"default","site-content-layout":"","ast-site-content-layout":"","site-content-style":"default","site-sidebar-style":"default","ast-global-header-display":"","ast-banner-title-visibility":"","ast-main-header-display":"","ast-hfb-above-header-display":"","ast-hfb-below-header-display":"","ast-hfb-mobile-header-display":"","site-post-title":"","ast-breadcrumbs-content":"","ast-featured-img":"","footer-sml-layout":"","theme-transparent-header-meta":"","adv-header-id-meta":"","stick-header-meta":"","header-above-stick-meta":"","header-main-stick-meta":"","header-below-stick-meta":"","astra-migrate-meta-layouts":"default","ast-page-background-enabled":"default","ast-page-background-meta":{"desktop":{"background-color":"var(--ast-global-color-4)","background-image":"","background-repeat":"repeat","background-position":"center center","background-size":"auto","background-attachment":"scroll","background-type":"","background-media":"","overlay-type":"","overlay-color":"","overlay-opacity":"","overlay-gradient":""},"tablet":{"background-color":"","background-image":"","background-repeat":"repeat","background-position":"center center","background-size":"auto","background-attachment":"scroll","background-type":"","background-media":"","overlay-type":"","overlay-color":"","overlay-opacity":"","overlay-gradient":""},"mobile":{"background-color":"","background-image":"","background-repeat":"repeat","background-position":"center center","background-size":"auto","background-attachment":"scroll","background-type":"","background-media":"","overlay-type":"","overlay-color":"","overlay-opacity":"","overlay-gradient":""}},"ast-content-background-meta":{"desktop":{"background-color":"var(--ast-global-color-5)","background-image":"","background-repeat":"repeat","background-position":"center center","background-size":"auto","background-attachment":"scroll","background-type":"","background-media":"","overlay-type":"","overlay-color":"","overlay-opacity":"","overlay-gradient":""},"tablet":{"background-color":"var(--ast-global-color-5)","background-image":"","background-repeat":"repeat","background-position":"center center","background-size":"auto","background-attachment":"scroll","background-type":"","background-media":"","overlay-type":"","overlay-color":"","overlay-opacity":"","overlay-gradient":""},"mobile":{"background-color":"var(--ast-global-color-5)","background-image":"","background-repeat":"repeat","background-position":"center center","background-size":"auto","background-attachment":"scroll","background-type":"","background-media":"","overlay-type":"","overlay-color":"","overlay-opacity":"","overlay-gradient":""}},"footnotes":""},"categories":[14,468,4,5],"tags":[459,107,429],"class_list":["post-19418","post","type-post","status-publish","format-standard","has-post-thumbnail","hentry","category-5e","category-curs-2020-21","category-portada","category-primaria","tag-capses-daprenentatge","tag-cinque","tag-comunitat-dels-grans"],"post_mailing_queue_ids":[],"_links":{"self":[{"href":"https:\/\/agora.xtec.cat\/ceipmariafortuny\/wp-json\/wp\/v2\/posts\/19418","targetHints":{"allow":["GET"]}}],"collection":[{"href":"https:\/\/agora.xtec.cat\/ceipmariafortuny\/wp-json\/wp\/v2\/posts"}],"about":[{"href":"https:\/\/agora.xtec.cat\/ceipmariafortuny\/wp-json\/wp\/v2\/types\/post"}],"author":[{"embeddable":true,"href":"https:\/\/agora.xtec.cat\/ceipmariafortuny\/wp-json\/wp\/v2\/users\/60"}],"replies":[{"embeddable":true,"href":"https:\/\/agora.xtec.cat\/ceipmariafortuny\/wp-json\/wp\/v2\/comments?post=19418"}],"version-history":[{"count":3,"href":"https:\/\/agora.xtec.cat\/ceipmariafortuny\/wp-json\/wp\/v2\/posts\/19418\/revisions"}],"predecessor-version":[{"id":19453,"href":"https:\/\/agora.xtec.cat\/ceipmariafortuny\/wp-json\/wp\/v2\/posts\/19418\/revisions\/19453"}],"wp:featuredmedia":[{"embeddable":true,"href":"https:\/\/agora.xtec.cat\/ceipmariafortuny\/wp-json\/wp\/v2\/media\/19424"}],"wp:attachment":[{"href":"https:\/\/agora.xtec.cat\/ceipmariafortuny\/wp-json\/wp\/v2\/media?parent=19418"}],"wp:term":[{"taxonomy":"category","embeddable":true,"href":"https:\/\/agora.xtec.cat\/ceipmariafortuny\/wp-json\/wp\/v2\/categories?post=19418"},{"taxonomy":"post_tag","embeddable":true,"href":"https:\/\/agora.xtec.cat\/ceipmariafortuny\/wp-json\/wp\/v2\/tags?post=19418"}],"curies":[{"name":"wp","href":"https:\/\/api.w.org\/{rel}","templated":true}]}}