{"id":10202,"date":"2019-02-21T12:51:39","date_gmt":"2019-02-21T11:51:39","guid":{"rendered":"http:\/\/agora.xtec.cat\/ceipmariafortuny\/?p=10202"},"modified":"2019-06-29T13:13:41","modified_gmt":"2019-06-29T11:13:41","slug":"ser-responsables-amb-els-animals","status":"publish","type":"post","link":"https:\/\/agora.xtec.cat\/ceipmariafortuny\/arxiu\/curs-2018-19\/ser-responsables-amb-els-animals\/","title":{"rendered":"Ser responsables amb els animals"},"content":{"rendered":"<p>Tots els alumnes d\u2019Infantil de l\u2019escola estan participant en el taller de Tinen\u00e7a Responsable d\u2019Animals de Companyia organitzat per l\u2019\u00daltima Llar. La Flama i el Rock, dos gossets ben macos i eixerits, han visitat les nostres aules i hem pogut gaudir molt amb ells. Qu\u00e8 bonics que s\u00f3n!!!<\/p>\n<p>Amb la Flama i el Rock, dos gossos abandonats que l\u2019\u00daltima Llar ha recuperat i utilitza per realitzar aquests tallers per totes les escoles de la ciutat, hem apr\u00e8s que \u00e9s molt important tenir cura de les mascotes, qu\u00e8 s\u2019ha de fer per cuidar-los i fins i tot tamb\u00e9 hem fet de veterinaris per con\u00e8ixer una mica millor com els podem ajudar.<\/p>\n<p>L\u2019\u00daltima Llar \u00e9s una entitat de Reus que es troba prop del Santuari de Miseric\u00f2rdia i del CT Reus Monterols, i que t\u00e9 cura dels gossos abandonats, on ajuden a difondre el respecte pels animals i animen a totes les fam\u00edlies interessades en tenir un gos que optin per adoptar-los. El seu horari per poder anar al centre d&#8217;adopci\u00f3 i visita d&#8217;animals de companyia \u00e9s de dilluns a dissabtes de 10 hores a 13.30 hores i diumenges i festius de 10 a 12 hores.<\/p>\n<p>&nbsp;<\/p>\n<p><a href=\"https:\/\/agora.xtec.cat\/ceipmariafortuny\/wp-content\/uploads\/usu1303\/2019\/02\/IMG-20190219-WA0002.jpg\"><img loading=\"lazy\" decoding=\"async\" class=\"alignnone size-large wp-image-10199\" src=\"https:\/\/agora.xtec.cat\/ceipmariafortuny\/wp-content\/uploads\/usu1303\/2019\/02\/IMG-20190219-WA0002-1024x854.jpg\" alt=\"\" width=\"1024\" height=\"854\" srcset=\"https:\/\/agora.xtec.cat\/ceipmariafortuny\/wp-content\/uploads\/usu1303\/2019\/02\/IMG-20190219-WA0002-1024x854.jpg 1024w, https:\/\/agora.xtec.cat\/ceipmariafortuny\/wp-content\/uploads\/usu1303\/2019\/02\/IMG-20190219-WA0002-300x250.jpg 300w, https:\/\/agora.xtec.cat\/ceipmariafortuny\/wp-content\/uploads\/usu1303\/2019\/02\/IMG-20190219-WA0002-768x641.jpg 768w, https:\/\/agora.xtec.cat\/ceipmariafortuny\/wp-content\/uploads\/usu1303\/2019\/02\/IMG-20190219-WA0002.jpg 1600w\" sizes=\"auto, (max-width: 1024px) 100vw, 1024px\" \/><\/a><\/p>\n<p><a href=\"https:\/\/agora.xtec.cat\/ceipmariafortuny\/wp-content\/uploads\/usu1303\/2019\/02\/IMG-20190219-WA0003.jpg\"><img loading=\"lazy\" decoding=\"async\" class=\"alignnone size-large wp-image-10200\" src=\"https:\/\/agora.xtec.cat\/ceipmariafortuny\/wp-content\/uploads\/usu1303\/2019\/02\/IMG-20190219-WA0003-976x1024.jpg\" alt=\"\" width=\"976\" height=\"1024\" srcset=\"https:\/\/agora.xtec.cat\/ceipmariafortuny\/wp-content\/uploads\/usu1303\/2019\/02\/IMG-20190219-WA0003-976x1024.jpg 976w, https:\/\/agora.xtec.cat\/ceipmariafortuny\/wp-content\/uploads\/usu1303\/2019\/02\/IMG-20190219-WA0003-286x300.jpg 286w, https:\/\/agora.xtec.cat\/ceipmariafortuny\/wp-content\/uploads\/usu1303\/2019\/02\/IMG-20190219-WA0003-768x806.jpg 768w, https:\/\/agora.xtec.cat\/ceipmariafortuny\/wp-content\/uploads\/usu1303\/2019\/02\/IMG-20190219-WA0003.jpg 1408w\" sizes=\"auto, (max-width: 976px) 100vw, 976px\" \/><\/a><\/p>\n<p><a href=\"https:\/\/agora.xtec.cat\/ceipmariafortuny\/wp-content\/uploads\/usu1303\/2019\/02\/IMG-20190219-WA0005.jpg\"><img loading=\"lazy\" decoding=\"async\" class=\"alignnone size-large wp-image-10201\" src=\"https:\/\/agora.xtec.cat\/ceipmariafortuny\/wp-content\/uploads\/usu1303\/2019\/02\/IMG-20190219-WA0005-576x1024.jpg\" alt=\"\" width=\"576\" height=\"1024\" srcset=\"https:\/\/agora.xtec.cat\/ceipmariafortuny\/wp-content\/uploads\/usu1303\/2019\/02\/IMG-20190219-WA0005-576x1024.jpg 576w, https:\/\/agora.xtec.cat\/ceipmariafortuny\/wp-content\/uploads\/usu1303\/2019\/02\/IMG-20190219-WA0005-169x300.jpg 169w, https:\/\/agora.xtec.cat\/ceipmariafortuny\/wp-content\/uploads\/usu1303\/2019\/02\/IMG-20190219-WA0005-768x1366.jpg 768w, https:\/\/agora.xtec.cat\/ceipmariafortuny\/wp-content\/uploads\/usu1303\/2019\/02\/IMG-20190219-WA0005.jpg 899w\" sizes=\"auto, (max-width: 576px) 100vw, 576px\" \/><\/a><\/p>\n","protected":false},"excerpt":{"rendered":"<p>Tots els alumnes d\u2019Infantil de l\u2019escola estan participant en el taller de Tinen\u00e7a Responsable d\u2019Animals de Companyia organitzat per l\u2019\u00daltima Llar. La Flama i el Rock, dos gossets ben macos i eixerits, han visitat les nostres aules i hem pogut gaudir molt amb ells. Qu\u00e8&hellip;  <a href=\"https:\/\/agora.xtec.cat\/ceipmariafortuny\/arxiu\/curs-2018-19\/ser-responsables-amb-els-animals\/\" title=\"Read Ser responsables amb els animals\">Llegeix m\u00e9s\u00bb<\/a><\/p>\n","protected":false},"author":63,"featured_media":10199,"comment_status":"open","ping_status":"closed","sticky":false,"template":"","format":"standard","meta":{"_bbp_topic_count":0,"_bbp_reply_count":0,"_bbp_total_topic_count":0,"_bbp_total_reply_count":0,"_bbp_voice_count":0,"_bbp_anonymous_reply_count":0,"_bbp_topic_count_hidden":0,"_bbp_reply_count_hidden":0,"_bbp_forum_subforum_count":0,"footnotes":""},"categories":[341],"tags":[89,103,140,172,174,175],"class_list":["post-10202","post","type-post","status-publish","format-standard","has-post-thumbnail","hentry","category-curs-2018-19","tag-activitats-i-tallers","tag-entorn","tag-infantil","tag-p3","tag-p4","tag-p5"],"post_mailing_queue_ids":[],"_links":{"self":[{"href":"https:\/\/agora.xtec.cat\/ceipmariafortuny\/wp-json\/wp\/v2\/posts\/10202","targetHints":{"allow":["GET"]}}],"collection":[{"href":"https:\/\/agora.xtec.cat\/ceipmariafortuny\/wp-json\/wp\/v2\/posts"}],"about":[{"href":"https:\/\/agora.xtec.cat\/ceipmariafortuny\/wp-json\/wp\/v2\/types\/post"}],"author":[{"embeddable":true,"href":"https:\/\/agora.xtec.cat\/ceipmariafortuny\/wp-json\/wp\/v2\/users\/63"}],"replies":[{"embeddable":true,"href":"https:\/\/agora.xtec.cat\/ceipmariafortuny\/wp-json\/wp\/v2\/comments?post=10202"}],"version-history":[{"count":1,"href":"https:\/\/agora.xtec.cat\/ceipmariafortuny\/wp-json\/wp\/v2\/posts\/10202\/revisions"}],"predecessor-version":[{"id":10203,"href":"https:\/\/agora.xtec.cat\/ceipmariafortuny\/wp-json\/wp\/v2\/posts\/10202\/revisions\/10203"}],"wp:featuredmedia":[{"embeddable":true,"href":"https:\/\/agora.xtec.cat\/ceipmariafortuny\/wp-json\/wp\/v2\/media\/10199"}],"wp:attachment":[{"href":"https:\/\/agora.xtec.cat\/ceipmariafortuny\/wp-json\/wp\/v2\/media?parent=10202"}],"wp:term":[{"taxonomy":"category","embeddable":true,"href":"https:\/\/agora.xtec.cat\/ceipmariafortuny\/wp-json\/wp\/v2\/categories?post=10202"},{"taxonomy":"post_tag","embeddable":true,"href":"https:\/\/agora.xtec.cat\/ceipmariafortuny\/wp-json\/wp\/v2\/tags?post=10202"}],"curies":[{"name":"wp","href":"https:\/\/api.w.org\/{rel}","templated":true}]}}