{"id":9545,"date":"2025-11-07T13:14:13","date_gmt":"2025-11-07T12:14:13","guid":{"rendered":"https:\/\/agora.xtec.cat\/ceipmarcelidomingo-roquetes\/?p=9545"},"modified":"2025-11-07T13:14:14","modified_gmt":"2025-11-07T12:14:14","slug":"xvi-milla-urbana-de-jesus","status":"publish","type":"post","link":"https:\/\/agora.xtec.cat\/ceipmarcelidomingo-roquetes\/portada\/general\/xvi-milla-urbana-de-jesus\/","title":{"rendered":"XVI MILLA URBANA DE JES\u00daS"},"content":{"rendered":"\n<p>El dia 23 de novembre es disputar\u00e0 la XVI Milla Urbana de Jes\u00fas en categoria des de patufet fins a alev\u00ed. Les persones interessades en participar-hi hauran de dir les seg\u00fcents dades (DNI\/Passaport, nom i cognoms i data de naixement) als seus tutors\/es per estar coberts per una asseguran\u00e7a m\u00e8dica puntual i <strong>l&#8217;escola nom\u00e9s tramitar\u00e0 la inscripci\u00f3<\/strong>. Les fam\u00edlies s\u00f3n les encarregades de portar i acompanyar els seus fills\/es a la cursa.<\/p>\n\n\n\n<p><strong>La data l\u00edmit per inscriure&#8217;s \u00e9s el dilluns 17 de novembre!<\/strong><\/p>\n\n\n\n<p>Molta sort a tothom i a gaudir fent esport!<\/p>\n\n\n\n<figure class=\"wp-block-image size-large\"><a href=\"https:\/\/agora.xtec.cat\/ceipmarcelidomingo-roquetes\/wp-content\/uploads\/usu961\/2025\/11\/Cartell-XVI-Milla-Urbana-de-Jesus-2025-1-1.jpg\"><img loading=\"lazy\" decoding=\"async\" width=\"724\" height=\"1024\" src=\"https:\/\/agora.xtec.cat\/ceipmarcelidomingo-roquetes\/wp-content\/uploads\/usu961\/2025\/11\/Cartell-XVI-Milla-Urbana-de-Jesus-2025-1-1-724x1024.jpg\" alt=\"\" class=\"wp-image-9548\" srcset=\"https:\/\/agora.xtec.cat\/ceipmarcelidomingo-roquetes\/wp-content\/uploads\/usu961\/2025\/11\/Cartell-XVI-Milla-Urbana-de-Jesus-2025-1-1-724x1024.jpg 724w, https:\/\/agora.xtec.cat\/ceipmarcelidomingo-roquetes\/wp-content\/uploads\/usu961\/2025\/11\/Cartell-XVI-Milla-Urbana-de-Jesus-2025-1-1-212x300.jpg 212w, https:\/\/agora.xtec.cat\/ceipmarcelidomingo-roquetes\/wp-content\/uploads\/usu961\/2025\/11\/Cartell-XVI-Milla-Urbana-de-Jesus-2025-1-1-768x1086.jpg 768w, https:\/\/agora.xtec.cat\/ceipmarcelidomingo-roquetes\/wp-content\/uploads\/usu961\/2025\/11\/Cartell-XVI-Milla-Urbana-de-Jesus-2025-1-1-1087x1536.jpg 1087w, https:\/\/agora.xtec.cat\/ceipmarcelidomingo-roquetes\/wp-content\/uploads\/usu961\/2025\/11\/Cartell-XVI-Milla-Urbana-de-Jesus-2025-1-1.jpg 1240w\" sizes=\"auto, (max-width: 724px) 100vw, 724px\" \/><\/a><\/figure>\n","protected":false},"excerpt":{"rendered":"<p>XVI milla urbana de Jes\u00fas<\/p>\n","protected":false},"author":13,"featured_media":9546,"comment_status":"open","ping_status":"open","sticky":false,"template":"","format":"standard","meta":{"_bbp_topic_count":0,"_bbp_reply_count":0,"_bbp_total_topic_count":0,"_bbp_total_reply_count":0,"_bbp_voice_count":0,"_bbp_anonymous_reply_count":0,"_bbp_topic_count_hidden":0,"_bbp_reply_count_hidden":0,"_bbp_forum_subforum_count":0,"site-sidebar-layout":"default","site-content-layout":"","ast-site-content-layout":"default","site-content-style":"default","site-sidebar-style":"default","ast-global-header-display":"","ast-banner-title-visibility":"","ast-main-header-display":"","ast-hfb-above-header-display":"","ast-hfb-below-header-display":"","ast-hfb-mobile-header-display":"","site-post-title":"","ast-breadcrumbs-content":"","ast-featured-img":"","footer-sml-layout":"","theme-transparent-header-meta":"","adv-header-id-meta":"","stick-header-meta":"","header-above-stick-meta":"","header-main-stick-meta":"","header-below-stick-meta":"","astra-migrate-meta-layouts":"set","ast-page-background-enabled":"default","ast-page-background-meta":{"desktop":{"background-color":"var(--ast-global-color-4)","background-image":"","background-repeat":"repeat","background-position":"center center","background-size":"auto","background-attachment":"scroll","background-type":"","background-media":"","overlay-type":"","overlay-color":"","overlay-opacity":"","overlay-gradient":""},"tablet":{"background-color":"","background-image":"","background-repeat":"repeat","background-position":"center center","background-size":"auto","background-attachment":"scroll","background-type":"","background-media":"","overlay-type":"","overlay-color":"","overlay-opacity":"","overlay-gradient":""},"mobile":{"background-color":"","background-image":"","background-repeat":"repeat","background-position":"center center","background-size":"auto","background-attachment":"scroll","background-type":"","background-media":"","overlay-type":"","overlay-color":"","overlay-opacity":"","overlay-gradient":""}},"ast-content-background-meta":{"desktop":{"background-color":"var(--ast-global-color-5)","background-image":"","background-repeat":"repeat","background-position":"center center","background-size":"auto","background-attachment":"scroll","background-type":"","background-media":"","overlay-type":"","overlay-color":"","overlay-opacity":"","overlay-gradient":""},"tablet":{"background-color":"var(--ast-global-color-5)","background-image":"","background-repeat":"repeat","background-position":"center center","background-size":"auto","background-attachment":"scroll","background-type":"","background-media":"","overlay-type":"","overlay-color":"","overlay-opacity":"","overlay-gradient":""},"mobile":{"background-color":"var(--ast-global-color-5)","background-image":"","background-repeat":"repeat","background-position":"center center","background-size":"auto","background-attachment":"scroll","background-type":"","background-media":"","overlay-type":"","overlay-color":"","overlay-opacity":"","overlay-gradient":""}},"footnotes":""},"categories":[44,97,37,93,1,4,40],"tags":[],"class_list":["post-9545","post","type-post","status-publish","format-standard","has-post-thumbnail","hentry","category-articles-importants","category-educacio-fisica","category-escola-2","category-articles","category-general","category-portada","category-ultimes-noticies-escola"],"post_mailing_queue_ids":[],"_links":{"self":[{"href":"https:\/\/agora.xtec.cat\/ceipmarcelidomingo-roquetes\/wp-json\/wp\/v2\/posts\/9545","targetHints":{"allow":["GET"]}}],"collection":[{"href":"https:\/\/agora.xtec.cat\/ceipmarcelidomingo-roquetes\/wp-json\/wp\/v2\/posts"}],"about":[{"href":"https:\/\/agora.xtec.cat\/ceipmarcelidomingo-roquetes\/wp-json\/wp\/v2\/types\/post"}],"author":[{"embeddable":true,"href":"https:\/\/agora.xtec.cat\/ceipmarcelidomingo-roquetes\/wp-json\/wp\/v2\/users\/13"}],"replies":[{"embeddable":true,"href":"https:\/\/agora.xtec.cat\/ceipmarcelidomingo-roquetes\/wp-json\/wp\/v2\/comments?post=9545"}],"version-history":[{"count":1,"href":"https:\/\/agora.xtec.cat\/ceipmarcelidomingo-roquetes\/wp-json\/wp\/v2\/posts\/9545\/revisions"}],"predecessor-version":[{"id":9549,"href":"https:\/\/agora.xtec.cat\/ceipmarcelidomingo-roquetes\/wp-json\/wp\/v2\/posts\/9545\/revisions\/9549"}],"wp:featuredmedia":[{"embeddable":true,"href":"https:\/\/agora.xtec.cat\/ceipmarcelidomingo-roquetes\/wp-json\/wp\/v2\/media\/9546"}],"wp:attachment":[{"href":"https:\/\/agora.xtec.cat\/ceipmarcelidomingo-roquetes\/wp-json\/wp\/v2\/media?parent=9545"}],"wp:term":[{"taxonomy":"category","embeddable":true,"href":"https:\/\/agora.xtec.cat\/ceipmarcelidomingo-roquetes\/wp-json\/wp\/v2\/categories?post=9545"},{"taxonomy":"post_tag","embeddable":true,"href":"https:\/\/agora.xtec.cat\/ceipmarcelidomingo-roquetes\/wp-json\/wp\/v2\/tags?post=9545"}],"curies":[{"name":"wp","href":"https:\/\/api.w.org\/{rel}","templated":true}]}}