{"id":8937,"date":"2025-03-31T09:51:53","date_gmt":"2025-03-31T07:51:53","guid":{"rendered":"https:\/\/agora.xtec.cat\/ceipmarcelidomingo-roquetes\/?p=8937"},"modified":"2025-03-31T09:51:53","modified_gmt":"2025-03-31T07:51:53","slug":"parlem-amb-les-mans","status":"publish","type":"post","link":"https:\/\/agora.xtec.cat\/ceipmarcelidomingo-roquetes\/portada\/general\/parlem-amb-les-mans\/","title":{"rendered":"PARLEM AMB LES MANS"},"content":{"rendered":"<p style=\"text-align: center;\">Sabies que aquest curs els nens i nens d\u2019Infantil estan aprenent llengua de signes?<\/p>\n<p style=\"text-align: center;\">La llengua de signes, reconeguda com a tal l\u2019any 2007, amb una estructura gramatical pr\u00f2pia i amb uns par\u00e0metres que la caracteritzen. Tot i que no coneixem aquesta dada amb precisi\u00f3, sembla ser que existeixen m\u00e9s de 200 lleng\u00fces de signes diferents i dins d\u2019una mateixa llengua hi ha variacions segons les zones geogr\u00e0fiques. Tot i ser la llengua natural de les persones sordes, cal tenir en compte que aquesta comunitat no est\u00e0 formada \u00fanicament per persones sordes, amb discapacitat auditiva o persones amb sordceguesa, sin\u00f3 que tamb\u00e9 la integren persones oients.<\/p>\n<p>Des de l\u2019escola volem que els nens i nenes s\u2019apropin a aquesta nova llengua, ja que \u00e9s una eina molt motivadora que promou el desenvolupament del llenguatge. Mitjan\u00e7ant el taller \u201cParlem amb les mans\u201d els nostres alumnes tindran un primer contacte amb aquesta llengua.<\/p>\n<p style=\"text-align: center;\">\u00a0 \u00a0 \u00a0 \u00a0<a href=\"https:\/\/agora.xtec.cat\/ceipmarcelidomingo-roquetes\/wp-content\/uploads\/usu961\/2025\/03\/WhatsApp-Image-2025-03-28-at-14.26.44.jpeg\"><img loading=\"lazy\" decoding=\"async\" class=\"alignnone wp-image-8941\" src=\"https:\/\/agora.xtec.cat\/ceipmarcelidomingo-roquetes\/wp-content\/uploads\/usu961\/2025\/03\/WhatsApp-Image-2025-03-28-at-14.26.44.jpeg\" alt=\"\" width=\"298\" height=\"223\" srcset=\"https:\/\/agora.xtec.cat\/ceipmarcelidomingo-roquetes\/wp-content\/uploads\/usu961\/2025\/03\/WhatsApp-Image-2025-03-28-at-14.26.44.jpeg 2048w, https:\/\/agora.xtec.cat\/ceipmarcelidomingo-roquetes\/wp-content\/uploads\/usu961\/2025\/03\/WhatsApp-Image-2025-03-28-at-14.26.44-300x225.jpeg 300w, https:\/\/agora.xtec.cat\/ceipmarcelidomingo-roquetes\/wp-content\/uploads\/usu961\/2025\/03\/WhatsApp-Image-2025-03-28-at-14.26.44-1024x768.jpeg 1024w, https:\/\/agora.xtec.cat\/ceipmarcelidomingo-roquetes\/wp-content\/uploads\/usu961\/2025\/03\/WhatsApp-Image-2025-03-28-at-14.26.44-768x576.jpeg 768w, https:\/\/agora.xtec.cat\/ceipmarcelidomingo-roquetes\/wp-content\/uploads\/usu961\/2025\/03\/WhatsApp-Image-2025-03-28-at-14.26.44-1536x1152.jpeg 1536w, https:\/\/agora.xtec.cat\/ceipmarcelidomingo-roquetes\/wp-content\/uploads\/usu961\/2025\/03\/WhatsApp-Image-2025-03-28-at-14.26.44-200x150.jpeg 200w\" sizes=\"auto, (max-width: 298px) 100vw, 298px\" \/><\/a> \u00a0\u00a0 \u00a0\u00a0 \u00a0\u00a0 \u00a0\u00a0 \u00a0\u00a0<a href=\"https:\/\/agora.xtec.cat\/ceipmarcelidomingo-roquetes\/wp-content\/uploads\/usu961\/2025\/03\/WhatsApp-Image-2025-03-28-at-14.26.55.jpeg\"><img loading=\"lazy\" decoding=\"async\" class=\"alignnone wp-image-8942\" src=\"https:\/\/agora.xtec.cat\/ceipmarcelidomingo-roquetes\/wp-content\/uploads\/usu961\/2025\/03\/WhatsApp-Image-2025-03-28-at-14.26.55.jpeg\" alt=\"\" width=\"305\" height=\"196\" srcset=\"https:\/\/agora.xtec.cat\/ceipmarcelidomingo-roquetes\/wp-content\/uploads\/usu961\/2025\/03\/WhatsApp-Image-2025-03-28-at-14.26.55.jpeg 915w, https:\/\/agora.xtec.cat\/ceipmarcelidomingo-roquetes\/wp-content\/uploads\/usu961\/2025\/03\/WhatsApp-Image-2025-03-28-at-14.26.55-300x193.jpeg 300w, https:\/\/agora.xtec.cat\/ceipmarcelidomingo-roquetes\/wp-content\/uploads\/usu961\/2025\/03\/WhatsApp-Image-2025-03-28-at-14.26.55-768x494.jpeg 768w\" sizes=\"auto, (max-width: 305px) 100vw, 305px\" \/><\/a><\/p>\n<p>Concretament, es tracta d\u2019un taller d\u2019aproximaci\u00f3 a la llengua de signes on els infants podran aprendre vocabulari b\u00e0sic en aquesta llengua a trav\u00e9s de can\u00e7ons, imatges i jocs d\u2019expressi\u00f3 oral. Al mateix temps, aprendran l\u2019alfabet dactilol\u00f2gic en LSC, un recurs molt \u00fatil de cara a l\u2019aprenentatge de la lectoescriptura, ja que afavoreix la<br \/>\ndiscriminaci\u00f3 de lletres i fonemes. D\u2019altra banda, tamb\u00e9 s\u2019est\u00e0 implementant el suport signat en LSC. Es tracta d\u2019un recurs de comunicaci\u00f3 augmentativa que combina la parla oral amb signes de la llengua de signes catalana (comunicaci\u00f3 bimodal). S&#8217;utilitza per afavorir la comunicaci\u00f3 en persones amb dificultats auditives, comunicatives o de parla, ja que refor\u00e7a el missatge oral amb elements visuals. En aquest sentit, utilitzem el suport signat per afavorir la comunicaci\u00f3 i l\u2019adquisici\u00f3 del llenguatge amb alumnes que presenten dificultats en aquest sentit. Ara b\u00e9, el fet d\u2019utilitzar-lo amb tot l\u2019alumnat, el converteix en una mesura i suport universal. Implementar el suport signat a l&#8217;aula no nom\u00e9s beneficia els alumnes amb dificultats auditives, de comunicaci\u00f3 i parla, sin\u00f3 que tamb\u00e9 enriqueix la comunicaci\u00f3 i la inclusi\u00f3 de tot el grup<\/p>\n<p><a href=\"https:\/\/agora.xtec.cat\/ceipmarcelidomingo-roquetes\/wp-content\/uploads\/usu961\/2025\/03\/X.jpg\"><img loading=\"lazy\" decoding=\"async\" class=\"wp-image-8939 aligncenter\" src=\"https:\/\/agora.xtec.cat\/ceipmarcelidomingo-roquetes\/wp-content\/uploads\/usu961\/2025\/03\/X.jpg\" alt=\"\" width=\"312\" height=\"373\" srcset=\"https:\/\/agora.xtec.cat\/ceipmarcelidomingo-roquetes\/wp-content\/uploads\/usu961\/2025\/03\/X.jpg 453w, https:\/\/agora.xtec.cat\/ceipmarcelidomingo-roquetes\/wp-content\/uploads\/usu961\/2025\/03\/X-251x300.jpg 251w\" sizes=\"auto, (max-width: 312px) 100vw, 312px\" \/>\u00a0<\/a><\/p>\n<p>&nbsp;<\/p>\n<p>&nbsp;<\/p>\n","protected":false},"excerpt":{"rendered":"<p>Parlem amb les mans<\/p>\n","protected":false},"author":1,"featured_media":8940,"comment_status":"open","ping_status":"closed","sticky":false,"template":"","format":"standard","meta":{"_bbp_topic_count":0,"_bbp_reply_count":0,"_bbp_total_topic_count":0,"_bbp_total_reply_count":0,"_bbp_voice_count":0,"_bbp_anonymous_reply_count":0,"_bbp_topic_count_hidden":0,"_bbp_reply_count_hidden":0,"_bbp_forum_subforum_count":0,"site-sidebar-layout":"default","site-content-layout":"","ast-site-content-layout":"","site-content-style":"default","site-sidebar-style":"default","ast-global-header-display":"","ast-banner-title-visibility":"","ast-main-header-display":"","ast-hfb-above-header-display":"","ast-hfb-below-header-display":"","ast-hfb-mobile-header-display":"","site-post-title":"","ast-breadcrumbs-content":"","ast-featured-img":"","footer-sml-layout":"","theme-transparent-header-meta":"","adv-header-id-meta":"","stick-header-meta":"","header-above-stick-meta":"","header-main-stick-meta":"","header-below-stick-meta":"","astra-migrate-meta-layouts":"default","ast-page-background-enabled":"default","ast-page-background-meta":{"desktop":{"background-color":"var(--ast-global-color-4)","background-image":"","background-repeat":"repeat","background-position":"center center","background-size":"auto","background-attachment":"scroll","background-type":"","background-media":"","overlay-type":"","overlay-color":"","overlay-opacity":"","overlay-gradient":""},"tablet":{"background-color":"","background-image":"","background-repeat":"repeat","background-position":"center center","background-size":"auto","background-attachment":"scroll","background-type":"","background-media":"","overlay-type":"","overlay-color":"","overlay-opacity":"","overlay-gradient":""},"mobile":{"background-color":"","background-image":"","background-repeat":"repeat","background-position":"center center","background-size":"auto","background-attachment":"scroll","background-type":"","background-media":"","overlay-type":"","overlay-color":"","overlay-opacity":"","overlay-gradient":""}},"ast-content-background-meta":{"desktop":{"background-color":"var(--ast-global-color-5)","background-image":"","background-repeat":"repeat","background-position":"center center","background-size":"auto","background-attachment":"scroll","background-type":"","background-media":"","overlay-type":"","overlay-color":"","overlay-opacity":"","overlay-gradient":""},"tablet":{"background-color":"var(--ast-global-color-5)","background-image":"","background-repeat":"repeat","background-position":"center center","background-size":"auto","background-attachment":"scroll","background-type":"","background-media":"","overlay-type":"","overlay-color":"","overlay-opacity":"","overlay-gradient":""},"mobile":{"background-color":"var(--ast-global-color-5)","background-image":"","background-repeat":"repeat","background-position":"center center","background-size":"auto","background-attachment":"scroll","background-type":"","background-media":"","overlay-type":"","overlay-color":"","overlay-opacity":"","overlay-gradient":""}},"footnotes":""},"categories":[87,44,37,1,3,8,9,2,4,40],"tags":[],"class_list":["post-8937","post","type-post","status-publish","format-standard","has-post-thumbnail","hentry","category-ambients-daprenentatge","category-articles-importants","category-escola-2","category-general","category-i3","category-i4","category-i5","category-infantil","category-portada","category-ultimes-noticies-escola"],"post_mailing_queue_ids":[],"_links":{"self":[{"href":"https:\/\/agora.xtec.cat\/ceipmarcelidomingo-roquetes\/wp-json\/wp\/v2\/posts\/8937","targetHints":{"allow":["GET"]}}],"collection":[{"href":"https:\/\/agora.xtec.cat\/ceipmarcelidomingo-roquetes\/wp-json\/wp\/v2\/posts"}],"about":[{"href":"https:\/\/agora.xtec.cat\/ceipmarcelidomingo-roquetes\/wp-json\/wp\/v2\/types\/post"}],"author":[{"embeddable":true,"href":"https:\/\/agora.xtec.cat\/ceipmarcelidomingo-roquetes\/wp-json\/wp\/v2\/users\/1"}],"replies":[{"embeddable":true,"href":"https:\/\/agora.xtec.cat\/ceipmarcelidomingo-roquetes\/wp-json\/wp\/v2\/comments?post=8937"}],"version-history":[{"count":2,"href":"https:\/\/agora.xtec.cat\/ceipmarcelidomingo-roquetes\/wp-json\/wp\/v2\/posts\/8937\/revisions"}],"predecessor-version":[{"id":8944,"href":"https:\/\/agora.xtec.cat\/ceipmarcelidomingo-roquetes\/wp-json\/wp\/v2\/posts\/8937\/revisions\/8944"}],"wp:featuredmedia":[{"embeddable":true,"href":"https:\/\/agora.xtec.cat\/ceipmarcelidomingo-roquetes\/wp-json\/wp\/v2\/media\/8940"}],"wp:attachment":[{"href":"https:\/\/agora.xtec.cat\/ceipmarcelidomingo-roquetes\/wp-json\/wp\/v2\/media?parent=8937"}],"wp:term":[{"taxonomy":"category","embeddable":true,"href":"https:\/\/agora.xtec.cat\/ceipmarcelidomingo-roquetes\/wp-json\/wp\/v2\/categories?post=8937"},{"taxonomy":"post_tag","embeddable":true,"href":"https:\/\/agora.xtec.cat\/ceipmarcelidomingo-roquetes\/wp-json\/wp\/v2\/tags?post=8937"}],"curies":[{"name":"wp","href":"https:\/\/api.w.org\/{rel}","templated":true}]}}