{"id":8435,"date":"2024-10-07T12:55:12","date_gmt":"2024-10-07T10:55:12","guid":{"rendered":"https:\/\/agora.xtec.cat\/ceipmarcelidomingo-roquetes\/?p=8435"},"modified":"2024-10-07T12:55:12","modified_gmt":"2024-10-07T10:55:12","slug":"cursa-lo-carrilet-kids","status":"publish","type":"post","link":"https:\/\/agora.xtec.cat\/ceipmarcelidomingo-roquetes\/portada\/general\/cursa-lo-carrilet-kids\/","title":{"rendered":"CURSA LO CARRILET KIDS"},"content":{"rendered":"<p style=\"font-weight: 400\">El diumenge 20 d\u2019octubre de 2024 el Consell Esportiu del Baix Ebre organitza, amb el suport t\u00e8cnic de l\u2019entitat Lo Carrilet, \u00a0el segon cros de la temporada 2024\/2025 dels Jocs Esportius Escolars del Baix Ebre, ser\u00e0 a Tortosa, al Parc Municipal, CURSA LO CARRILET KIDS -CROS JEEE-.<\/p>\n<p style=\"font-weight: 400\">Les categories i dist\u00e0ncies convocades s\u00f3n les seg\u00fcents i amb aquest ordre de sortida (a partir de les 12.30 hores):<\/p>\n<ul>\n<li style=\"font-weight: 400\">\u00a0INFANTILS (2011-2012): 1.609 m<\/li>\n<li style=\"font-weight: 400\">\u00a0ALEVINS (2013-2014): 1.000 m<\/li>\n<li style=\"font-weight: 400\">\u00a0BENJAMINS (2015-2016): 650 m<\/li>\n<li style=\"font-weight: 400\">\u00a0PREBENJAMINS (2017-2018): 350 m<\/li>\n<li style=\"font-weight: 400\">\u00a0PATUFETS 1 (2019-2020): 100 m<\/li>\n<li style=\"font-weight: 400\">\u00a0PATUFETS 2 (2021): 100 m<\/li>\n<\/ul>\n<p style=\"font-weight: 400\">Hora d&#8217;inici: 12:30 h.<a href=\"https:\/\/agora.xtec.cat\/ceipmarcelidomingo-roquetes\/wp-content\/uploads\/usu961\/2024\/10\/Cursa-del-Carrilet.jpg\"><img loading=\"lazy\" decoding=\"async\" class=\"alignnone size-large wp-image-8436\" src=\"https:\/\/agora.xtec.cat\/ceipmarcelidomingo-roquetes\/wp-content\/uploads\/usu961\/2024\/10\/Cursa-del-Carrilet-738x1024.jpg\" alt=\"\" width=\"738\" height=\"1024\" srcset=\"https:\/\/agora.xtec.cat\/ceipmarcelidomingo-roquetes\/wp-content\/uploads\/usu961\/2024\/10\/Cursa-del-Carrilet-738x1024.jpg 738w, https:\/\/agora.xtec.cat\/ceipmarcelidomingo-roquetes\/wp-content\/uploads\/usu961\/2024\/10\/Cursa-del-Carrilet-216x300.jpg 216w, https:\/\/agora.xtec.cat\/ceipmarcelidomingo-roquetes\/wp-content\/uploads\/usu961\/2024\/10\/Cursa-del-Carrilet-768x1066.jpg 768w, https:\/\/agora.xtec.cat\/ceipmarcelidomingo-roquetes\/wp-content\/uploads\/usu961\/2024\/10\/Cursa-del-Carrilet.jpg 922w\" sizes=\"auto, (max-width: 738px) 100vw, 738px\" \/><\/a><\/p>\n<p style=\"font-weight: 400\"><strong>Cada participant ha de fer la seva pr\u00f2pia inscripci\u00f3<\/strong> al web que hi ha al final de l&#8217;article i el dia de la cursa heu d&#8217;estar una hora abans que comenci la cursa.<\/p>\n<p style=\"font-weight: 400\">Hi haur\u00e0 una asseguran\u00e7a gratu\u00efta per aquells esportistes que encara no tinguin tramitada la fitxa d\u2019esportista a trav\u00e9s del seu respectiu consell esportiu.<\/p>\n<p style=\"font-weight: 400\">La cursa formar\u00e0 part del\u00a0<strong>projecte INFADIMED<\/strong>, el qual t\u00e9 com a objectiu fomentar la dieta mediterr\u00e0nia saludable i inculcar des de petits h\u00e0bits de vida actius i una alimentaci\u00f3 equilibrada.<\/p>\n<p style=\"font-weight: 400\"><strong>OBSEQUIS PER A TOTS ELS PARTICIPANTS:<\/strong><\/p>\n<ul>\n<li style=\"font-weight: 400\">\u00a0Beguda<\/li>\n<li style=\"font-weight: 400\">\u00a0Medalla commemorativa per a tots els participants<\/li>\n<li style=\"font-weight: 400\">\u00a0Fruita (Florette)<\/li>\n<li style=\"font-weight: 400\">\u00a0Ph-Quirogel<\/li>\n<li style=\"font-weight: 400\">\u00a0Premi per als 3 primers de cada categoria i al millor equip per categoria i sexe.<\/li>\n<\/ul>\n<p style=\"font-weight: 400\">Les inscripcions, que s\u00f3n gratu\u00eftes, poden fer-se fins a les 14.00 hores del divendres18 d\u2019octubre a:<\/p>\n<p style=\"font-weight: 400\"><a href=\"https:\/\/docs.google.com\/forms\/d\/e\/1FAIpQLScwR1d7x4oBBjWIlA4_Q6ecyfD3xBEmOlAoUzwZDfhzHzMnYQ\/viewform\" data-saferedirecturl=\"https:\/\/www.google.com\/url?q=https:\/\/docs.google.com\/forms\/d\/e\/1FAIpQLScwR1d7x4oBBjWIlA4_Q6ecyfD3xBEmOlAoUzwZDfhzHzMnYQ\/viewform&amp;source=gmail&amp;ust=1728384040502000&amp;usg=AOvVaw2FDVPeeP8nYl-2dsv1cJkc\">https:\/\/docs.google.com\/forms\/d\/e\/1FAIpQLScwR1d7x4oBBjWIlA4_Q6ecyfD3xBEmOlAoUzwZDfhzHzMnYQ\/viewform<\/a><\/p>\n","protected":false},"excerpt":{"rendered":"<p>El diumenge 20 d\u2019octubre de 2024 el Consell Esportiu del Baix Ebre organitza, amb el suport t\u00e8cnic de l\u2019entitat Lo Carrilet, \u00a0el segon cros de la temporada 2024\/2025 dels Jocs Esportius Escolars del Baix Ebre, ser\u00e0 a Tortosa, al Parc Municipal, CURSA LO CARRILET KIDS -CROS JEEE-. Les categories i dist\u00e0ncies convocades s\u00f3n les seg\u00fcents [&hellip;]<\/p>\n","protected":false},"author":13,"featured_media":8436,"comment_status":"open","ping_status":"closed","sticky":false,"template":"","format":"standard","meta":{"_bbp_topic_count":0,"_bbp_reply_count":0,"_bbp_total_topic_count":0,"_bbp_total_reply_count":0,"_bbp_voice_count":0,"_bbp_anonymous_reply_count":0,"_bbp_topic_count_hidden":0,"_bbp_reply_count_hidden":0,"_bbp_forum_subforum_count":0,"site-sidebar-layout":"default","site-content-layout":"","ast-site-content-layout":"","site-content-style":"default","site-sidebar-style":"default","ast-global-header-display":"","ast-banner-title-visibility":"","ast-main-header-display":"","ast-hfb-above-header-display":"","ast-hfb-below-header-display":"","ast-hfb-mobile-header-display":"","site-post-title":"","ast-breadcrumbs-content":"","ast-featured-img":"","footer-sml-layout":"","theme-transparent-header-meta":"","adv-header-id-meta":"","stick-header-meta":"","header-above-stick-meta":"","header-main-stick-meta":"","header-below-stick-meta":"","astra-migrate-meta-layouts":"default","ast-page-background-enabled":"default","ast-page-background-meta":{"desktop":{"background-color":"var(--ast-global-color-4)","background-image":"","background-repeat":"repeat","background-position":"center center","background-size":"auto","background-attachment":"scroll","background-type":"","background-media":"","overlay-type":"","overlay-color":"","overlay-opacity":"","overlay-gradient":""},"tablet":{"background-color":"","background-image":"","background-repeat":"repeat","background-position":"center center","background-size":"auto","background-attachment":"scroll","background-type":"","background-media":"","overlay-type":"","overlay-color":"","overlay-opacity":"","overlay-gradient":""},"mobile":{"background-color":"","background-image":"","background-repeat":"repeat","background-position":"center center","background-size":"auto","background-attachment":"scroll","background-type":"","background-media":"","overlay-type":"","overlay-color":"","overlay-opacity":"","overlay-gradient":""}},"ast-content-background-meta":{"desktop":{"background-color":"var(--ast-global-color-5)","background-image":"","background-repeat":"repeat","background-position":"center center","background-size":"auto","background-attachment":"scroll","background-type":"","background-media":"","overlay-type":"","overlay-color":"","overlay-opacity":"","overlay-gradient":""},"tablet":{"background-color":"var(--ast-global-color-5)","background-image":"","background-repeat":"repeat","background-position":"center center","background-size":"auto","background-attachment":"scroll","background-type":"","background-media":"","overlay-type":"","overlay-color":"","overlay-opacity":"","overlay-gradient":""},"mobile":{"background-color":"var(--ast-global-color-5)","background-image":"","background-repeat":"repeat","background-position":"center center","background-size":"auto","background-attachment":"scroll","background-type":"","background-media":"","overlay-type":"","overlay-color":"","overlay-opacity":"","overlay-gradient":""}},"footnotes":""},"categories":[44,97,37,1,4,40],"tags":[],"class_list":["post-8435","post","type-post","status-publish","format-standard","has-post-thumbnail","hentry","category-articles-importants","category-educacio-fisica","category-escola-2","category-general","category-portada","category-ultimes-noticies-escola"],"post_mailing_queue_ids":[],"_links":{"self":[{"href":"https:\/\/agora.xtec.cat\/ceipmarcelidomingo-roquetes\/wp-json\/wp\/v2\/posts\/8435","targetHints":{"allow":["GET"]}}],"collection":[{"href":"https:\/\/agora.xtec.cat\/ceipmarcelidomingo-roquetes\/wp-json\/wp\/v2\/posts"}],"about":[{"href":"https:\/\/agora.xtec.cat\/ceipmarcelidomingo-roquetes\/wp-json\/wp\/v2\/types\/post"}],"author":[{"embeddable":true,"href":"https:\/\/agora.xtec.cat\/ceipmarcelidomingo-roquetes\/wp-json\/wp\/v2\/users\/13"}],"replies":[{"embeddable":true,"href":"https:\/\/agora.xtec.cat\/ceipmarcelidomingo-roquetes\/wp-json\/wp\/v2\/comments?post=8435"}],"version-history":[{"count":3,"href":"https:\/\/agora.xtec.cat\/ceipmarcelidomingo-roquetes\/wp-json\/wp\/v2\/posts\/8435\/revisions"}],"predecessor-version":[{"id":9324,"href":"https:\/\/agora.xtec.cat\/ceipmarcelidomingo-roquetes\/wp-json\/wp\/v2\/posts\/8435\/revisions\/9324"}],"wp:featuredmedia":[{"embeddable":true,"href":"https:\/\/agora.xtec.cat\/ceipmarcelidomingo-roquetes\/wp-json\/wp\/v2\/media\/8436"}],"wp:attachment":[{"href":"https:\/\/agora.xtec.cat\/ceipmarcelidomingo-roquetes\/wp-json\/wp\/v2\/media?parent=8435"}],"wp:term":[{"taxonomy":"category","embeddable":true,"href":"https:\/\/agora.xtec.cat\/ceipmarcelidomingo-roquetes\/wp-json\/wp\/v2\/categories?post=8435"},{"taxonomy":"post_tag","embeddable":true,"href":"https:\/\/agora.xtec.cat\/ceipmarcelidomingo-roquetes\/wp-json\/wp\/v2\/tags?post=8435"}],"curies":[{"name":"wp","href":"https:\/\/api.w.org\/{rel}","templated":true}]}}