{"id":7994,"date":"2024-03-04T18:19:31","date_gmt":"2024-03-04T17:19:31","guid":{"rendered":"https:\/\/agora.xtec.cat\/ceipmarcelidomingo-roquetes\/?p=7994"},"modified":"2024-03-04T18:19:31","modified_gmt":"2024-03-04T17:19:31","slug":"programa-de-consum-de-fruita-i-hortalisses-2","status":"publish","type":"post","link":"https:\/\/agora.xtec.cat\/ceipmarcelidomingo-roquetes\/portada\/general\/programa-de-consum-de-fruita-i-hortalisses-2\/","title":{"rendered":"PROGRAMA DE CONSUM DE FRUITA I HORTALISSES"},"content":{"rendered":"<p style=\"font-weight: 400; text-align: center;\">Aquesta setmana iniciem el<a href=\"https:\/\/agricultura.gencat.cat\/ca\/ambits\/alimentacio\/promocio-agroalimentaria\/fruita-llet-escoles\/fruita-escoles\/\" data-saferedirecturl=\"https:\/\/www.google.com\/url?q=https:\/\/agricultura.gencat.cat\/ca\/ambits\/alimentacio\/promocio-agroalimentaria\/fruita-llet-escoles\/fruita-escoles\/&amp;source=gmail&amp;ust=1709657711522000&amp;usg=AOvVaw1BSKArn-zEYM9k7_Cl0YCp\">\u00a0programa de consum de fruita i hortalisses.<\/a><\/p>\n<p style=\"font-weight: 400; text-align: center;\">Aquest programa \u00e9s una iniciativa de la Uni\u00f3 Europea amb l&#8217;acci\u00f3 conjunta dels departaments d&#8217;Acci\u00f3 Clim\u00e0tica, Salut i Ensenyament.<\/p>\n<p style=\"font-weight: 400; text-align: center;\">La iniciativa consisteix en distribuir gratu\u00eftament fruita i verdura fresca a les escoles per consumir durant l\u2019esmorzar i\/o berenar. Per tant, podran menjar fruita per esmorzar a l\u2019hora de l\u2019esbarjo.<\/p>\n<p style=\"text-align: center;\">L\u2019objectiu principal d\u2019aquest programa \u00e9s augmentar el consum de fruita di\u00e0ria i tenir una dieta sana i equilibrada.<\/p>\n<p><a href=\"https:\/\/agora.xtec.cat\/ceipmarcelidomingo-roquetes\/wp-content\/uploads\/usu961\/2024\/03\/af-fruites_cartell_A3_page-0001-scaled.jpg\"><img loading=\"lazy\" decoding=\"async\" class=\"wp-image-7995 aligncenter\" src=\"https:\/\/agora.xtec.cat\/ceipmarcelidomingo-roquetes\/wp-content\/uploads\/usu961\/2024\/03\/af-fruites_cartell_A3_page-0001-scaled.jpg\" alt=\"\" width=\"372\" height=\"519\" srcset=\"https:\/\/agora.xtec.cat\/ceipmarcelidomingo-roquetes\/wp-content\/uploads\/usu961\/2024\/03\/af-fruites_cartell_A3_page-0001-scaled.jpg 1836w, https:\/\/agora.xtec.cat\/ceipmarcelidomingo-roquetes\/wp-content\/uploads\/usu961\/2024\/03\/af-fruites_cartell_A3_page-0001-215x300.jpg 215w, https:\/\/agora.xtec.cat\/ceipmarcelidomingo-roquetes\/wp-content\/uploads\/usu961\/2024\/03\/af-fruites_cartell_A3_page-0001-735x1024.jpg 735w, https:\/\/agora.xtec.cat\/ceipmarcelidomingo-roquetes\/wp-content\/uploads\/usu961\/2024\/03\/af-fruites_cartell_A3_page-0001-768x1071.jpg 768w, https:\/\/agora.xtec.cat\/ceipmarcelidomingo-roquetes\/wp-content\/uploads\/usu961\/2024\/03\/af-fruites_cartell_A3_page-0001-1102x1536.jpg 1102w, https:\/\/agora.xtec.cat\/ceipmarcelidomingo-roquetes\/wp-content\/uploads\/usu961\/2024\/03\/af-fruites_cartell_A3_page-0001-1469x2048.jpg 1469w\" sizes=\"auto, (max-width: 372px) 100vw, 372px\" \/><\/a> <a href=\"https:\/\/agora.xtec.cat\/ceipmarcelidomingo-roquetes\/wp-content\/uploads\/usu961\/2024\/03\/af-fruites_triptic_page-0001.jpg\"><img loading=\"lazy\" decoding=\"async\" class=\"wp-image-7996 aligncenter\" src=\"https:\/\/agora.xtec.cat\/ceipmarcelidomingo-roquetes\/wp-content\/uploads\/usu961\/2024\/03\/af-fruites_triptic_page-0001.jpg\" alt=\"\" width=\"899\" height=\"648\" srcset=\"https:\/\/agora.xtec.cat\/ceipmarcelidomingo-roquetes\/wp-content\/uploads\/usu961\/2024\/03\/af-fruites_triptic_page-0001.jpg 1842w, https:\/\/agora.xtec.cat\/ceipmarcelidomingo-roquetes\/wp-content\/uploads\/usu961\/2024\/03\/af-fruites_triptic_page-0001-300x216.jpg 300w, https:\/\/agora.xtec.cat\/ceipmarcelidomingo-roquetes\/wp-content\/uploads\/usu961\/2024\/03\/af-fruites_triptic_page-0001-1024x738.jpg 1024w, https:\/\/agora.xtec.cat\/ceipmarcelidomingo-roquetes\/wp-content\/uploads\/usu961\/2024\/03\/af-fruites_triptic_page-0001-768x554.jpg 768w, https:\/\/agora.xtec.cat\/ceipmarcelidomingo-roquetes\/wp-content\/uploads\/usu961\/2024\/03\/af-fruites_triptic_page-0001-1536x1107.jpg 1536w\" sizes=\"auto, (max-width: 899px) 100vw, 899px\" \/><\/a> <a href=\"https:\/\/agora.xtec.cat\/ceipmarcelidomingo-roquetes\/wp-content\/uploads\/usu961\/2024\/03\/af-fruites_triptic_page-0002.jpg\"><img loading=\"lazy\" decoding=\"async\" class=\"wp-image-7997 aligncenter\" src=\"https:\/\/agora.xtec.cat\/ceipmarcelidomingo-roquetes\/wp-content\/uploads\/usu961\/2024\/03\/af-fruites_triptic_page-0002.jpg\" alt=\"\" width=\"919\" height=\"662\" srcset=\"https:\/\/agora.xtec.cat\/ceipmarcelidomingo-roquetes\/wp-content\/uploads\/usu961\/2024\/03\/af-fruites_triptic_page-0002.jpg 1842w, https:\/\/agora.xtec.cat\/ceipmarcelidomingo-roquetes\/wp-content\/uploads\/usu961\/2024\/03\/af-fruites_triptic_page-0002-300x216.jpg 300w, https:\/\/agora.xtec.cat\/ceipmarcelidomingo-roquetes\/wp-content\/uploads\/usu961\/2024\/03\/af-fruites_triptic_page-0002-1024x738.jpg 1024w, https:\/\/agora.xtec.cat\/ceipmarcelidomingo-roquetes\/wp-content\/uploads\/usu961\/2024\/03\/af-fruites_triptic_page-0002-768x554.jpg 768w, https:\/\/agora.xtec.cat\/ceipmarcelidomingo-roquetes\/wp-content\/uploads\/usu961\/2024\/03\/af-fruites_triptic_page-0002-1536x1107.jpg 1536w\" sizes=\"auto, (max-width: 919px) 100vw, 919px\" \/><\/a><\/p>\n<p>&nbsp;<\/p>\n","protected":false},"excerpt":{"rendered":"<p>Programa de consum de fruita i hortalisses a les escoles<\/p>\n","protected":false},"author":1,"featured_media":7995,"comment_status":"open","ping_status":"closed","sticky":false,"template":"","format":"standard","meta":{"_bbp_topic_count":0,"_bbp_reply_count":0,"_bbp_total_topic_count":0,"_bbp_total_reply_count":0,"_bbp_voice_count":0,"_bbp_anonymous_reply_count":0,"_bbp_topic_count_hidden":0,"_bbp_reply_count_hidden":0,"_bbp_forum_subforum_count":0,"site-sidebar-layout":"default","site-content-layout":"","ast-site-content-layout":"","site-content-style":"default","site-sidebar-style":"default","ast-global-header-display":"","ast-banner-title-visibility":"","ast-main-header-display":"","ast-hfb-above-header-display":"","ast-hfb-below-header-display":"","ast-hfb-mobile-header-display":"","site-post-title":"","ast-breadcrumbs-content":"","ast-featured-img":"","footer-sml-layout":"","theme-transparent-header-meta":"","adv-header-id-meta":"","stick-header-meta":"","header-above-stick-meta":"","header-main-stick-meta":"","header-below-stick-meta":"","astra-migrate-meta-layouts":"default","ast-page-background-enabled":"default","ast-page-background-meta":{"desktop":{"background-color":"var(--ast-global-color-4)","background-image":"","background-repeat":"repeat","background-position":"center center","background-size":"auto","background-attachment":"scroll","background-type":"","background-media":"","overlay-type":"","overlay-color":"","overlay-opacity":"","overlay-gradient":""},"tablet":{"background-color":"","background-image":"","background-repeat":"repeat","background-position":"center center","background-size":"auto","background-attachment":"scroll","background-type":"","background-media":"","overlay-type":"","overlay-color":"","overlay-opacity":"","overlay-gradient":""},"mobile":{"background-color":"","background-image":"","background-repeat":"repeat","background-position":"center center","background-size":"auto","background-attachment":"scroll","background-type":"","background-media":"","overlay-type":"","overlay-color":"","overlay-opacity":"","overlay-gradient":""}},"ast-content-background-meta":{"desktop":{"background-color":"var(--ast-global-color-5)","background-image":"","background-repeat":"repeat","background-position":"center center","background-size":"auto","background-attachment":"scroll","background-type":"","background-media":"","overlay-type":"","overlay-color":"","overlay-opacity":"","overlay-gradient":""},"tablet":{"background-color":"var(--ast-global-color-5)","background-image":"","background-repeat":"repeat","background-position":"center center","background-size":"auto","background-attachment":"scroll","background-type":"","background-media":"","overlay-type":"","overlay-color":"","overlay-opacity":"","overlay-gradient":""},"mobile":{"background-color":"var(--ast-global-color-5)","background-image":"","background-repeat":"repeat","background-position":"center center","background-size":"auto","background-attachment":"scroll","background-type":"","background-media":"","overlay-type":"","overlay-color":"","overlay-opacity":"","overlay-gradient":""}},"footnotes":""},"categories":[44,37,73,84,1,4,40],"tags":[],"class_list":["post-7994","post","type-post","status-publish","format-standard","has-post-thumbnail","hentry","category-articles-importants","category-escola-2","category-escola-verda","category-pla-de-consum-fruites-verdures-hortalisses-i-llet","category-general","category-portada","category-ultimes-noticies-escola"],"post_mailing_queue_ids":[],"_links":{"self":[{"href":"https:\/\/agora.xtec.cat\/ceipmarcelidomingo-roquetes\/wp-json\/wp\/v2\/posts\/7994","targetHints":{"allow":["GET"]}}],"collection":[{"href":"https:\/\/agora.xtec.cat\/ceipmarcelidomingo-roquetes\/wp-json\/wp\/v2\/posts"}],"about":[{"href":"https:\/\/agora.xtec.cat\/ceipmarcelidomingo-roquetes\/wp-json\/wp\/v2\/types\/post"}],"author":[{"embeddable":true,"href":"https:\/\/agora.xtec.cat\/ceipmarcelidomingo-roquetes\/wp-json\/wp\/v2\/users\/1"}],"replies":[{"embeddable":true,"href":"https:\/\/agora.xtec.cat\/ceipmarcelidomingo-roquetes\/wp-json\/wp\/v2\/comments?post=7994"}],"version-history":[{"count":1,"href":"https:\/\/agora.xtec.cat\/ceipmarcelidomingo-roquetes\/wp-json\/wp\/v2\/posts\/7994\/revisions"}],"predecessor-version":[{"id":7998,"href":"https:\/\/agora.xtec.cat\/ceipmarcelidomingo-roquetes\/wp-json\/wp\/v2\/posts\/7994\/revisions\/7998"}],"wp:featuredmedia":[{"embeddable":true,"href":"https:\/\/agora.xtec.cat\/ceipmarcelidomingo-roquetes\/wp-json\/wp\/v2\/media\/7995"}],"wp:attachment":[{"href":"https:\/\/agora.xtec.cat\/ceipmarcelidomingo-roquetes\/wp-json\/wp\/v2\/media?parent=7994"}],"wp:term":[{"taxonomy":"category","embeddable":true,"href":"https:\/\/agora.xtec.cat\/ceipmarcelidomingo-roquetes\/wp-json\/wp\/v2\/categories?post=7994"},{"taxonomy":"post_tag","embeddable":true,"href":"https:\/\/agora.xtec.cat\/ceipmarcelidomingo-roquetes\/wp-json\/wp\/v2\/tags?post=7994"}],"curies":[{"name":"wp","href":"https:\/\/api.w.org\/{rel}","templated":true}]}}