{"id":5672,"date":"2022-03-01T18:23:42","date_gmt":"2022-03-01T17:23:42","guid":{"rendered":"https:\/\/agora.xtec.cat\/ceipmarcelidomingo-roquetes\/?p=5672"},"modified":"2022-03-29T17:25:51","modified_gmt":"2022-03-29T15:25:51","slug":"informacio-preinscripcio-22-23","status":"publish","type":"post","link":"https:\/\/agora.xtec.cat\/ceipmarcelidomingo-roquetes\/portada\/general\/informacio-preinscripcio-22-23\/","title":{"rendered":"INFORMACI\u00d3 PREINSCRIPCI\u00d3 22-23"},"content":{"rendered":"<p><a href=\"https:\/\/drive.google.com\/file\/d\/1E7ayCGPftAjhktv3k4fSFuLmZ9zOae0X\/view?usp=sharing\"><img loading=\"lazy\" decoding=\"async\" class=\"aligncenter wp-image-5676\" src=\"https:\/\/agora.xtec.cat\/ceipmarcelidomingo-roquetes\/wp-content\/uploads\/usu961\/2022\/03\/Triptic-Preinscripcio-2022-1-300x232.jpg\" alt=\"\" width=\"332\" height=\"257\" srcset=\"https:\/\/agora.xtec.cat\/ceipmarcelidomingo-roquetes\/wp-content\/uploads\/usu961\/2022\/03\/Triptic-Preinscripcio-2022-1-300x232.jpg 300w, https:\/\/agora.xtec.cat\/ceipmarcelidomingo-roquetes\/wp-content\/uploads\/usu961\/2022\/03\/Triptic-Preinscripcio-2022-1-1024x791.jpg 1024w, https:\/\/agora.xtec.cat\/ceipmarcelidomingo-roquetes\/wp-content\/uploads\/usu961\/2022\/03\/Triptic-Preinscripcio-2022-1-768x593.jpg 768w, https:\/\/agora.xtec.cat\/ceipmarcelidomingo-roquetes\/wp-content\/uploads\/usu961\/2022\/03\/Triptic-Preinscripcio-2022-1-1536x1187.jpg 1536w, https:\/\/agora.xtec.cat\/ceipmarcelidomingo-roquetes\/wp-content\/uploads\/usu961\/2022\/03\/Triptic-Preinscripcio-2022-1.jpg 2000w\" sizes=\"auto, (max-width: 332px) 100vw, 332px\" \/><\/a><\/p>\n<p><a href=\"https:\/\/drive.google.com\/file\/d\/1CMNK7p6cMTwWdeh2irc4A7w9I28M3PjI\/view?usp=sharing\"><img loading=\"lazy\" decoding=\"async\" class=\"aligncenter wp-image-5677\" src=\"https:\/\/agora.xtec.cat\/ceipmarcelidomingo-roquetes\/wp-content\/uploads\/usu961\/2022\/03\/Triptic-Preinscripcio-2022-300x232.jpg\" alt=\"\" width=\"335\" height=\"259\" srcset=\"https:\/\/agora.xtec.cat\/ceipmarcelidomingo-roquetes\/wp-content\/uploads\/usu961\/2022\/03\/Triptic-Preinscripcio-2022-300x232.jpg 300w, https:\/\/agora.xtec.cat\/ceipmarcelidomingo-roquetes\/wp-content\/uploads\/usu961\/2022\/03\/Triptic-Preinscripcio-2022-1024x791.jpg 1024w, https:\/\/agora.xtec.cat\/ceipmarcelidomingo-roquetes\/wp-content\/uploads\/usu961\/2022\/03\/Triptic-Preinscripcio-2022-768x593.jpg 768w, https:\/\/agora.xtec.cat\/ceipmarcelidomingo-roquetes\/wp-content\/uploads\/usu961\/2022\/03\/Triptic-Preinscripcio-2022-1536x1187.jpg 1536w, https:\/\/agora.xtec.cat\/ceipmarcelidomingo-roquetes\/wp-content\/uploads\/usu961\/2022\/03\/Triptic-Preinscripcio-2022.jpg 2000w\" sizes=\"auto, (max-width: 335px) 100vw, 335px\" \/><\/a><\/p>\n<p style=\"text-align: center;\">Cliqueu damunt dels tr\u00edptic per poder visualitzar-los.<\/p>\n<p style=\"text-align: center;\"><strong>Informaci\u00f3 a tenir en compte:<\/strong><\/p>\n<p style=\"text-align: center;\">El codi del centre \u00e9s 43002831.<\/p>\n<p style=\"text-align: center;\">El sol\u00b7licitant de la preinscripci\u00f3 ha de ser el nom de l\u2019alumne\/a.<\/p>\n<p style=\"text-align: center;\">Cal tenir els documents digitalitzats abans d\u2019iniciar la preinscripci\u00f3.<\/p>\n<p style=\"text-align: center;\">Per consultar l\u2019oferta de places a l\u2019escola p\u00fablica podeu consultar el seg\u00fcent\u00a0<a href=\"http:\/\/mapaescolar.gencat.cat\/\">enlla\u00e7<\/a><\/p>\n<p style=\"text-align: center;\"><a href=\"https:\/\/preinscripcio.gencat.cat\/web\/.content\/ajuda\/guia-preinscripcio.pdf\">Guia per a la preinscripci\u00f3 en l\u00ednia i matr\u00edcula del curs 2022-2023<\/a><\/p>\n<p style=\"text-align: center;\"><a href=\"https:\/\/preinscripcio.gencat.cat\/ca\/estudis\/infantil-3-6\/preinscriute\/sollicitud\/\">Acc\u00e9s a la sol\u00b7licitud de preinscripci\u00f3<\/a><\/p>\n<p style=\"text-align: center;\">V\u00eddeos explicatius que us poden ajudar:<\/p>\n<p style=\"text-align: center;\"><a href=\"https:\/\/www.youtube.com\/watch?v=5DvAVUSNLCQ\">\u2013 Com has de fer la preinscripci\u00f3 escolar en l\u00ednia?<\/a><\/p>\n<p style=\"text-align: center;\">\u2013\u00a0<a href=\"https:\/\/www.youtube.com\/watch?v=NF__CTwHy3Y\">Com pots digitalitzar documents per als tr\u00e0mits en l\u00ednia?<\/a><\/p>\n<p style=\"text-align: center;\">&#8211; <a href=\"https:\/\/www.youtube.com\/watch?v=0kztL1IQD4c\">Com emplenar la sol\u00b7licitud de preinscripci\u00f3 escolar 2022?<\/a><\/p>\n<p style=\"text-align: center;\">Per qualsevol dubte o aclariment ens podeu trucar al tel\u00e8fon de l\u2019escola (<strong>977 50 11 39<\/strong>) o enviar-nos un correu electr\u00f2nic a\u00a0<strong>canalfamilies@escolaroquetes.cat<\/strong><\/p>\n","protected":false},"excerpt":{"rendered":"<p>Informaci\u00f3 preinscripci\u00f3 22-23<\/p>\n","protected":false},"author":1,"featured_media":5676,"comment_status":"open","ping_status":"closed","sticky":false,"template":"","format":"standard","meta":{"_bbp_topic_count":0,"_bbp_reply_count":0,"_bbp_total_topic_count":0,"_bbp_total_reply_count":0,"_bbp_voice_count":0,"_bbp_anonymous_reply_count":0,"_bbp_topic_count_hidden":0,"_bbp_reply_count_hidden":0,"_bbp_forum_subforum_count":0,"site-sidebar-layout":"default","site-content-layout":"","ast-site-content-layout":"","site-content-style":"default","site-sidebar-style":"default","ast-global-header-display":"","ast-banner-title-visibility":"","ast-main-header-display":"","ast-hfb-above-header-display":"","ast-hfb-below-header-display":"","ast-hfb-mobile-header-display":"","site-post-title":"","ast-breadcrumbs-content":"","ast-featured-img":"","footer-sml-layout":"","theme-transparent-header-meta":"","adv-header-id-meta":"","stick-header-meta":"","header-above-stick-meta":"","header-main-stick-meta":"","header-below-stick-meta":"","astra-migrate-meta-layouts":"default","ast-page-background-enabled":"default","ast-page-background-meta":{"desktop":{"background-color":"var(--ast-global-color-4)","background-image":"","background-repeat":"repeat","background-position":"center center","background-size":"auto","background-attachment":"scroll","background-type":"","background-media":"","overlay-type":"","overlay-color":"","overlay-opacity":"","overlay-gradient":""},"tablet":{"background-color":"","background-image":"","background-repeat":"repeat","background-position":"center center","background-size":"auto","background-attachment":"scroll","background-type":"","background-media":"","overlay-type":"","overlay-color":"","overlay-opacity":"","overlay-gradient":""},"mobile":{"background-color":"","background-image":"","background-repeat":"repeat","background-position":"center center","background-size":"auto","background-attachment":"scroll","background-type":"","background-media":"","overlay-type":"","overlay-color":"","overlay-opacity":"","overlay-gradient":""}},"ast-content-background-meta":{"desktop":{"background-color":"var(--ast-global-color-5)","background-image":"","background-repeat":"repeat","background-position":"center center","background-size":"auto","background-attachment":"scroll","background-type":"","background-media":"","overlay-type":"","overlay-color":"","overlay-opacity":"","overlay-gradient":""},"tablet":{"background-color":"var(--ast-global-color-5)","background-image":"","background-repeat":"repeat","background-position":"center center","background-size":"auto","background-attachment":"scroll","background-type":"","background-media":"","overlay-type":"","overlay-color":"","overlay-opacity":"","overlay-gradient":""},"mobile":{"background-color":"var(--ast-global-color-5)","background-image":"","background-repeat":"repeat","background-position":"center center","background-size":"auto","background-attachment":"scroll","background-type":"","background-media":"","overlay-type":"","overlay-color":"","overlay-opacity":"","overlay-gradient":""}},"footnotes":""},"categories":[44,37,1,4,40],"tags":[],"class_list":["post-5672","post","type-post","status-publish","format-standard","has-post-thumbnail","hentry","category-articles-importants","category-escola-2","category-general","category-portada","category-ultimes-noticies-escola"],"post_mailing_queue_ids":[],"_links":{"self":[{"href":"https:\/\/agora.xtec.cat\/ceipmarcelidomingo-roquetes\/wp-json\/wp\/v2\/posts\/5672","targetHints":{"allow":["GET"]}}],"collection":[{"href":"https:\/\/agora.xtec.cat\/ceipmarcelidomingo-roquetes\/wp-json\/wp\/v2\/posts"}],"about":[{"href":"https:\/\/agora.xtec.cat\/ceipmarcelidomingo-roquetes\/wp-json\/wp\/v2\/types\/post"}],"author":[{"embeddable":true,"href":"https:\/\/agora.xtec.cat\/ceipmarcelidomingo-roquetes\/wp-json\/wp\/v2\/users\/1"}],"replies":[{"embeddable":true,"href":"https:\/\/agora.xtec.cat\/ceipmarcelidomingo-roquetes\/wp-json\/wp\/v2\/comments?post=5672"}],"version-history":[{"count":3,"href":"https:\/\/agora.xtec.cat\/ceipmarcelidomingo-roquetes\/wp-json\/wp\/v2\/posts\/5672\/revisions"}],"predecessor-version":[{"id":5679,"href":"https:\/\/agora.xtec.cat\/ceipmarcelidomingo-roquetes\/wp-json\/wp\/v2\/posts\/5672\/revisions\/5679"}],"wp:featuredmedia":[{"embeddable":true,"href":"https:\/\/agora.xtec.cat\/ceipmarcelidomingo-roquetes\/wp-json\/wp\/v2\/media\/5676"}],"wp:attachment":[{"href":"https:\/\/agora.xtec.cat\/ceipmarcelidomingo-roquetes\/wp-json\/wp\/v2\/media?parent=5672"}],"wp:term":[{"taxonomy":"category","embeddable":true,"href":"https:\/\/agora.xtec.cat\/ceipmarcelidomingo-roquetes\/wp-json\/wp\/v2\/categories?post=5672"},{"taxonomy":"post_tag","embeddable":true,"href":"https:\/\/agora.xtec.cat\/ceipmarcelidomingo-roquetes\/wp-json\/wp\/v2\/tags?post=5672"}],"curies":[{"name":"wp","href":"https:\/\/api.w.org\/{rel}","templated":true}]}}