{"id":5502,"date":"2022-01-20T10:59:37","date_gmt":"2022-01-20T09:59:37","guid":{"rendered":"https:\/\/agora.xtec.cat\/ceipmarcelidomingo-roquetes\/?p=5502"},"modified":"2022-01-20T10:59:37","modified_gmt":"2022-01-20T09:59:37","slug":"taller-telematic-parlem-de-pantalles","status":"publish","type":"post","link":"https:\/\/agora.xtec.cat\/ceipmarcelidomingo-roquetes\/portada\/general\/taller-telematic-parlem-de-pantalles\/","title":{"rendered":"TALLER TELEM\u00c0TIC &#8220;PARLEM DE PANTALLES&#8221;"},"content":{"rendered":"<div style=\"text-align: center;\">El proper dimarts 25 i dimecres 26 de gener realitzarem un taller telem\u00e0tic &#8220;Parlem de pantalles&#8221; amb la col\u00b7laboraci\u00f3 i la gesti\u00f3 de l&#8217;AFA.<\/div>\n<div><\/div>\n<div style=\"text-align: center;\">Aquests tallers seran en format telem\u00e0tic i es realitzaran de 19:00h a 21:00h.<\/div>\n<p>&nbsp;<\/p>\n<p><img loading=\"lazy\" decoding=\"async\" class=\"aligncenter wp-image-5503\" src=\"https:\/\/agora.xtec.cat\/ceipmarcelidomingo-roquetes\/wp-content\/uploads\/usu961\/2022\/01\/parlem-de-pantalles-212x300.jpg\" alt=\"\" width=\"313\" height=\"443\" srcset=\"https:\/\/agora.xtec.cat\/ceipmarcelidomingo-roquetes\/wp-content\/uploads\/usu961\/2022\/01\/parlem-de-pantalles-212x300.jpg 212w, https:\/\/agora.xtec.cat\/ceipmarcelidomingo-roquetes\/wp-content\/uploads\/usu961\/2022\/01\/parlem-de-pantalles-724x1024.jpg 724w, https:\/\/agora.xtec.cat\/ceipmarcelidomingo-roquetes\/wp-content\/uploads\/usu961\/2022\/01\/parlem-de-pantalles-768x1086.jpg 768w, https:\/\/agora.xtec.cat\/ceipmarcelidomingo-roquetes\/wp-content\/uploads\/usu961\/2022\/01\/parlem-de-pantalles-1086x1536.jpg 1086w, https:\/\/agora.xtec.cat\/ceipmarcelidomingo-roquetes\/wp-content\/uploads\/usu961\/2022\/01\/parlem-de-pantalles-1448x2048.jpg 1448w, https:\/\/agora.xtec.cat\/ceipmarcelidomingo-roquetes\/wp-content\/uploads\/usu961\/2022\/01\/parlem-de-pantalles.jpg 1587w\" sizes=\"auto, (max-width: 313px) 100vw, 313px\" \/><\/p>\n","protected":false},"excerpt":{"rendered":"<p>Taller telem\u00e0tic adre\u00e7at a les fam\u00edlies<\/p>\n","protected":false},"author":1,"featured_media":5503,"comment_status":"open","ping_status":"closed","sticky":false,"template":"","format":"standard","meta":{"_bbp_topic_count":0,"_bbp_reply_count":0,"_bbp_total_topic_count":0,"_bbp_total_reply_count":0,"_bbp_voice_count":0,"_bbp_anonymous_reply_count":0,"_bbp_topic_count_hidden":0,"_bbp_reply_count_hidden":0,"_bbp_forum_subforum_count":0,"site-sidebar-layout":"default","site-content-layout":"","ast-site-content-layout":"","site-content-style":"default","site-sidebar-style":"default","ast-global-header-display":"","ast-banner-title-visibility":"","ast-main-header-display":"","ast-hfb-above-header-display":"","ast-hfb-below-header-display":"","ast-hfb-mobile-header-display":"","site-post-title":"","ast-breadcrumbs-content":"","ast-featured-img":"","footer-sml-layout":"","theme-transparent-header-meta":"","adv-header-id-meta":"","stick-header-meta":"","header-above-stick-meta":"","header-main-stick-meta":"","header-below-stick-meta":"","astra-migrate-meta-layouts":"default","ast-page-background-enabled":"default","ast-page-background-meta":{"desktop":{"background-color":"var(--ast-global-color-4)","background-image":"","background-repeat":"repeat","background-position":"center center","background-size":"auto","background-attachment":"scroll","background-type":"","background-media":"","overlay-type":"","overlay-color":"","overlay-opacity":"","overlay-gradient":""},"tablet":{"background-color":"","background-image":"","background-repeat":"repeat","background-position":"center center","background-size":"auto","background-attachment":"scroll","background-type":"","background-media":"","overlay-type":"","overlay-color":"","overlay-opacity":"","overlay-gradient":""},"mobile":{"background-color":"","background-image":"","background-repeat":"repeat","background-position":"center center","background-size":"auto","background-attachment":"scroll","background-type":"","background-media":"","overlay-type":"","overlay-color":"","overlay-opacity":"","overlay-gradient":""}},"ast-content-background-meta":{"desktop":{"background-color":"var(--ast-global-color-5)","background-image":"","background-repeat":"repeat","background-position":"center center","background-size":"auto","background-attachment":"scroll","background-type":"","background-media":"","overlay-type":"","overlay-color":"","overlay-opacity":"","overlay-gradient":""},"tablet":{"background-color":"var(--ast-global-color-5)","background-image":"","background-repeat":"repeat","background-position":"center center","background-size":"auto","background-attachment":"scroll","background-type":"","background-media":"","overlay-type":"","overlay-color":"","overlay-opacity":"","overlay-gradient":""},"mobile":{"background-color":"var(--ast-global-color-5)","background-image":"","background-repeat":"repeat","background-position":"center center","background-size":"auto","background-attachment":"scroll","background-type":"","background-media":"","overlay-type":"","overlay-color":"","overlay-opacity":"","overlay-gradient":""}},"footnotes":""},"categories":[44,37,1,4,83,40],"tags":[],"class_list":["post-5502","post","type-post","status-publish","format-standard","has-post-thumbnail","hentry","category-articles-importants","category-escola-2","category-general","category-portada","category-projectes-de-participacio-i-relacio","category-ultimes-noticies-escola"],"post_mailing_queue_ids":[],"_links":{"self":[{"href":"https:\/\/agora.xtec.cat\/ceipmarcelidomingo-roquetes\/wp-json\/wp\/v2\/posts\/5502","targetHints":{"allow":["GET"]}}],"collection":[{"href":"https:\/\/agora.xtec.cat\/ceipmarcelidomingo-roquetes\/wp-json\/wp\/v2\/posts"}],"about":[{"href":"https:\/\/agora.xtec.cat\/ceipmarcelidomingo-roquetes\/wp-json\/wp\/v2\/types\/post"}],"author":[{"embeddable":true,"href":"https:\/\/agora.xtec.cat\/ceipmarcelidomingo-roquetes\/wp-json\/wp\/v2\/users\/1"}],"replies":[{"embeddable":true,"href":"https:\/\/agora.xtec.cat\/ceipmarcelidomingo-roquetes\/wp-json\/wp\/v2\/comments?post=5502"}],"version-history":[{"count":1,"href":"https:\/\/agora.xtec.cat\/ceipmarcelidomingo-roquetes\/wp-json\/wp\/v2\/posts\/5502\/revisions"}],"predecessor-version":[{"id":5504,"href":"https:\/\/agora.xtec.cat\/ceipmarcelidomingo-roquetes\/wp-json\/wp\/v2\/posts\/5502\/revisions\/5504"}],"wp:featuredmedia":[{"embeddable":true,"href":"https:\/\/agora.xtec.cat\/ceipmarcelidomingo-roquetes\/wp-json\/wp\/v2\/media\/5503"}],"wp:attachment":[{"href":"https:\/\/agora.xtec.cat\/ceipmarcelidomingo-roquetes\/wp-json\/wp\/v2\/media?parent=5502"}],"wp:term":[{"taxonomy":"category","embeddable":true,"href":"https:\/\/agora.xtec.cat\/ceipmarcelidomingo-roquetes\/wp-json\/wp\/v2\/categories?post=5502"},{"taxonomy":"post_tag","embeddable":true,"href":"https:\/\/agora.xtec.cat\/ceipmarcelidomingo-roquetes\/wp-json\/wp\/v2\/tags?post=5502"}],"curies":[{"name":"wp","href":"https:\/\/api.w.org\/{rel}","templated":true}]}}