{"id":5069,"date":"2021-06-21T17:33:47","date_gmt":"2021-06-21T15:33:47","guid":{"rendered":"http:\/\/agora.xtec.cat\/ceipmarcelidomingo-roquetes\/?p=5069"},"modified":"2023-02-12T19:11:53","modified_gmt":"2023-02-12T18:11:53","slug":"treballem-lignasi-blanch","status":"publish","type":"post","link":"https:\/\/agora.xtec.cat\/ceipmarcelidomingo-roquetes\/portada\/general\/treballem-lignasi-blanch\/","title":{"rendered":"TREBALLEM L&#8217;IGNASI BLANCH"},"content":{"rendered":"<p><a href=\"https:\/\/agora.xtec.cat\/ceipmarcelidomingo-roquetes\/wp-content\/uploads\/usu961\/2021\/06\/IGNASI-BLANCH.png\"><img loading=\"lazy\" decoding=\"async\" class=\"wp-image-5070 aligncenter\" src=\"https:\/\/agora.xtec.cat\/ceipmarcelidomingo-roquetes\/wp-content\/uploads\/usu961\/2021\/06\/IGNASI-BLANCH.png\" alt=\"\" width=\"600\" height=\"338\" srcset=\"https:\/\/agora.xtec.cat\/ceipmarcelidomingo-roquetes\/wp-content\/uploads\/usu961\/2021\/06\/IGNASI-BLANCH.png 960w, https:\/\/agora.xtec.cat\/ceipmarcelidomingo-roquetes\/wp-content\/uploads\/usu961\/2021\/06\/IGNASI-BLANCH-300x169.png 300w, https:\/\/agora.xtec.cat\/ceipmarcelidomingo-roquetes\/wp-content\/uploads\/usu961\/2021\/06\/IGNASI-BLANCH-768x432.png 768w\" sizes=\"auto, (max-width: 600px) 100vw, 600px\" \/><\/a><\/p>\n<p style=\"text-align: justify;\">L&#8217;alumnat de 4t hem conegut i treballat l&#8217;obra art\u00edstica de l&#8217;il\u00b7lustrador roquetenc Ignasi Blanch a l&#8217;assignatura de Pl\u00e0stica. Hem visitat els seus murals de Roquetes, hem investigat les caracter\u00edstiques dels seus dibuixos a partir de molts llibres que ha il\u00b7lustrat, ens hem atrevit a copiar dibuixos seus i, fins i tot, ens hem imaginat com ens dibuixaria ell a cadascun de nosaltres i ens hem fet el nostre autoretrat.<\/p>\n<p style=\"text-align: justify;\">El dia que vam fer la sortida a Tortosa tamb\u00e9 vam poder admirar les seves escultures del Passeig de les cultures.<\/p>\n<p style=\"text-align: justify;\">Sens dubte, l&#8217;activitat que m\u00e9s ens ha emocionat i que tots est\u00e0vem esperant, ha estat la videoconfer\u00e8ncia que vam fer el passat dia 8 de Juny. L&#8217;Ignasi ens va atendre molt amablement i va contestar tot un seguit de preguntes que li hav\u00edem preparat.<\/p>\n<p style=\"text-align: center;\">Cliqueu a sobre de la presentaci\u00f3 seg\u00fcent i veureu tot el treball que hem fet.<\/p>\n<p><a href=\"https:\/\/view.genial.ly\/60c49b4685640d0dfac35155\/presentation-ignasi-blanch\"><img loading=\"lazy\" decoding=\"async\" class=\"aligncenter wp-image-5071\" src=\"https:\/\/agora.xtec.cat\/ceipmarcelidomingo-roquetes\/wp-content\/uploads\/usu961\/2021\/06\/portada-1024x576.png\" alt=\"\" width=\"600\" height=\"337\" srcset=\"https:\/\/agora.xtec.cat\/ceipmarcelidomingo-roquetes\/wp-content\/uploads\/usu961\/2021\/06\/portada-1024x576.png 1024w, https:\/\/agora.xtec.cat\/ceipmarcelidomingo-roquetes\/wp-content\/uploads\/usu961\/2021\/06\/portada-300x169.png 300w, https:\/\/agora.xtec.cat\/ceipmarcelidomingo-roquetes\/wp-content\/uploads\/usu961\/2021\/06\/portada-768x432.png 768w, https:\/\/agora.xtec.cat\/ceipmarcelidomingo-roquetes\/wp-content\/uploads\/usu961\/2021\/06\/portada.png 1277w\" sizes=\"auto, (max-width: 600px) 100vw, 600px\" \/><\/a><\/p>\n<h5 style=\"text-align: center;\"><strong>MOLT\u00cdSSIMES GR\u00c0CIES PER TOT EL QUE HEM APR\u00c8S AMB TU, IGNASI!!!!<\/strong><\/h5>\n","protected":false},"excerpt":{"rendered":"<p>L&#8217;alumnat de 4t hem conegut i treballat l&#8217;obra art\u00edstica de l&#8217;il\u00b7lustrador roquetenc Ignasi Blanch a l&#8217;assignatura de Pl\u00e0stica. Hem visitat els seus murals de Roquetes, hem investigat les caracter\u00edstiques dels seus dibuixos a partir de molts llibres que ha il\u00b7lustrat, ens hem atrevit a copiar dibuixos seus i, fins i tot, ens hem imaginat com ens dibuixaria ell a cadascun de nosaltres i ens hem fet el notre autoretrat.\u00a0<\/p>\n","protected":false},"author":8,"featured_media":5074,"comment_status":"open","ping_status":"closed","sticky":false,"template":"","format":"standard","meta":{"_bbp_topic_count":0,"_bbp_reply_count":0,"_bbp_total_topic_count":0,"_bbp_total_reply_count":0,"_bbp_voice_count":0,"_bbp_anonymous_reply_count":0,"_bbp_topic_count_hidden":0,"_bbp_reply_count_hidden":0,"_bbp_forum_subforum_count":0,"site-sidebar-layout":"default","site-content-layout":"","ast-site-content-layout":"","site-content-style":"default","site-sidebar-style":"default","ast-global-header-display":"","ast-banner-title-visibility":"","ast-main-header-display":"","ast-hfb-above-header-display":"","ast-hfb-below-header-display":"","ast-hfb-mobile-header-display":"","site-post-title":"","ast-breadcrumbs-content":"","ast-featured-img":"","footer-sml-layout":"","theme-transparent-header-meta":"","adv-header-id-meta":"","stick-header-meta":"","header-above-stick-meta":"","header-main-stick-meta":"","header-below-stick-meta":"","astra-migrate-meta-layouts":"default","ast-page-background-enabled":"default","ast-page-background-meta":{"desktop":{"background-color":"var(--ast-global-color-4)","background-image":"","background-repeat":"repeat","background-position":"center center","background-size":"auto","background-attachment":"scroll","background-type":"","background-media":"","overlay-type":"","overlay-color":"","overlay-opacity":"","overlay-gradient":""},"tablet":{"background-color":"","background-image":"","background-repeat":"repeat","background-position":"center center","background-size":"auto","background-attachment":"scroll","background-type":"","background-media":"","overlay-type":"","overlay-color":"","overlay-opacity":"","overlay-gradient":""},"mobile":{"background-color":"","background-image":"","background-repeat":"repeat","background-position":"center center","background-size":"auto","background-attachment":"scroll","background-type":"","background-media":"","overlay-type":"","overlay-color":"","overlay-opacity":"","overlay-gradient":""}},"ast-content-background-meta":{"desktop":{"background-color":"var(--ast-global-color-5)","background-image":"","background-repeat":"repeat","background-position":"center center","background-size":"auto","background-attachment":"scroll","background-type":"","background-media":"","overlay-type":"","overlay-color":"","overlay-opacity":"","overlay-gradient":""},"tablet":{"background-color":"var(--ast-global-color-5)","background-image":"","background-repeat":"repeat","background-position":"center center","background-size":"auto","background-attachment":"scroll","background-type":"","background-media":"","overlay-type":"","overlay-color":"","overlay-opacity":"","overlay-gradient":""},"mobile":{"background-color":"var(--ast-global-color-5)","background-image":"","background-repeat":"repeat","background-position":"center center","background-size":"auto","background-attachment":"scroll","background-type":"","background-media":"","overlay-type":"","overlay-color":"","overlay-opacity":"","overlay-gradient":""}},"footnotes":""},"categories":[13,37,1,4,5,108,40],"tags":[],"class_list":["post-5069","post","type-post","status-publish","format-standard","has-post-thumbnail","hentry","category-4t","category-escola-2","category-general","category-portada","category-primaria","category-programa-araart","category-ultimes-noticies-escola"],"post_mailing_queue_ids":[],"_links":{"self":[{"href":"https:\/\/agora.xtec.cat\/ceipmarcelidomingo-roquetes\/wp-json\/wp\/v2\/posts\/5069","targetHints":{"allow":["GET"]}}],"collection":[{"href":"https:\/\/agora.xtec.cat\/ceipmarcelidomingo-roquetes\/wp-json\/wp\/v2\/posts"}],"about":[{"href":"https:\/\/agora.xtec.cat\/ceipmarcelidomingo-roquetes\/wp-json\/wp\/v2\/types\/post"}],"author":[{"embeddable":true,"href":"https:\/\/agora.xtec.cat\/ceipmarcelidomingo-roquetes\/wp-json\/wp\/v2\/users\/8"}],"replies":[{"embeddable":true,"href":"https:\/\/agora.xtec.cat\/ceipmarcelidomingo-roquetes\/wp-json\/wp\/v2\/comments?post=5069"}],"version-history":[{"count":3,"href":"https:\/\/agora.xtec.cat\/ceipmarcelidomingo-roquetes\/wp-json\/wp\/v2\/posts\/5069\/revisions"}],"predecessor-version":[{"id":6876,"href":"https:\/\/agora.xtec.cat\/ceipmarcelidomingo-roquetes\/wp-json\/wp\/v2\/posts\/5069\/revisions\/6876"}],"wp:featuredmedia":[{"embeddable":true,"href":"https:\/\/agora.xtec.cat\/ceipmarcelidomingo-roquetes\/wp-json\/wp\/v2\/media\/5074"}],"wp:attachment":[{"href":"https:\/\/agora.xtec.cat\/ceipmarcelidomingo-roquetes\/wp-json\/wp\/v2\/media?parent=5069"}],"wp:term":[{"taxonomy":"category","embeddable":true,"href":"https:\/\/agora.xtec.cat\/ceipmarcelidomingo-roquetes\/wp-json\/wp\/v2\/categories?post=5069"},{"taxonomy":"post_tag","embeddable":true,"href":"https:\/\/agora.xtec.cat\/ceipmarcelidomingo-roquetes\/wp-json\/wp\/v2\/tags?post=5069"}],"curies":[{"name":"wp","href":"https:\/\/api.w.org\/{rel}","templated":true}]}}