{"id":4957,"date":"2021-05-27T08:03:11","date_gmt":"2021-05-27T06:03:11","guid":{"rendered":"http:\/\/agora.xtec.cat\/ceipmarcelidomingo-roquetes\/?p=4957"},"modified":"2023-02-12T19:16:57","modified_gmt":"2023-02-12T18:16:57","slug":"tallers-del-gepec-edc-a-cicle-mitja","status":"publish","type":"post","link":"https:\/\/agora.xtec.cat\/ceipmarcelidomingo-roquetes\/portada\/general\/tallers-del-gepec-edc-a-cicle-mitja\/","title":{"rendered":"TALLERS DEL GEPEC-EdC A CICLE MITJ\u00c0"},"content":{"rendered":"<p style=\"text-align: justify;\"><a href=\"https:\/\/agora.xtec.cat\/ceipmarcelidomingo-roquetes\/wp-content\/uploads\/usu961\/2021\/05\/TALLERS-DEL-GEPEC.png\"><img loading=\"lazy\" decoding=\"async\" class=\"wp-image-4959 aligncenter\" src=\"https:\/\/agora.xtec.cat\/ceipmarcelidomingo-roquetes\/wp-content\/uploads\/usu961\/2021\/05\/TALLERS-DEL-GEPEC-1024x576.png\" alt=\"\" width=\"600\" height=\"338\" srcset=\"https:\/\/agora.xtec.cat\/ceipmarcelidomingo-roquetes\/wp-content\/uploads\/usu961\/2021\/05\/TALLERS-DEL-GEPEC-1024x576.png 1024w, https:\/\/agora.xtec.cat\/ceipmarcelidomingo-roquetes\/wp-content\/uploads\/usu961\/2021\/05\/TALLERS-DEL-GEPEC-300x169.png 300w, https:\/\/agora.xtec.cat\/ceipmarcelidomingo-roquetes\/wp-content\/uploads\/usu961\/2021\/05\/TALLERS-DEL-GEPEC-768x432.png 768w, https:\/\/agora.xtec.cat\/ceipmarcelidomingo-roquetes\/wp-content\/uploads\/usu961\/2021\/05\/TALLERS-DEL-GEPEC.png 1280w\" sizes=\"auto, (max-width: 600px) 100vw, 600px\" \/><\/a><\/p>\n<p style=\"text-align: justify;\">L&#8217;alumnatde Cicle Mitj\u00e0 ha realitzat tallers relacionats directament amb el nostre entorn amb la Laura Queral, responsable de l&#8217;\u00e0rea d&#8217;Educaci\u00f3 i Activitats del GEPEC (Grup d&#8217;Estudi i Protecci\u00f3 dels ecosistemes catalans).<\/p>\n<p><a href=\"https:\/\/agora.xtec.cat\/ceipmarcelidomingo-roquetes\/wp-content\/uploads\/usu961\/2021\/05\/COLLAGE-3.jpg\"><img loading=\"lazy\" decoding=\"async\" class=\"wp-image-4964 aligncenter\" src=\"https:\/\/agora.xtec.cat\/ceipmarcelidomingo-roquetes\/wp-content\/uploads\/usu961\/2021\/05\/COLLAGE-3-788x1024.jpg\" alt=\"\" width=\"400\" height=\"520\" srcset=\"https:\/\/agora.xtec.cat\/ceipmarcelidomingo-roquetes\/wp-content\/uploads\/usu961\/2021\/05\/COLLAGE-3-788x1024.jpg 788w, https:\/\/agora.xtec.cat\/ceipmarcelidomingo-roquetes\/wp-content\/uploads\/usu961\/2021\/05\/COLLAGE-3-231x300.jpg 231w, https:\/\/agora.xtec.cat\/ceipmarcelidomingo-roquetes\/wp-content\/uploads\/usu961\/2021\/05\/COLLAGE-3-768x998.jpg 768w, https:\/\/agora.xtec.cat\/ceipmarcelidomingo-roquetes\/wp-content\/uploads\/usu961\/2021\/05\/COLLAGE-3.jpg 1575w\" sizes=\"auto, (max-width: 400px) 100vw, 400px\" \/><\/a><\/p>\n<p style=\"text-align: justify;\"><span style=\"font-family: inherit; font-size: 1em;\">Els alumnes de tercer han realitzat un taller a l&#8217;hort del GEPEC. Han visitat un espai on cuiden l\u2019entorn i mantenen el lloc de forma adequada per a qu\u00e8 els ocells, rats-penats, esquirols i altres animals que viuen en aquesta zona puguin gaudir d\u2019un lloc tranquil i en les millors condicions. <\/span><\/p>\n<p style=\"text-align: justify;\">Els hi han ensenyat un \u201chotel per insectes\u201d, han sembrat llavors d\u2019hortalisses, han preparat menjar per esquirols i han observat molts insectes que hi havia.<\/p>\n<p style=\"text-align: center;\">Els hi han mostrat el valor de protegir la natura, de sentir-se\u00a0 membres de la comunitat d\u2019\u00e9ssers vius del nostre entorn, i la import\u00e0ncia de les seves accions per ser protagonistes de la seva protecci\u00f3 o destrucci\u00f3.\u00a0<a href=\"https:\/\/agora.xtec.cat\/ceipmarcelidomingo-roquetes\/wp-content\/uploads\/usu961\/2021\/05\/collage-1.jpg\"><img loading=\"lazy\" decoding=\"async\" class=\"aligncenter wp-image-4961\" src=\"https:\/\/agora.xtec.cat\/ceipmarcelidomingo-roquetes\/wp-content\/uploads\/usu961\/2021\/05\/collage-1-1024x1024.jpg\" alt=\"\" width=\"600\" height=\"600\" srcset=\"https:\/\/agora.xtec.cat\/ceipmarcelidomingo-roquetes\/wp-content\/uploads\/usu961\/2021\/05\/collage-1-1024x1024.jpg 1024w, https:\/\/agora.xtec.cat\/ceipmarcelidomingo-roquetes\/wp-content\/uploads\/usu961\/2021\/05\/collage-1-150x150.jpg 150w, https:\/\/agora.xtec.cat\/ceipmarcelidomingo-roquetes\/wp-content\/uploads\/usu961\/2021\/05\/collage-1-300x300.jpg 300w, https:\/\/agora.xtec.cat\/ceipmarcelidomingo-roquetes\/wp-content\/uploads\/usu961\/2021\/05\/collage-1-768x768.jpg 768w, https:\/\/agora.xtec.cat\/ceipmarcelidomingo-roquetes\/wp-content\/uploads\/usu961\/2021\/05\/collage-1.jpg 2047w\" sizes=\"auto, (max-width: 600px) 100vw, 600px\" \/><\/a>Podeu veure les fotos\u00a0 clicant a sobre de cada curs.<\/p>\n<p style=\"text-align: center;\"><a href=\"https:\/\/photos.app.goo.gl\/CFKNvBidemJpNwz9A\">TERCER A\u00a0<\/a> \u00a0 \u00a0 \u00a0 \u00a0 \u00a0 \u00a0<a href=\"https:\/\/photos.app.goo.gl\/xacqQiTkYXFosMuaA\"> TERCER B<\/a><\/p>\n<p style=\"text-align: center;\"><a href=\"https:\/\/photos.app.goo.gl\/aVKJeHznx9ekAyb9A\">TERCER C<\/a>\u00a0 \u00a0 \u00a0 \u00a0 \u00a0 \u00a0 \u00a0 <a href=\"https:\/\/photos.app.goo.gl\/73E1L3gG177JzSPW6\">TERCER D<\/a><\/p>\n<p style=\"text-align: left;\">L&#8217;alumnat de 4t han realitzat un taller sobre oliveres en el marc del projecte: <strong>Oliveres vives, territori viu.\u00a0 <\/strong><\/p>\n<p style=\"text-align: justify;\">Les oliveres i el seu conreu han estat lligats a la nostra hist\u00f2ria i cultura mediterr\u00e0nia. Han esdevingut\u00a0 una font d&#8217;alimentaci\u00f3 important. Ara\u00a0 cal la nostra implicaci\u00f3 per protegir-les i preservar-les en el nostre territori. S\u00f3n un patrimoni natural important\u00edssim del qual en dep\u00e8n una gran diversitat de fauna i flora.<\/p>\n<p style=\"text-align: center;\">L&#8217;activitat que han realitzat els xiquets i xiquetes de 4t ha estat relacionada amb aquesta diversitat de fauna i flora. Han dibuixat a sobre d&#8217;una foto d&#8217;una olivera els animals i plantes que s&#8217;han imaginat i que han volgut relacionar.<a href=\"https:\/\/agora.xtec.cat\/ceipmarcelidomingo-roquetes\/wp-content\/uploads\/usu961\/2021\/05\/COLLAGE-2.jpg\"><img loading=\"lazy\" decoding=\"async\" class=\"wp-image-4963 aligncenter\" src=\"https:\/\/agora.xtec.cat\/ceipmarcelidomingo-roquetes\/wp-content\/uploads\/usu961\/2021\/05\/COLLAGE-2-1024x1024.jpg\" alt=\"\" width=\"600\" height=\"600\" srcset=\"https:\/\/agora.xtec.cat\/ceipmarcelidomingo-roquetes\/wp-content\/uploads\/usu961\/2021\/05\/COLLAGE-2-1024x1024.jpg 1024w, https:\/\/agora.xtec.cat\/ceipmarcelidomingo-roquetes\/wp-content\/uploads\/usu961\/2021\/05\/COLLAGE-2-150x150.jpg 150w, https:\/\/agora.xtec.cat\/ceipmarcelidomingo-roquetes\/wp-content\/uploads\/usu961\/2021\/05\/COLLAGE-2-300x300.jpg 300w, https:\/\/agora.xtec.cat\/ceipmarcelidomingo-roquetes\/wp-content\/uploads\/usu961\/2021\/05\/COLLAGE-2-768x768.jpg 768w, https:\/\/agora.xtec.cat\/ceipmarcelidomingo-roquetes\/wp-content\/uploads\/usu961\/2021\/05\/COLLAGE-2.jpg 2047w\" sizes=\"auto, (max-width: 600px) 100vw, 600px\" \/><\/a>Podeu veure les fotos\u00a0 clicant a sobre de cada curs.<\/p>\n<p style=\"text-align: center;\"><a href=\"https:\/\/photos.app.goo.gl\/BEWaH3LCsjRMmpj28\">QUART A<\/a>\u00a0 \u00a0 \u00a0 \u00a0 \u00a0 \u00a0 \u00a0 \u00a0 \u00a0 <a href=\"https:\/\/photos.app.goo.gl\/2HfCnmPwW47oF5xaA\">QUART B<\/a>\u00a0 \u00a0 \u00a0 \u00a0 \u00a0 \u00a0 \u00a0 \u00a0 <a href=\"https:\/\/photos.app.goo.gl\/yzYUmgDVvaykcssy7\">QUART C<\/a><\/p>\n<h3 style=\"text-align: center;\">MOLTES GR\u00c0CIES AL GEPEC.<\/h3>\n","protected":false},"excerpt":{"rendered":"<p>L&#8217;alumnat de Cicle Mitj\u00e0 ha realitzat tallers relacionats directament amb el nostre entorn amb la Laura Queral, responsable de l&#8217;\u00e0rea d&#8217;Educaci\u00f3 i Activitats del GEPEC (Grup d&#8217;Estudi i Protecci\u00f3 dels ecosistemes catalans).<\/p>\n","protected":false},"author":11,"featured_media":4978,"comment_status":"open","ping_status":"closed","sticky":false,"template":"","format":"standard","meta":{"_bbp_topic_count":0,"_bbp_reply_count":0,"_bbp_total_topic_count":0,"_bbp_total_reply_count":0,"_bbp_voice_count":0,"_bbp_anonymous_reply_count":0,"_bbp_topic_count_hidden":0,"_bbp_reply_count_hidden":0,"_bbp_forum_subforum_count":0,"site-sidebar-layout":"default","site-content-layout":"","ast-site-content-layout":"","site-content-style":"default","site-sidebar-style":"default","ast-global-header-display":"","ast-banner-title-visibility":"","ast-main-header-display":"","ast-hfb-above-header-display":"","ast-hfb-below-header-display":"","ast-hfb-mobile-header-display":"","site-post-title":"","ast-breadcrumbs-content":"","ast-featured-img":"","footer-sml-layout":"","theme-transparent-header-meta":"","adv-header-id-meta":"","stick-header-meta":"","header-above-stick-meta":"","header-main-stick-meta":"","header-below-stick-meta":"","astra-migrate-meta-layouts":"default","ast-page-background-enabled":"default","ast-page-background-meta":{"desktop":{"background-color":"var(--ast-global-color-4)","background-image":"","background-repeat":"repeat","background-position":"center center","background-size":"auto","background-attachment":"scroll","background-type":"","background-media":"","overlay-type":"","overlay-color":"","overlay-opacity":"","overlay-gradient":""},"tablet":{"background-color":"","background-image":"","background-repeat":"repeat","background-position":"center center","background-size":"auto","background-attachment":"scroll","background-type":"","background-media":"","overlay-type":"","overlay-color":"","overlay-opacity":"","overlay-gradient":""},"mobile":{"background-color":"","background-image":"","background-repeat":"repeat","background-position":"center center","background-size":"auto","background-attachment":"scroll","background-type":"","background-media":"","overlay-type":"","overlay-color":"","overlay-opacity":"","overlay-gradient":""}},"ast-content-background-meta":{"desktop":{"background-color":"var(--ast-global-color-5)","background-image":"","background-repeat":"repeat","background-position":"center center","background-size":"auto","background-attachment":"scroll","background-type":"","background-media":"","overlay-type":"","overlay-color":"","overlay-opacity":"","overlay-gradient":""},"tablet":{"background-color":"var(--ast-global-color-5)","background-image":"","background-repeat":"repeat","background-position":"center center","background-size":"auto","background-attachment":"scroll","background-type":"","background-media":"","overlay-type":"","overlay-color":"","overlay-opacity":"","overlay-gradient":""},"mobile":{"background-color":"var(--ast-global-color-5)","background-image":"","background-repeat":"repeat","background-position":"center center","background-size":"auto","background-attachment":"scroll","background-type":"","background-media":"","overlay-type":"","overlay-color":"","overlay-opacity":"","overlay-gradient":""}},"footnotes":""},"categories":[12,13,37,73,1,4,108],"tags":[],"class_list":["post-4957","post","type-post","status-publish","format-standard","has-post-thumbnail","hentry","category-3r","category-4t","category-escola-2","category-escola-verda","category-general","category-portada","category-programa-araart"],"post_mailing_queue_ids":[],"_links":{"self":[{"href":"https:\/\/agora.xtec.cat\/ceipmarcelidomingo-roquetes\/wp-json\/wp\/v2\/posts\/4957","targetHints":{"allow":["GET"]}}],"collection":[{"href":"https:\/\/agora.xtec.cat\/ceipmarcelidomingo-roquetes\/wp-json\/wp\/v2\/posts"}],"about":[{"href":"https:\/\/agora.xtec.cat\/ceipmarcelidomingo-roquetes\/wp-json\/wp\/v2\/types\/post"}],"author":[{"embeddable":true,"href":"https:\/\/agora.xtec.cat\/ceipmarcelidomingo-roquetes\/wp-json\/wp\/v2\/users\/11"}],"replies":[{"embeddable":true,"href":"https:\/\/agora.xtec.cat\/ceipmarcelidomingo-roquetes\/wp-json\/wp\/v2\/comments?post=4957"}],"version-history":[{"count":3,"href":"https:\/\/agora.xtec.cat\/ceipmarcelidomingo-roquetes\/wp-json\/wp\/v2\/posts\/4957\/revisions"}],"predecessor-version":[{"id":6878,"href":"https:\/\/agora.xtec.cat\/ceipmarcelidomingo-roquetes\/wp-json\/wp\/v2\/posts\/4957\/revisions\/6878"}],"wp:featuredmedia":[{"embeddable":true,"href":"https:\/\/agora.xtec.cat\/ceipmarcelidomingo-roquetes\/wp-json\/wp\/v2\/media\/4978"}],"wp:attachment":[{"href":"https:\/\/agora.xtec.cat\/ceipmarcelidomingo-roquetes\/wp-json\/wp\/v2\/media?parent=4957"}],"wp:term":[{"taxonomy":"category","embeddable":true,"href":"https:\/\/agora.xtec.cat\/ceipmarcelidomingo-roquetes\/wp-json\/wp\/v2\/categories?post=4957"},{"taxonomy":"post_tag","embeddable":true,"href":"https:\/\/agora.xtec.cat\/ceipmarcelidomingo-roquetes\/wp-json\/wp\/v2\/tags?post=4957"}],"curies":[{"name":"wp","href":"https:\/\/api.w.org\/{rel}","templated":true}]}}