{"id":4923,"date":"2021-05-17T21:50:04","date_gmt":"2021-05-17T19:50:04","guid":{"rendered":"http:\/\/agora.xtec.cat\/ceipmarcelidomingo-roquetes\/?p=4923"},"modified":"2021-05-17T21:50:04","modified_gmt":"2021-05-17T19:50:04","slug":"dia-mundial-del-reciclatge","status":"publish","type":"post","link":"https:\/\/agora.xtec.cat\/ceipmarcelidomingo-roquetes\/portada\/general\/dia-mundial-del-reciclatge\/","title":{"rendered":"DIA MUNDIAL DEL RECICLATGE"},"content":{"rendered":"<p><a href=\"https:\/\/agora.xtec.cat\/ceipmarcelidomingo-roquetes\/wp-content\/uploads\/usu961\/2021\/05\/Climate-Change-by-Slidesgo.png\"><img loading=\"lazy\" decoding=\"async\" class=\"wp-image-4924 aligncenter\" src=\"https:\/\/agora.xtec.cat\/ceipmarcelidomingo-roquetes\/wp-content\/uploads\/usu961\/2021\/05\/Climate-Change-by-Slidesgo.png\" alt=\"\" width=\"600\" height=\"338\" srcset=\"https:\/\/agora.xtec.cat\/ceipmarcelidomingo-roquetes\/wp-content\/uploads\/usu961\/2021\/05\/Climate-Change-by-Slidesgo.png 960w, https:\/\/agora.xtec.cat\/ceipmarcelidomingo-roquetes\/wp-content\/uploads\/usu961\/2021\/05\/Climate-Change-by-Slidesgo-300x169.png 300w, https:\/\/agora.xtec.cat\/ceipmarcelidomingo-roquetes\/wp-content\/uploads\/usu961\/2021\/05\/Climate-Change-by-Slidesgo-768x432.png 768w\" sizes=\"auto, (max-width: 600px) 100vw, 600px\" \/><\/a><\/p>\n<p style=\"text-align: justify\">El 17 de maig se celebra el Dia mundial del reciclatge, esdeveniment que ens convida a la reflexi\u00f3 entorn dels residus.<\/p>\n<p style=\"text-align: justify\">Amb el reciclatge contribu\u00efm a la millora del medi ambient, evitant l\u2019acumulaci\u00f3 de residus i allargant la vida \u00fatil dels materials. Estalviem recursos naturals, mat\u00e8ries primeres i energia, i redu\u00efm les emissions de CO<sub>2<\/sub> que agreugen al canvi clim\u00e0tic.<\/p>\n<p style=\"text-align: justify\">Reciclar correctament els residus que generem \u00e9s molt important, per\u00f2 encara ho \u00e9s m\u00e9s mirar d&#8217;evitar-los i, en el cas de generar-ne, reutilitzar.<\/p>\n<p style=\"text-align: justify\">L&#8217;alumnat de 6\u00e8 ha preparat un v\u00eddeo on hi trobareu diferents actuacions que han dut a terme al llarg del curs amb materials reciclats. Han aprofitat tamb\u00e9 per explicar-vos aspectes relacionats amb el reciclatge a la nostra escola. Cliqueu a sobre de la seg\u00fcent imatge per veure el seu v\u00eddeo.<\/p>\n<p><a href=\"https:\/\/drive.google.com\/file\/d\/1JbCnrpxuPiSRUidgEMitt7Ddhas8pLcJ\/view?usp=sharing\"><img loading=\"lazy\" decoding=\"async\" class=\"wp-image-4925 aligncenter\" src=\"https:\/\/agora.xtec.cat\/ceipmarcelidomingo-roquetes\/wp-content\/uploads\/usu961\/2021\/05\/residu.png\" alt=\"\" width=\"400\" height=\"434\" srcset=\"https:\/\/agora.xtec.cat\/ceipmarcelidomingo-roquetes\/wp-content\/uploads\/usu961\/2021\/05\/residu.png 708w, https:\/\/agora.xtec.cat\/ceipmarcelidomingo-roquetes\/wp-content\/uploads\/usu961\/2021\/05\/residu-276x300.png 276w\" sizes=\"auto, (max-width: 400px) 100vw, 400px\" \/><\/a><\/p>\n<p style=\"text-align: center\">Si teniu dubtes d&#8217;on van alguns residus podeu entrar a la seg\u00fcent adre\u00e7a:<\/p>\n<p><a href=\"https:\/\/www.residuonvas.cat\/\"><img loading=\"lazy\" decoding=\"async\" class=\"aligncenter wp-image-4929\" src=\"https:\/\/agora.xtec.cat\/ceipmarcelidomingo-roquetes\/wp-content\/uploads\/usu961\/2021\/05\/on-vas.png\" alt=\"\" width=\"400\" height=\"101\" srcset=\"https:\/\/agora.xtec.cat\/ceipmarcelidomingo-roquetes\/wp-content\/uploads\/usu961\/2021\/05\/on-vas.png 827w, https:\/\/agora.xtec.cat\/ceipmarcelidomingo-roquetes\/wp-content\/uploads\/usu961\/2021\/05\/on-vas-300x76.png 300w, https:\/\/agora.xtec.cat\/ceipmarcelidomingo-roquetes\/wp-content\/uploads\/usu961\/2021\/05\/on-vas-768x194.png 768w\" sizes=\"auto, (max-width: 400px) 100vw, 400px\" \/><\/a><\/p>\n<h4 style=\"text-align: center\"><strong>I recordeu, el millor residu \u00e9s aquell que no es genera!!!<\/strong><\/h4>\n","protected":false},"excerpt":{"rendered":"<p>El 17 de maig se celebra el Dia mundial del reciclatge, esdeveniment que ens convida a la reflexi\u00f3 entorn dels residus.\u00a0<\/p>\n","protected":false},"author":11,"featured_media":4924,"comment_status":"open","ping_status":"closed","sticky":false,"template":"","format":"standard","meta":{"_bbp_topic_count":0,"_bbp_reply_count":0,"_bbp_total_topic_count":0,"_bbp_total_reply_count":0,"_bbp_voice_count":0,"_bbp_anonymous_reply_count":0,"_bbp_topic_count_hidden":0,"_bbp_reply_count_hidden":0,"_bbp_forum_subforum_count":0,"site-sidebar-layout":"default","site-content-layout":"","ast-site-content-layout":"","site-content-style":"default","site-sidebar-style":"default","ast-global-header-display":"","ast-banner-title-visibility":"","ast-main-header-display":"","ast-hfb-above-header-display":"","ast-hfb-below-header-display":"","ast-hfb-mobile-header-display":"","site-post-title":"","ast-breadcrumbs-content":"","ast-featured-img":"","footer-sml-layout":"","theme-transparent-header-meta":"","adv-header-id-meta":"","stick-header-meta":"","header-above-stick-meta":"","header-main-stick-meta":"","header-below-stick-meta":"","astra-migrate-meta-layouts":"default","ast-page-background-enabled":"default","ast-page-background-meta":{"desktop":{"background-color":"var(--ast-global-color-4)","background-image":"","background-repeat":"repeat","background-position":"center center","background-size":"auto","background-attachment":"scroll","background-type":"","background-media":"","overlay-type":"","overlay-color":"","overlay-opacity":"","overlay-gradient":""},"tablet":{"background-color":"","background-image":"","background-repeat":"repeat","background-position":"center center","background-size":"auto","background-attachment":"scroll","background-type":"","background-media":"","overlay-type":"","overlay-color":"","overlay-opacity":"","overlay-gradient":""},"mobile":{"background-color":"","background-image":"","background-repeat":"repeat","background-position":"center center","background-size":"auto","background-attachment":"scroll","background-type":"","background-media":"","overlay-type":"","overlay-color":"","overlay-opacity":"","overlay-gradient":""}},"ast-content-background-meta":{"desktop":{"background-color":"var(--ast-global-color-5)","background-image":"","background-repeat":"repeat","background-position":"center center","background-size":"auto","background-attachment":"scroll","background-type":"","background-media":"","overlay-type":"","overlay-color":"","overlay-opacity":"","overlay-gradient":""},"tablet":{"background-color":"var(--ast-global-color-5)","background-image":"","background-repeat":"repeat","background-position":"center center","background-size":"auto","background-attachment":"scroll","background-type":"","background-media":"","overlay-type":"","overlay-color":"","overlay-opacity":"","overlay-gradient":""},"mobile":{"background-color":"var(--ast-global-color-5)","background-image":"","background-repeat":"repeat","background-position":"center center","background-size":"auto","background-attachment":"scroll","background-type":"","background-media":"","overlay-type":"","overlay-color":"","overlay-opacity":"","overlay-gradient":""}},"footnotes":""},"categories":[15,37,73,1,4,5],"tags":[],"class_list":["post-4923","post","type-post","status-publish","format-standard","has-post-thumbnail","hentry","category-6e","category-escola-2","category-escola-verda","category-general","category-portada","category-primaria"],"post_mailing_queue_ids":[],"_links":{"self":[{"href":"https:\/\/agora.xtec.cat\/ceipmarcelidomingo-roquetes\/wp-json\/wp\/v2\/posts\/4923","targetHints":{"allow":["GET"]}}],"collection":[{"href":"https:\/\/agora.xtec.cat\/ceipmarcelidomingo-roquetes\/wp-json\/wp\/v2\/posts"}],"about":[{"href":"https:\/\/agora.xtec.cat\/ceipmarcelidomingo-roquetes\/wp-json\/wp\/v2\/types\/post"}],"author":[{"embeddable":true,"href":"https:\/\/agora.xtec.cat\/ceipmarcelidomingo-roquetes\/wp-json\/wp\/v2\/users\/11"}],"replies":[{"embeddable":true,"href":"https:\/\/agora.xtec.cat\/ceipmarcelidomingo-roquetes\/wp-json\/wp\/v2\/comments?post=4923"}],"version-history":[{"count":3,"href":"https:\/\/agora.xtec.cat\/ceipmarcelidomingo-roquetes\/wp-json\/wp\/v2\/posts\/4923\/revisions"}],"predecessor-version":[{"id":4933,"href":"https:\/\/agora.xtec.cat\/ceipmarcelidomingo-roquetes\/wp-json\/wp\/v2\/posts\/4923\/revisions\/4933"}],"wp:featuredmedia":[{"embeddable":true,"href":"https:\/\/agora.xtec.cat\/ceipmarcelidomingo-roquetes\/wp-json\/wp\/v2\/media\/4924"}],"wp:attachment":[{"href":"https:\/\/agora.xtec.cat\/ceipmarcelidomingo-roquetes\/wp-json\/wp\/v2\/media?parent=4923"}],"wp:term":[{"taxonomy":"category","embeddable":true,"href":"https:\/\/agora.xtec.cat\/ceipmarcelidomingo-roquetes\/wp-json\/wp\/v2\/categories?post=4923"},{"taxonomy":"post_tag","embeddable":true,"href":"https:\/\/agora.xtec.cat\/ceipmarcelidomingo-roquetes\/wp-json\/wp\/v2\/tags?post=4923"}],"curies":[{"name":"wp","href":"https:\/\/api.w.org\/{rel}","templated":true}]}}