{"id":4519,"date":"2021-02-20T18:18:06","date_gmt":"2021-02-20T17:18:06","guid":{"rendered":"http:\/\/agora.xtec.cat\/ceipmarcelidomingo-roquetes\/?p=4519"},"modified":"2021-02-20T18:18:06","modified_gmt":"2021-02-20T17:18:06","slug":"posem-en-marxa-lhort-escolar","status":"publish","type":"post","link":"https:\/\/agora.xtec.cat\/ceipmarcelidomingo-roquetes\/portada\/general\/posem-en-marxa-lhort-escolar\/","title":{"rendered":"POSEM EN MARXA L&#8217;HORT ESCOLAR!"},"content":{"rendered":"<p><a href=\"https:\/\/agora.xtec.cat\/ceipmarcelidomingo-roquetes\/wp-content\/uploads\/usu961\/2021\/02\/hort-escolar.png\"><img loading=\"lazy\" decoding=\"async\" class=\"wp-image-4531 aligncenter\" src=\"https:\/\/agora.xtec.cat\/ceipmarcelidomingo-roquetes\/wp-content\/uploads\/usu961\/2021\/02\/hort-escolar-1024x576.png\" alt=\"\" width=\"600\" height=\"338\" srcset=\"https:\/\/agora.xtec.cat\/ceipmarcelidomingo-roquetes\/wp-content\/uploads\/usu961\/2021\/02\/hort-escolar-1024x576.png 1024w, https:\/\/agora.xtec.cat\/ceipmarcelidomingo-roquetes\/wp-content\/uploads\/usu961\/2021\/02\/hort-escolar-300x169.png 300w, https:\/\/agora.xtec.cat\/ceipmarcelidomingo-roquetes\/wp-content\/uploads\/usu961\/2021\/02\/hort-escolar-768x432.png 768w, https:\/\/agora.xtec.cat\/ceipmarcelidomingo-roquetes\/wp-content\/uploads\/usu961\/2021\/02\/hort-escolar.png 1280w\" sizes=\"auto, (max-width: 600px) 100vw, 600px\" \/><\/a><\/p>\n<p style=\"text-align: justify\"><span style=\"font-weight: 400\">Aquest any, l\u2019alumnat de cinqu\u00e8 ha posat en funcionament l&#8217;hort escolar mitjan\u00e7ant les capses d\u2019aprenentatge en l\u2019\u00e0rea d\u2019angl\u00e8s amb l\u2019objectiu de millorar la compet\u00e8ncia ling\u00fc\u00edstica i treballar transversalment amb altres \u00e0mbits del curr\u00edculum. L\u2019\u00fas de la llengua anglesa \u00e9s el repte i alhora novetat d&#8217;aquest nou enfocament del treball de l&#8217;hort.<\/span><\/p>\n<p><span style=\"font-weight: 400\">L&#8217;Aaron i la Nara ens expliquen com han comen\u00e7at aquest treball enguany. Cliqueu a sobre de la imatge per sentir-los.<\/span><\/p>\n<p><a href=\"https:\/\/drive.google.com\/file\/d\/13zFirnFGWdBErQVxOTP0QUuR1EEW_4sJ\/view?usp=sharing\"><img loading=\"lazy\" decoding=\"async\" class=\"aligncenter wp-image-4522\" src=\"https:\/\/agora.xtec.cat\/ceipmarcelidomingo-roquetes\/wp-content\/uploads\/usu961\/2021\/02\/5A-ECO-Su\u00e1rez-Castillo-Aaron-COLLAGE-1-768x1024.jpg\" alt=\"\" width=\"250\" height=\"333\" srcset=\"https:\/\/agora.xtec.cat\/ceipmarcelidomingo-roquetes\/wp-content\/uploads\/usu961\/2021\/02\/5A-ECO-Su\u00e1rez-Castillo-Aaron-COLLAGE-1-768x1024.jpg 768w, https:\/\/agora.xtec.cat\/ceipmarcelidomingo-roquetes\/wp-content\/uploads\/usu961\/2021\/02\/5A-ECO-Su\u00e1rez-Castillo-Aaron-COLLAGE-1-225x300.jpg 225w, https:\/\/agora.xtec.cat\/ceipmarcelidomingo-roquetes\/wp-content\/uploads\/usu961\/2021\/02\/5A-ECO-Su\u00e1rez-Castillo-Aaron-COLLAGE-1.jpg 1535w\" sizes=\"auto, (max-width: 250px) 100vw, 250px\" \/><\/a><\/p>\n<p style=\"text-align: justify\">El primer repte que han hagut de superar ha estat aprendre el nom en angl\u00e8s de les eines que han d&#8217;utilitzar per treballar a l&#8217;hort .<\/p>\n<p><a href=\"https:\/\/agora.xtec.cat\/ceipmarcelidomingo-roquetes\/wp-content\/uploads\/usu961\/2021\/02\/Diapositiva1-1.png\"><img loading=\"lazy\" decoding=\"async\" class=\"aligncenter wp-image-4527\" src=\"https:\/\/agora.xtec.cat\/ceipmarcelidomingo-roquetes\/wp-content\/uploads\/usu961\/2021\/02\/Diapositiva1-1-1024x576.png\" alt=\"\" width=\"600\" height=\"338\" srcset=\"https:\/\/agora.xtec.cat\/ceipmarcelidomingo-roquetes\/wp-content\/uploads\/usu961\/2021\/02\/Diapositiva1-1-1024x576.png 1024w, https:\/\/agora.xtec.cat\/ceipmarcelidomingo-roquetes\/wp-content\/uploads\/usu961\/2021\/02\/Diapositiva1-1-300x169.png 300w, https:\/\/agora.xtec.cat\/ceipmarcelidomingo-roquetes\/wp-content\/uploads\/usu961\/2021\/02\/Diapositiva1-1-768x432.png 768w, https:\/\/agora.xtec.cat\/ceipmarcelidomingo-roquetes\/wp-content\/uploads\/usu961\/2021\/02\/Diapositiva1-1.png 1280w\" sizes=\"auto, (max-width: 600px) 100vw, 600px\" \/><\/a><\/p>\n<p>En comen\u00e7ar el segon repte han rebut una carta del borinot Billy que els hi ha demanat ajuda per ordenar els passos per poder plantar llavors.<\/p>\n<p><a href=\"https:\/\/agora.xtec.cat\/ceipmarcelidomingo-roquetes\/wp-content\/uploads\/usu961\/2021\/02\/Diapositiva2.png\"><img loading=\"lazy\" decoding=\"async\" class=\"wp-image-4528 aligncenter\" src=\"https:\/\/agora.xtec.cat\/ceipmarcelidomingo-roquetes\/wp-content\/uploads\/usu961\/2021\/02\/Diapositiva2-1024x576.png\" alt=\"\" width=\"600\" height=\"338\" srcset=\"https:\/\/agora.xtec.cat\/ceipmarcelidomingo-roquetes\/wp-content\/uploads\/usu961\/2021\/02\/Diapositiva2-1024x576.png 1024w, https:\/\/agora.xtec.cat\/ceipmarcelidomingo-roquetes\/wp-content\/uploads\/usu961\/2021\/02\/Diapositiva2-300x169.png 300w, https:\/\/agora.xtec.cat\/ceipmarcelidomingo-roquetes\/wp-content\/uploads\/usu961\/2021\/02\/Diapositiva2-768x432.png 768w, https:\/\/agora.xtec.cat\/ceipmarcelidomingo-roquetes\/wp-content\/uploads\/usu961\/2021\/02\/Diapositiva2.png 1280w\" sizes=\"auto, (max-width: 600px) 100vw, 600px\" \/><\/a><\/p>\n<p>&nbsp;<\/p>\n<p style=\"text-align: center\">Cliqueu a sota per veure el treball que han fet a classe:<\/p>\n<p style=\"text-align: center\"><a href=\"https:\/\/drive.google.com\/file\/d\/1FLgsOVXFBInuf-l0Iw-fDS4MlRRIrabC\/view?usp=sharing\">LECTURA DE LA CARTA<\/a> \u00a0 \u00a0 \u00a0 \u00a0 \u00a0 <a href=\"https:\/\/drive.google.com\/file\/d\/16bZr7HzFreQd2uBOLJDHpD3r8grD96JG\/view?usp=sharing\">COMPRENSI\u00d3 DE LA CARTA\u00a0<\/a><\/p>\n<p style=\"text-align: center\"><a href=\"https:\/\/drive.google.com\/drive\/folders\/1Jadv6WtQtMjCQWXPFqsfu4VWCr-7Re7-?usp=sharing\">ORDENAR ELS PASSOS PER PLANTAR (FOTOS)\u00a0<\/a><\/p>\n<p style=\"text-align: center\"><a href=\"https:\/\/drive.google.com\/drive\/folders\/1xtkK775EZddrXMTGBK-tNernF64ssHg8?usp=sharing\">ORDENAR ELS PASSOS PER PLANTAR (V\u00cdDEOS)<\/a><\/p>\n<p style=\"text-align: center\">Paral\u00b7lelament al treball de classe, han comen\u00e7at les tasques a l&#8217;hort. Els podreu veure en acci\u00f3\u00a0 clicant a sobre de la seg\u00fcent foto:<\/p>\n<p><a href=\"https:\/\/photos.app.goo.gl\/Toci4mbugEuD2twY9\"><img loading=\"lazy\" decoding=\"async\" class=\"wp-image-4529 aligncenter\" src=\"https:\/\/agora.xtec.cat\/ceipmarcelidomingo-roquetes\/wp-content\/uploads\/usu961\/2021\/02\/hort3--1024x673.jpg\" alt=\"\" width=\"600\" height=\"394\" srcset=\"https:\/\/agora.xtec.cat\/ceipmarcelidomingo-roquetes\/wp-content\/uploads\/usu961\/2021\/02\/hort3--1024x673.jpg 1024w, https:\/\/agora.xtec.cat\/ceipmarcelidomingo-roquetes\/wp-content\/uploads\/usu961\/2021\/02\/hort3--300x197.jpg 300w, https:\/\/agora.xtec.cat\/ceipmarcelidomingo-roquetes\/wp-content\/uploads\/usu961\/2021\/02\/hort3--768x505.jpg 768w\" sizes=\"auto, (max-width: 600px) 100vw, 600px\" \/><\/a><\/p>\n<p>Us anirem informant en propers articles sobre els nous reptes als que s&#8217;aniran enfrontant i tamb\u00e9 us anirem ensenyant com va creixent tot el que hi han plantat.<\/p>\n","protected":false},"excerpt":{"rendered":"<p>Aquest any, l\u2019alumnat de cinqu\u00e8 ha posat en funcionament l&#8217;hort escolar mitjan\u00e7ant les capses d\u2019aprenentatge en l\u2019\u00e0rea d\u2019angl\u00e8s amb l\u2019objectiu de millorar la compet\u00e8ncia ling\u00fc\u00edstica i treballar transversalment amb altres \u00e0mbits del curr\u00edculum.<\/p>\n","protected":false},"author":11,"featured_media":4529,"comment_status":"open","ping_status":"closed","sticky":false,"template":"","format":"standard","meta":{"_bbp_topic_count":0,"_bbp_reply_count":0,"_bbp_total_topic_count":0,"_bbp_total_reply_count":0,"_bbp_voice_count":0,"_bbp_anonymous_reply_count":0,"_bbp_topic_count_hidden":0,"_bbp_reply_count_hidden":0,"_bbp_forum_subforum_count":0,"site-sidebar-layout":"default","site-content-layout":"","ast-site-content-layout":"","site-content-style":"default","site-sidebar-style":"default","ast-global-header-display":"","ast-banner-title-visibility":"","ast-main-header-display":"","ast-hfb-above-header-display":"","ast-hfb-below-header-display":"","ast-hfb-mobile-header-display":"","site-post-title":"","ast-breadcrumbs-content":"","ast-featured-img":"","footer-sml-layout":"","theme-transparent-header-meta":"","adv-header-id-meta":"","stick-header-meta":"","header-above-stick-meta":"","header-main-stick-meta":"","header-below-stick-meta":"","astra-migrate-meta-layouts":"default","ast-page-background-enabled":"default","ast-page-background-meta":{"desktop":{"background-color":"var(--ast-global-color-4)","background-image":"","background-repeat":"repeat","background-position":"center center","background-size":"auto","background-attachment":"scroll","background-type":"","background-media":"","overlay-type":"","overlay-color":"","overlay-opacity":"","overlay-gradient":""},"tablet":{"background-color":"","background-image":"","background-repeat":"repeat","background-position":"center center","background-size":"auto","background-attachment":"scroll","background-type":"","background-media":"","overlay-type":"","overlay-color":"","overlay-opacity":"","overlay-gradient":""},"mobile":{"background-color":"","background-image":"","background-repeat":"repeat","background-position":"center center","background-size":"auto","background-attachment":"scroll","background-type":"","background-media":"","overlay-type":"","overlay-color":"","overlay-opacity":"","overlay-gradient":""}},"ast-content-background-meta":{"desktop":{"background-color":"var(--ast-global-color-5)","background-image":"","background-repeat":"repeat","background-position":"center center","background-size":"auto","background-attachment":"scroll","background-type":"","background-media":"","overlay-type":"","overlay-color":"","overlay-opacity":"","overlay-gradient":""},"tablet":{"background-color":"var(--ast-global-color-5)","background-image":"","background-repeat":"repeat","background-position":"center center","background-size":"auto","background-attachment":"scroll","background-type":"","background-media":"","overlay-type":"","overlay-color":"","overlay-opacity":"","overlay-gradient":""},"mobile":{"background-color":"var(--ast-global-color-5)","background-image":"","background-repeat":"repeat","background-position":"center center","background-size":"auto","background-attachment":"scroll","background-type":"","background-media":"","overlay-type":"","overlay-color":"","overlay-opacity":"","overlay-gradient":""}},"footnotes":""},"categories":[14,37,73,1],"tags":[],"class_list":["post-4519","post","type-post","status-publish","format-standard","has-post-thumbnail","hentry","category-5e","category-escola-2","category-escola-verda","category-general"],"post_mailing_queue_ids":[],"_links":{"self":[{"href":"https:\/\/agora.xtec.cat\/ceipmarcelidomingo-roquetes\/wp-json\/wp\/v2\/posts\/4519","targetHints":{"allow":["GET"]}}],"collection":[{"href":"https:\/\/agora.xtec.cat\/ceipmarcelidomingo-roquetes\/wp-json\/wp\/v2\/posts"}],"about":[{"href":"https:\/\/agora.xtec.cat\/ceipmarcelidomingo-roquetes\/wp-json\/wp\/v2\/types\/post"}],"author":[{"embeddable":true,"href":"https:\/\/agora.xtec.cat\/ceipmarcelidomingo-roquetes\/wp-json\/wp\/v2\/users\/11"}],"replies":[{"embeddable":true,"href":"https:\/\/agora.xtec.cat\/ceipmarcelidomingo-roquetes\/wp-json\/wp\/v2\/comments?post=4519"}],"version-history":[{"count":3,"href":"https:\/\/agora.xtec.cat\/ceipmarcelidomingo-roquetes\/wp-json\/wp\/v2\/posts\/4519\/revisions"}],"predecessor-version":[{"id":4533,"href":"https:\/\/agora.xtec.cat\/ceipmarcelidomingo-roquetes\/wp-json\/wp\/v2\/posts\/4519\/revisions\/4533"}],"wp:featuredmedia":[{"embeddable":true,"href":"https:\/\/agora.xtec.cat\/ceipmarcelidomingo-roquetes\/wp-json\/wp\/v2\/media\/4529"}],"wp:attachment":[{"href":"https:\/\/agora.xtec.cat\/ceipmarcelidomingo-roquetes\/wp-json\/wp\/v2\/media?parent=4519"}],"wp:term":[{"taxonomy":"category","embeddable":true,"href":"https:\/\/agora.xtec.cat\/ceipmarcelidomingo-roquetes\/wp-json\/wp\/v2\/categories?post=4519"},{"taxonomy":"post_tag","embeddable":true,"href":"https:\/\/agora.xtec.cat\/ceipmarcelidomingo-roquetes\/wp-json\/wp\/v2\/tags?post=4519"}],"curies":[{"name":"wp","href":"https:\/\/api.w.org\/{rel}","templated":true}]}}