{"id":4315,"date":"2020-11-19T13:18:23","date_gmt":"2020-11-19T12:18:23","guid":{"rendered":"http:\/\/agora.xtec.cat\/ceipmarcelidomingo-roquetes\/?p=4315"},"modified":"2021-04-12T15:53:32","modified_gmt":"2021-04-12T13:53:32","slug":"xerrada-educacio-ambiental-a-1r","status":"publish","type":"post","link":"https:\/\/agora.xtec.cat\/ceipmarcelidomingo-roquetes\/portada\/general\/xerrada-educacio-ambiental-a-1r\/","title":{"rendered":"Xerrada educaci\u00f3 ambiental a 1r"},"content":{"rendered":"<p><span style=\"font-weight: 400;\">Alba, Llu\u00eds i Jordi membres del Parc Natural dels Ports van venir a l\u2019escola a fer una xerrada d\u2019educaci\u00f3 ambiental.<img loading=\"lazy\" decoding=\"async\" class=\"aligncenter\" src=\"https:\/\/upload.wikimedia.org\/wikipedia\/commons\/8\/8c\/Logo_del_Parc_Natural_dels_Ports.png\" alt=\"File:Logo del Parc Natural dels Ports.png - Wikimedia Commons\" width=\"466\" height=\"129\" \/><\/span><\/p>\n<p><span style=\"font-weight: 400;\">Ens van explicar moltes coses sobre la fam\u00edlia dels rapinyaires: on viuen, qu\u00e8 mengen, els sorolls que fan quan volen&#8230;<\/span><span style=\"font-weight: 400;\">Algunes de les coses que ens van agradar m\u00e9s s\u00f3n:<\/span><\/p>\n<p><span style=\"font-weight: 400;\">&#8211; Difer\u00e8ncies dels mussols, les \u00f2libes i algunes de les seves caracter\u00edstiques.<\/span><\/p>\n<p><span style=\"font-weight: 400;\">&#8211; El falc\u00f3 \u00e9s l\u2019au m\u00e9s r\u00e0pida, pot arribar a volar fins a 300km\/h.<\/span><\/p>\n<p><span style=\"font-weight: 400;\">&#8211; Les \u00e0guiles fan nius als arbres i tamb\u00e9 a les roques.<\/span><\/p>\n<p><span style=\"font-weight: 400;\">&#8211; Als Ports viuen diferents esp\u00e8cies de voltors.<\/span><\/p>\n<p><span style=\"font-weight: 400;\">Al finalitzar la xerrada vam fer una pir\u00e0mide aliment\u00e0ria dels voltors.\u00a0 \u00a0 \u00a0 \u00a0 \u00a0 \u00a0 \u00a0 \u00a0 \u00a0 \u00a0 \u00a0 \u00a0\u00a0<\/span><\/p>\n<p><span style=\"font-family: inherit; font-size: 1em;\"> <img loading=\"lazy\" decoding=\"async\" class=\"alignleft\" src=\"https:\/\/www.picampall.cat\/wp-content\/uploads\/2016\/06\/sense-tc3adtol1.png\" alt=\"ELS RAPINYAIRES NOCTURNS DEL DELTA DE L'EBRE - Picampall\" width=\"188\" height=\"125\" \/><\/span><\/p>\n<p>&nbsp;<\/p>\n<p>&nbsp;<\/p>\n<p><a href=\"https:\/\/photos.app.goo.gl\/VAeuA7R6pBvY1hY36\"><em>(clica per veure les fotografies)<\/em><\/a><\/p>\n<p>&nbsp;<\/p>\n<p>Gr\u00e0cies per la vostra visita!<\/p>\n","protected":false},"excerpt":{"rendered":"<p>Xerrada rapinyaires 1r<\/p>\n","protected":false},"author":6,"featured_media":0,"comment_status":"open","ping_status":"closed","sticky":false,"template":"","format":"standard","meta":{"_bbp_topic_count":0,"_bbp_reply_count":0,"_bbp_total_topic_count":0,"_bbp_total_reply_count":0,"_bbp_voice_count":0,"_bbp_anonymous_reply_count":0,"_bbp_topic_count_hidden":0,"_bbp_reply_count_hidden":0,"_bbp_forum_subforum_count":0,"site-sidebar-layout":"default","site-content-layout":"","ast-site-content-layout":"","site-content-style":"default","site-sidebar-style":"default","ast-global-header-display":"","ast-banner-title-visibility":"","ast-main-header-display":"","ast-hfb-above-header-display":"","ast-hfb-below-header-display":"","ast-hfb-mobile-header-display":"","site-post-title":"","ast-breadcrumbs-content":"","ast-featured-img":"","footer-sml-layout":"","theme-transparent-header-meta":"","adv-header-id-meta":"","stick-header-meta":"","header-above-stick-meta":"","header-main-stick-meta":"","header-below-stick-meta":"","astra-migrate-meta-layouts":"default","ast-page-background-enabled":"default","ast-page-background-meta":{"desktop":{"background-color":"var(--ast-global-color-4)","background-image":"","background-repeat":"repeat","background-position":"center center","background-size":"auto","background-attachment":"scroll","background-type":"","background-media":"","overlay-type":"","overlay-color":"","overlay-opacity":"","overlay-gradient":""},"tablet":{"background-color":"","background-image":"","background-repeat":"repeat","background-position":"center center","background-size":"auto","background-attachment":"scroll","background-type":"","background-media":"","overlay-type":"","overlay-color":"","overlay-opacity":"","overlay-gradient":""},"mobile":{"background-color":"","background-image":"","background-repeat":"repeat","background-position":"center center","background-size":"auto","background-attachment":"scroll","background-type":"","background-media":"","overlay-type":"","overlay-color":"","overlay-opacity":"","overlay-gradient":""}},"ast-content-background-meta":{"desktop":{"background-color":"var(--ast-global-color-5)","background-image":"","background-repeat":"repeat","background-position":"center center","background-size":"auto","background-attachment":"scroll","background-type":"","background-media":"","overlay-type":"","overlay-color":"","overlay-opacity":"","overlay-gradient":""},"tablet":{"background-color":"var(--ast-global-color-5)","background-image":"","background-repeat":"repeat","background-position":"center center","background-size":"auto","background-attachment":"scroll","background-type":"","background-media":"","overlay-type":"","overlay-color":"","overlay-opacity":"","overlay-gradient":""},"mobile":{"background-color":"var(--ast-global-color-5)","background-image":"","background-repeat":"repeat","background-position":"center center","background-size":"auto","background-attachment":"scroll","background-type":"","background-media":"","overlay-type":"","overlay-color":"","overlay-opacity":"","overlay-gradient":""}},"footnotes":""},"categories":[10,37,73,1,5],"tags":[],"class_list":["post-4315","post","type-post","status-publish","format-standard","hentry","category-1r","category-escola-2","category-escola-verda","category-general","category-primaria"],"post_mailing_queue_ids":[],"_links":{"self":[{"href":"https:\/\/agora.xtec.cat\/ceipmarcelidomingo-roquetes\/wp-json\/wp\/v2\/posts\/4315","targetHints":{"allow":["GET"]}}],"collection":[{"href":"https:\/\/agora.xtec.cat\/ceipmarcelidomingo-roquetes\/wp-json\/wp\/v2\/posts"}],"about":[{"href":"https:\/\/agora.xtec.cat\/ceipmarcelidomingo-roquetes\/wp-json\/wp\/v2\/types\/post"}],"author":[{"embeddable":true,"href":"https:\/\/agora.xtec.cat\/ceipmarcelidomingo-roquetes\/wp-json\/wp\/v2\/users\/6"}],"replies":[{"embeddable":true,"href":"https:\/\/agora.xtec.cat\/ceipmarcelidomingo-roquetes\/wp-json\/wp\/v2\/comments?post=4315"}],"version-history":[{"count":3,"href":"https:\/\/agora.xtec.cat\/ceipmarcelidomingo-roquetes\/wp-json\/wp\/v2\/posts\/4315\/revisions"}],"predecessor-version":[{"id":4792,"href":"https:\/\/agora.xtec.cat\/ceipmarcelidomingo-roquetes\/wp-json\/wp\/v2\/posts\/4315\/revisions\/4792"}],"wp:attachment":[{"href":"https:\/\/agora.xtec.cat\/ceipmarcelidomingo-roquetes\/wp-json\/wp\/v2\/media?parent=4315"}],"wp:term":[{"taxonomy":"category","embeddable":true,"href":"https:\/\/agora.xtec.cat\/ceipmarcelidomingo-roquetes\/wp-json\/wp\/v2\/categories?post=4315"},{"taxonomy":"post_tag","embeddable":true,"href":"https:\/\/agora.xtec.cat\/ceipmarcelidomingo-roquetes\/wp-json\/wp\/v2\/tags?post=4315"}],"curies":[{"name":"wp","href":"https:\/\/api.w.org\/{rel}","templated":true}]}}