{"id":4144,"date":"2020-10-14T13:26:44","date_gmt":"2020-10-14T11:26:44","guid":{"rendered":"http:\/\/agora.xtec.cat\/ceipmarcelidomingo-roquetes\/?p=4144"},"modified":"2020-10-14T13:26:44","modified_gmt":"2020-10-14T11:26:44","slug":"setmana-de-la-natura-2020","status":"publish","type":"post","link":"https:\/\/agora.xtec.cat\/ceipmarcelidomingo-roquetes\/portada\/general\/setmana-de-la-natura-2020\/","title":{"rendered":"SETMANA DE LA NATURA 2020"},"content":{"rendered":"<p>&nbsp;<\/p>\n<p><a href=\"https:\/\/agora.xtec.cat\/ceipmarcelidomingo-roquetes\/wp-content\/uploads\/usu961\/2020\/10\/Setmana.png\"><img loading=\"lazy\" decoding=\"async\" class=\"wp-image-4150 aligncenter\" src=\"https:\/\/agora.xtec.cat\/ceipmarcelidomingo-roquetes\/wp-content\/uploads\/usu961\/2020\/10\/Setmana-1024x576.png\" alt=\"\" width=\"600\" height=\"338\" srcset=\"https:\/\/agora.xtec.cat\/ceipmarcelidomingo-roquetes\/wp-content\/uploads\/usu961\/2020\/10\/Setmana-1024x576.png 1024w, https:\/\/agora.xtec.cat\/ceipmarcelidomingo-roquetes\/wp-content\/uploads\/usu961\/2020\/10\/Setmana-300x169.png 300w, https:\/\/agora.xtec.cat\/ceipmarcelidomingo-roquetes\/wp-content\/uploads\/usu961\/2020\/10\/Setmana-768x432.png 768w, https:\/\/agora.xtec.cat\/ceipmarcelidomingo-roquetes\/wp-content\/uploads\/usu961\/2020\/10\/Setmana.png 1280w\" sizes=\"auto, (max-width: 600px) 100vw, 600px\" \/><\/a><\/p>\n<p>Aquest any la Setmana de la Natura ha celebrat la seva 5\u00aa edici\u00f3 del 3 a l\u201911 d\u2019octubre amb el lema:<\/p>\n<h4 style=\"text-align: center\"><em>SENSE NATURA NO HI HA VIDA.<\/em><\/h4>\n<p style=\"text-align: justify\">La crisi sanit\u00e0ria, social i econ\u00f2mica que estem vivint en aquests temps ha posat de rellev\u00e0ncia la relaci\u00f3 directa de la salut de les persones amb la del nostre entorn. Per aix\u00f2, ara m\u00e9s que mai, cal fer visible la necessitat d\u2019implicar-nos col\u00b7lectivament per assegurar l\u2019equilibri dels ecosistemes: la salut de l\u2019aigua dels nostres rius, l\u2019aire que respirem, la salut de les aus, els pol\u00b7linitzadors o la vida del s\u00f2l que ens proveeix d\u2019aliments.<\/p>\n<p>A continuaci\u00f3 us presentem les activitats que s&#8217;han dut a terme al llarg de la setmana en alguns nivells:<\/p>\n<p style=\"text-align: center\"><em><span style=\"text-decoration: underline\"><strong>XERRADA DE PROTECCI\u00d3 DE LA TORTUGA BABAUA<\/strong><\/span><\/em><\/p>\n<p><a href=\"https:\/\/agora.xtec.cat\/ceipmarcelidomingo-roquetes\/wp-content\/uploads\/usu961\/2020\/10\/Xerrada-GEPEC.png\"><img loading=\"lazy\" decoding=\"async\" class=\"wp-image-4147 size-medium alignleft\" src=\"https:\/\/agora.xtec.cat\/ceipmarcelidomingo-roquetes\/wp-content\/uploads\/usu961\/2020\/10\/Xerrada-GEPEC-300x270.png\" alt=\"\" width=\"300\" height=\"270\" srcset=\"https:\/\/agora.xtec.cat\/ceipmarcelidomingo-roquetes\/wp-content\/uploads\/usu961\/2020\/10\/Xerrada-GEPEC-300x270.png 300w, https:\/\/agora.xtec.cat\/ceipmarcelidomingo-roquetes\/wp-content\/uploads\/usu961\/2020\/10\/Xerrada-GEPEC-768x691.png 768w, https:\/\/agora.xtec.cat\/ceipmarcelidomingo-roquetes\/wp-content\/uploads\/usu961\/2020\/10\/Xerrada-GEPEC.png 911w\" sizes=\"auto, (max-width: 300px) 100vw, 300px\" \/><\/a><\/p>\n<p>&nbsp;<\/p>\n<p style=\"text-align: justify\">El dimarts 6 d&#8217;octubre, els xiquets i xiquetes de 4t han participat en una de les activitats on-line organitzada pel GEPEC-EdC.<\/p>\n<p style=\"text-align: justify\">A les 11:30 s&#8217;han connectat pel MEET a la Xerrada de Protecci\u00f3 de la tortuga babaua (amb Ramon Ferr\u00e9).<\/p>\n<p>Despr\u00e9s d&#8217;escoltar amb molta atenci\u00f3 tot el que els hi han explicat, han pogut fer preguntes sobre la tortuga, la seva vida, la seva conducta&#8230;<\/p>\n<p>&nbsp;<\/p>\n<p><a href=\"https:\/\/agora.xtec.cat\/ceipmarcelidomingo-roquetes\/wp-content\/uploads\/usu961\/2020\/10\/xerrada.png\"><img loading=\"lazy\" decoding=\"async\" class=\"wp-image-4153 aligncenter\" src=\"https:\/\/agora.xtec.cat\/ceipmarcelidomingo-roquetes\/wp-content\/uploads\/usu961\/2020\/10\/xerrada-1024x576.png\" alt=\"\" width=\"600\" height=\"338\" srcset=\"https:\/\/agora.xtec.cat\/ceipmarcelidomingo-roquetes\/wp-content\/uploads\/usu961\/2020\/10\/xerrada-1024x576.png 1024w, https:\/\/agora.xtec.cat\/ceipmarcelidomingo-roquetes\/wp-content\/uploads\/usu961\/2020\/10\/xerrada-300x169.png 300w, https:\/\/agora.xtec.cat\/ceipmarcelidomingo-roquetes\/wp-content\/uploads\/usu961\/2020\/10\/xerrada-768x432.png 768w, https:\/\/agora.xtec.cat\/ceipmarcelidomingo-roquetes\/wp-content\/uploads\/usu961\/2020\/10\/xerrada.png 1280w\" sizes=\"auto, (max-width: 600px) 100vw, 600px\" \/><\/a><\/p>\n<p style=\"text-align: center\">Podeu veure les fotos clicant <a href=\"https:\/\/photos.app.goo.gl\/YtSB2wodWW7Uzxff9\">aqu\u00ed<\/a>.<\/p>\n<p style=\"text-align: justify\">S&#8217;hi han engrescat for\u00e7a fent preguntes, per\u00f2, no han pogut fer totes les que desitjaven. Aix\u00ed que els han dit que prepararessin un v\u00eddeo amb totes les preguntes pendents perqu\u00e8 els hi respondran. En aquests moments, ja hi estan treballant.<\/p>\n<p>Al llarg de la setmana tamb\u00e9 han llegit contes de natura a les sessions de mitja hora de lectura.<\/p>\n<p style=\"text-align: center\"><em><span style=\"text-decoration: underline\"><strong>MENJADORS D&#8217;AUS<\/strong><\/span><\/em><\/p>\n<p>Els alumnes de 5\u00e8 han fet uns menjadors d&#8217;aus amb materials reciclats. Aquests menjadors els col\u00b7locaran als patis de l&#8217;escola.<\/p>\n<p><a href=\"https:\/\/agora.xtec.cat\/ceipmarcelidomingo-roquetes\/wp-content\/uploads\/usu961\/2020\/10\/WhatsApp-Image-2020-10-06-at-11.34.04.jpeg\"><img loading=\"lazy\" decoding=\"async\" class=\"wp-image-4155 size-medium aligncenter\" src=\"https:\/\/agora.xtec.cat\/ceipmarcelidomingo-roquetes\/wp-content\/uploads\/usu961\/2020\/10\/WhatsApp-Image-2020-10-06-at-11.34.04-225x300.jpeg\" alt=\"\" width=\"225\" height=\"300\" srcset=\"https:\/\/agora.xtec.cat\/ceipmarcelidomingo-roquetes\/wp-content\/uploads\/usu961\/2020\/10\/WhatsApp-Image-2020-10-06-at-11.34.04-225x300.jpeg 225w, https:\/\/agora.xtec.cat\/ceipmarcelidomingo-roquetes\/wp-content\/uploads\/usu961\/2020\/10\/WhatsApp-Image-2020-10-06-at-11.34.04-768x1024.jpeg 768w, https:\/\/agora.xtec.cat\/ceipmarcelidomingo-roquetes\/wp-content\/uploads\/usu961\/2020\/10\/WhatsApp-Image-2020-10-06-at-11.34.04.jpeg 1536w\" sizes=\"auto, (max-width: 225px) 100vw, 225px\" \/><\/a><\/p>\n<p><a href=\"https:\/\/agora.xtec.cat\/ceipmarcelidomingo-roquetes\/wp-content\/uploads\/usu961\/2020\/10\/WhatsApp-Image-2020-10-06-at-11.34.05.jpeg\"><img loading=\"lazy\" decoding=\"async\" class=\"wp-image-4157 aligncenter\" src=\"https:\/\/agora.xtec.cat\/ceipmarcelidomingo-roquetes\/wp-content\/uploads\/usu961\/2020\/10\/WhatsApp-Image-2020-10-06-at-11.34.05-1024x768.jpeg\" alt=\"\" width=\"400\" height=\"300\" srcset=\"https:\/\/agora.xtec.cat\/ceipmarcelidomingo-roquetes\/wp-content\/uploads\/usu961\/2020\/10\/WhatsApp-Image-2020-10-06-at-11.34.05-1024x768.jpeg 1024w, https:\/\/agora.xtec.cat\/ceipmarcelidomingo-roquetes\/wp-content\/uploads\/usu961\/2020\/10\/WhatsApp-Image-2020-10-06-at-11.34.05-300x225.jpeg 300w, https:\/\/agora.xtec.cat\/ceipmarcelidomingo-roquetes\/wp-content\/uploads\/usu961\/2020\/10\/WhatsApp-Image-2020-10-06-at-11.34.05-768x576.jpeg 768w, https:\/\/agora.xtec.cat\/ceipmarcelidomingo-roquetes\/wp-content\/uploads\/usu961\/2020\/10\/WhatsApp-Image-2020-10-06-at-11.34.05-200x150.jpeg 200w, https:\/\/agora.xtec.cat\/ceipmarcelidomingo-roquetes\/wp-content\/uploads\/usu961\/2020\/10\/WhatsApp-Image-2020-10-06-at-11.34.05.jpeg 2048w\" sizes=\"auto, (max-width: 400px) 100vw, 400px\" \/><\/a><\/p>\n<p><a href=\"https:\/\/agora.xtec.cat\/ceipmarcelidomingo-roquetes\/wp-content\/uploads\/usu961\/2020\/10\/WhatsApp-Image-2020-10-06-at-11.34.05-1.jpeg\"><img loading=\"lazy\" decoding=\"async\" class=\"wp-image-4156 size-medium aligncenter\" src=\"https:\/\/agora.xtec.cat\/ceipmarcelidomingo-roquetes\/wp-content\/uploads\/usu961\/2020\/10\/WhatsApp-Image-2020-10-06-at-11.34.05-1-225x300.jpeg\" alt=\"\" width=\"225\" height=\"300\" srcset=\"https:\/\/agora.xtec.cat\/ceipmarcelidomingo-roquetes\/wp-content\/uploads\/usu961\/2020\/10\/WhatsApp-Image-2020-10-06-at-11.34.05-1-225x300.jpeg 225w, https:\/\/agora.xtec.cat\/ceipmarcelidomingo-roquetes\/wp-content\/uploads\/usu961\/2020\/10\/WhatsApp-Image-2020-10-06-at-11.34.05-1-768x1024.jpeg 768w, https:\/\/agora.xtec.cat\/ceipmarcelidomingo-roquetes\/wp-content\/uploads\/usu961\/2020\/10\/WhatsApp-Image-2020-10-06-at-11.34.05-1.jpeg 1536w\" sizes=\"auto, (max-width: 225px) 100vw, 225px\" \/><\/a><\/p>\n<p style=\"text-align: center\">En el seg\u00fcent v\u00eddeo podreu veure com han fet aquests menjadors. Cliqueu a sobre.<\/p>\n<p><a href=\"https:\/\/drive.google.com\/file\/d\/1Kor50dRNcX-T4FNg9D4SrSZFpcC65oFr\/view?usp=sharing\"><img loading=\"lazy\" decoding=\"async\" class=\"wp-image-4159 size-medium aligncenter\" src=\"https:\/\/agora.xtec.cat\/ceipmarcelidomingo-roquetes\/wp-content\/uploads\/usu961\/2020\/10\/the-nature-week-300x226.png\" alt=\"\" width=\"300\" height=\"226\" srcset=\"https:\/\/agora.xtec.cat\/ceipmarcelidomingo-roquetes\/wp-content\/uploads\/usu961\/2020\/10\/the-nature-week-300x226.png 300w, https:\/\/agora.xtec.cat\/ceipmarcelidomingo-roquetes\/wp-content\/uploads\/usu961\/2020\/10\/the-nature-week-768x578.png 768w, https:\/\/agora.xtec.cat\/ceipmarcelidomingo-roquetes\/wp-content\/uploads\/usu961\/2020\/10\/the-nature-week-1024x771.png 1024w, https:\/\/agora.xtec.cat\/ceipmarcelidomingo-roquetes\/wp-content\/uploads\/usu961\/2020\/10\/the-nature-week-200x150.png 200w, https:\/\/agora.xtec.cat\/ceipmarcelidomingo-roquetes\/wp-content\/uploads\/usu961\/2020\/10\/the-nature-week.png 1138w\" sizes=\"auto, (max-width: 300px) 100vw, 300px\" \/><\/a><\/p>\n<p style=\"text-align: center\"><em><span style=\"text-decoration: underline\"><strong>ESPOT PUBLICITARI<\/strong><\/span><\/em><\/p>\n<p>Les classes de 6\u00e8 han treballat en la creaci\u00f3 d&#8217;un espot publicitari. En grup han elaborat frases relacionades amb la natura en angl\u00e8s, s&#8217;han fet fotos i tamb\u00e9 han afegit fotos seves fent alguna acci\u00f3 a la natura.<\/p>\n<p><a href=\"https:\/\/drive.google.com\/file\/d\/1GEsYoZwZO78-9bnl59WGgXa9DVx-RSqI\/view?usp=sharing\"><img loading=\"lazy\" decoding=\"async\" class=\"wp-image-4160 size-medium aligncenter\" src=\"https:\/\/agora.xtec.cat\/ceipmarcelidomingo-roquetes\/wp-content\/uploads\/usu961\/2020\/10\/espot-300x300.png\" alt=\"\" width=\"300\" height=\"300\" srcset=\"https:\/\/agora.xtec.cat\/ceipmarcelidomingo-roquetes\/wp-content\/uploads\/usu961\/2020\/10\/espot-300x300.png 300w, https:\/\/agora.xtec.cat\/ceipmarcelidomingo-roquetes\/wp-content\/uploads\/usu961\/2020\/10\/espot-150x150.png 150w, https:\/\/agora.xtec.cat\/ceipmarcelidomingo-roquetes\/wp-content\/uploads\/usu961\/2020\/10\/espot-768x767.png 768w, https:\/\/agora.xtec.cat\/ceipmarcelidomingo-roquetes\/wp-content\/uploads\/usu961\/2020\/10\/espot.png 797w\" sizes=\"auto, (max-width: 300px) 100vw, 300px\" \/><\/a><\/p>\n<p>&nbsp;<\/p>\n<p>&nbsp;<\/p>\n","protected":false},"excerpt":{"rendered":"<p>Aquest any la Setmana de la Natura ha celebrat la seva 5\u00aa edici\u00f3 del 3 a l\u201911 d\u2019octubre <\/p>\n","protected":false},"author":11,"featured_media":4150,"comment_status":"open","ping_status":"closed","sticky":false,"template":"","format":"standard","meta":{"_bbp_topic_count":0,"_bbp_reply_count":0,"_bbp_total_topic_count":0,"_bbp_total_reply_count":0,"_bbp_voice_count":0,"_bbp_anonymous_reply_count":0,"_bbp_topic_count_hidden":0,"_bbp_reply_count_hidden":0,"_bbp_forum_subforum_count":0,"site-sidebar-layout":"default","site-content-layout":"","ast-site-content-layout":"","site-content-style":"default","site-sidebar-style":"default","ast-global-header-display":"","ast-banner-title-visibility":"","ast-main-header-display":"","ast-hfb-above-header-display":"","ast-hfb-below-header-display":"","ast-hfb-mobile-header-display":"","site-post-title":"","ast-breadcrumbs-content":"","ast-featured-img":"","footer-sml-layout":"","theme-transparent-header-meta":"","adv-header-id-meta":"","stick-header-meta":"","header-above-stick-meta":"","header-main-stick-meta":"","header-below-stick-meta":"","astra-migrate-meta-layouts":"default","ast-page-background-enabled":"default","ast-page-background-meta":{"desktop":{"background-color":"var(--ast-global-color-4)","background-image":"","background-repeat":"repeat","background-position":"center center","background-size":"auto","background-attachment":"scroll","background-type":"","background-media":"","overlay-type":"","overlay-color":"","overlay-opacity":"","overlay-gradient":""},"tablet":{"background-color":"","background-image":"","background-repeat":"repeat","background-position":"center center","background-size":"auto","background-attachment":"scroll","background-type":"","background-media":"","overlay-type":"","overlay-color":"","overlay-opacity":"","overlay-gradient":""},"mobile":{"background-color":"","background-image":"","background-repeat":"repeat","background-position":"center center","background-size":"auto","background-attachment":"scroll","background-type":"","background-media":"","overlay-type":"","overlay-color":"","overlay-opacity":"","overlay-gradient":""}},"ast-content-background-meta":{"desktop":{"background-color":"var(--ast-global-color-5)","background-image":"","background-repeat":"repeat","background-position":"center center","background-size":"auto","background-attachment":"scroll","background-type":"","background-media":"","overlay-type":"","overlay-color":"","overlay-opacity":"","overlay-gradient":""},"tablet":{"background-color":"var(--ast-global-color-5)","background-image":"","background-repeat":"repeat","background-position":"center center","background-size":"auto","background-attachment":"scroll","background-type":"","background-media":"","overlay-type":"","overlay-color":"","overlay-opacity":"","overlay-gradient":""},"mobile":{"background-color":"var(--ast-global-color-5)","background-image":"","background-repeat":"repeat","background-position":"center center","background-size":"auto","background-attachment":"scroll","background-type":"","background-media":"","overlay-type":"","overlay-color":"","overlay-opacity":"","overlay-gradient":""}},"footnotes":""},"categories":[73,1],"tags":[],"class_list":["post-4144","post","type-post","status-publish","format-standard","has-post-thumbnail","hentry","category-escola-verda","category-general"],"post_mailing_queue_ids":[],"_links":{"self":[{"href":"https:\/\/agora.xtec.cat\/ceipmarcelidomingo-roquetes\/wp-json\/wp\/v2\/posts\/4144","targetHints":{"allow":["GET"]}}],"collection":[{"href":"https:\/\/agora.xtec.cat\/ceipmarcelidomingo-roquetes\/wp-json\/wp\/v2\/posts"}],"about":[{"href":"https:\/\/agora.xtec.cat\/ceipmarcelidomingo-roquetes\/wp-json\/wp\/v2\/types\/post"}],"author":[{"embeddable":true,"href":"https:\/\/agora.xtec.cat\/ceipmarcelidomingo-roquetes\/wp-json\/wp\/v2\/users\/11"}],"replies":[{"embeddable":true,"href":"https:\/\/agora.xtec.cat\/ceipmarcelidomingo-roquetes\/wp-json\/wp\/v2\/comments?post=4144"}],"version-history":[{"count":3,"href":"https:\/\/agora.xtec.cat\/ceipmarcelidomingo-roquetes\/wp-json\/wp\/v2\/posts\/4144\/revisions"}],"predecessor-version":[{"id":4171,"href":"https:\/\/agora.xtec.cat\/ceipmarcelidomingo-roquetes\/wp-json\/wp\/v2\/posts\/4144\/revisions\/4171"}],"wp:featuredmedia":[{"embeddable":true,"href":"https:\/\/agora.xtec.cat\/ceipmarcelidomingo-roquetes\/wp-json\/wp\/v2\/media\/4150"}],"wp:attachment":[{"href":"https:\/\/agora.xtec.cat\/ceipmarcelidomingo-roquetes\/wp-json\/wp\/v2\/media?parent=4144"}],"wp:term":[{"taxonomy":"category","embeddable":true,"href":"https:\/\/agora.xtec.cat\/ceipmarcelidomingo-roquetes\/wp-json\/wp\/v2\/categories?post=4144"},{"taxonomy":"post_tag","embeddable":true,"href":"https:\/\/agora.xtec.cat\/ceipmarcelidomingo-roquetes\/wp-json\/wp\/v2\/tags?post=4144"}],"curies":[{"name":"wp","href":"https:\/\/api.w.org\/{rel}","templated":true}]}}