{"id":3847,"date":"2020-05-13T09:20:22","date_gmt":"2020-05-13T07:20:22","guid":{"rendered":"http:\/\/agora.xtec.cat\/ceipmarcelidomingo-roquetes\/?p=3847"},"modified":"2020-05-27T10:12:22","modified_gmt":"2020-05-27T08:12:22","slug":"preinscripcio","status":"publish","type":"post","link":"https:\/\/agora.xtec.cat\/ceipmarcelidomingo-roquetes\/portada\/general\/preinscripcio\/","title":{"rendered":"PREINSCRIPCI\u00d3"},"content":{"rendered":"<p>Us recordem les dates del proc\u00e9s de preinscripci\u00f3:<\/p>\n<ul>\n<li>Presentaci\u00f3 de sol\u00b7licituds telem\u00e0tiques: <strong>del 13 al 22 de maig de 2020. <\/strong>Aqu\u00ed podreu trobar <a href=\"http:\/\/ensenyament.gencat.cat\/ca\/tramits\/tramits-temes\/20483_preinscripcio_escolar?moda=1\">l&#8217;enlla\u00e7. <\/a>(Recomanada)<\/li>\n<li>\n<div>Presentaci\u00f3 de sol\u00b7licituds presencials amb cita pr\u00e8via: <strong>del 19 al 22 de maig de 2020. <\/strong>Per tal de demanar la cita pr\u00e8via podeu trucar al tel\u00e8fon de l&#8217;escola (977 50 11 39) o b\u00e9 cliqueu al seg\u00fcent <a href=\"https:\/\/aplicacions.gestioeducativa.gencat.cat\/pls\/apex\/f?p=CITA_PREVIA:4::::4:P4_TIPUS_CALENDARI,P4_DOMINI:01_Oblig,43002831\">enlla\u00e7.<\/a><\/div>\n<\/li>\n<li>Presentaci\u00f3 de documentaci\u00f3: fins al 25 de maig de 2020<\/li>\n<\/ul>\n<p><img loading=\"lazy\" decoding=\"async\" class=\"aligncenter size-medium wp-image-3850\" src=\"https:\/\/agora.xtec.cat\/ceipmarcelidomingo-roquetes\/wp-content\/uploads\/usu961\/2020\/05\/20200507_escolar.jpg_1934956856-300x200.jpg\" alt=\"\" width=\"300\" height=\"200\" srcset=\"https:\/\/agora.xtec.cat\/ceipmarcelidomingo-roquetes\/wp-content\/uploads\/usu961\/2020\/05\/20200507_escolar.jpg_1934956856-300x200.jpg 300w, https:\/\/agora.xtec.cat\/ceipmarcelidomingo-roquetes\/wp-content\/uploads\/usu961\/2020\/05\/20200507_escolar.jpg_1934956856.jpg 751w\" sizes=\"auto, (max-width: 300px) 100vw, 300px\" \/><\/p>\n<p>Durant el proc\u00e9s de preinscripci\u00f3 escolar en els centres, cal tenir en consideraci\u00f3 les seg\u00fcents mesures preventives:<\/p>\n<ul>\n<li>Garantir una dist\u00e0ncia m\u00ednima entre les persones de 2 metres.<\/li>\n<li>No s\u2019atendr\u00e0 a m\u00e9s d\u2019una persona alhora i sense cita pr\u00e8via.<\/li>\n<li>La persona que s&#8217;espera per ser atesa estar\u00e0 fora del centre fins que l&#8217;avisin.<\/li>\n<li>L\u2019acc\u00e9s del p\u00fablic al centre es limitar\u00e0 als espais estrictament necessaris per a la presentaci\u00f3 de les sol\u00b7licituds.<\/li>\n<li>Han de portar la documentaci\u00f3 per a poder-la escanejar o fotocopiar i, si pot ser, la sol\u00b7licitud emplenada des de casa.<\/li>\n<li>Evitar compartir material (bol\u00edgrafs, grapadores etc.) per tant, demanem a les fam\u00edlies que portin el seu propi bol\u00edgraf.<\/li>\n<li>Abans de l\u2019entrada al centre, es dispensar\u00e0 gel hidroalc\u00f2holic viricida a la persona que ha d\u2019entrar per tal que realitzi una higienitzaci\u00f3 de mans.<\/li>\n<li>Recordar la recomanaci\u00f3 de portar mascareta i guants.<\/li>\n<li>No poden acudir les persones de grups d&#8217;especial vulnerabilitat o en per\u00edode de confinament, o que presentin s\u00edmptomes. En aquest cas, poden autoritzar per escrit a una altra persona a portar la sol\u00b7licitud i la documentaci\u00f3.<\/li>\n<\/ul>\n","protected":false},"excerpt":{"rendered":"<p>Us recordem les dates del proc\u00e9s de preinscripci\u00f3: Presentaci\u00f3 de sol\u00b7licituds telem\u00e0tiques: del 13 al 22 de maig de 2020. Aqu\u00ed podreu trobar l&#8217;enlla\u00e7. (Recomanada) Presentaci\u00f3 de sol\u00b7licituds presencials amb cita pr\u00e8via: del 19 al 22 de maig de 2020. Per tal de demanar la cita pr\u00e8via podeu trucar al tel\u00e8fon de l&#8217;escola (977 50 [&hellip;]<\/p>\n","protected":false},"author":1,"featured_media":3850,"comment_status":"open","ping_status":"closed","sticky":false,"template":"","format":"standard","meta":{"_bbp_topic_count":0,"_bbp_reply_count":0,"_bbp_total_topic_count":0,"_bbp_total_reply_count":0,"_bbp_voice_count":0,"_bbp_anonymous_reply_count":0,"_bbp_topic_count_hidden":0,"_bbp_reply_count_hidden":0,"_bbp_forum_subforum_count":0,"site-sidebar-layout":"default","site-content-layout":"","ast-site-content-layout":"","site-content-style":"default","site-sidebar-style":"default","ast-global-header-display":"","ast-banner-title-visibility":"","ast-main-header-display":"","ast-hfb-above-header-display":"","ast-hfb-below-header-display":"","ast-hfb-mobile-header-display":"","site-post-title":"","ast-breadcrumbs-content":"","ast-featured-img":"","footer-sml-layout":"","theme-transparent-header-meta":"","adv-header-id-meta":"","stick-header-meta":"","header-above-stick-meta":"","header-main-stick-meta":"","header-below-stick-meta":"","astra-migrate-meta-layouts":"default","ast-page-background-enabled":"default","ast-page-background-meta":{"desktop":{"background-color":"var(--ast-global-color-4)","background-image":"","background-repeat":"repeat","background-position":"center center","background-size":"auto","background-attachment":"scroll","background-type":"","background-media":"","overlay-type":"","overlay-color":"","overlay-opacity":"","overlay-gradient":""},"tablet":{"background-color":"","background-image":"","background-repeat":"repeat","background-position":"center center","background-size":"auto","background-attachment":"scroll","background-type":"","background-media":"","overlay-type":"","overlay-color":"","overlay-opacity":"","overlay-gradient":""},"mobile":{"background-color":"","background-image":"","background-repeat":"repeat","background-position":"center center","background-size":"auto","background-attachment":"scroll","background-type":"","background-media":"","overlay-type":"","overlay-color":"","overlay-opacity":"","overlay-gradient":""}},"ast-content-background-meta":{"desktop":{"background-color":"var(--ast-global-color-5)","background-image":"","background-repeat":"repeat","background-position":"center center","background-size":"auto","background-attachment":"scroll","background-type":"","background-media":"","overlay-type":"","overlay-color":"","overlay-opacity":"","overlay-gradient":""},"tablet":{"background-color":"var(--ast-global-color-5)","background-image":"","background-repeat":"repeat","background-position":"center center","background-size":"auto","background-attachment":"scroll","background-type":"","background-media":"","overlay-type":"","overlay-color":"","overlay-opacity":"","overlay-gradient":""},"mobile":{"background-color":"var(--ast-global-color-5)","background-image":"","background-repeat":"repeat","background-position":"center center","background-size":"auto","background-attachment":"scroll","background-type":"","background-media":"","overlay-type":"","overlay-color":"","overlay-opacity":"","overlay-gradient":""}},"footnotes":""},"categories":[44,37,1,4,40],"tags":[],"class_list":["post-3847","post","type-post","status-publish","format-standard","has-post-thumbnail","hentry","category-articles-importants","category-escola-2","category-general","category-portada","category-ultimes-noticies-escola"],"post_mailing_queue_ids":[],"_links":{"self":[{"href":"https:\/\/agora.xtec.cat\/ceipmarcelidomingo-roquetes\/wp-json\/wp\/v2\/posts\/3847","targetHints":{"allow":["GET"]}}],"collection":[{"href":"https:\/\/agora.xtec.cat\/ceipmarcelidomingo-roquetes\/wp-json\/wp\/v2\/posts"}],"about":[{"href":"https:\/\/agora.xtec.cat\/ceipmarcelidomingo-roquetes\/wp-json\/wp\/v2\/types\/post"}],"author":[{"embeddable":true,"href":"https:\/\/agora.xtec.cat\/ceipmarcelidomingo-roquetes\/wp-json\/wp\/v2\/users\/1"}],"replies":[{"embeddable":true,"href":"https:\/\/agora.xtec.cat\/ceipmarcelidomingo-roquetes\/wp-json\/wp\/v2\/comments?post=3847"}],"version-history":[{"count":4,"href":"https:\/\/agora.xtec.cat\/ceipmarcelidomingo-roquetes\/wp-json\/wp\/v2\/posts\/3847\/revisions"}],"predecessor-version":[{"id":3876,"href":"https:\/\/agora.xtec.cat\/ceipmarcelidomingo-roquetes\/wp-json\/wp\/v2\/posts\/3847\/revisions\/3876"}],"wp:featuredmedia":[{"embeddable":true,"href":"https:\/\/agora.xtec.cat\/ceipmarcelidomingo-roquetes\/wp-json\/wp\/v2\/media\/3850"}],"wp:attachment":[{"href":"https:\/\/agora.xtec.cat\/ceipmarcelidomingo-roquetes\/wp-json\/wp\/v2\/media?parent=3847"}],"wp:term":[{"taxonomy":"category","embeddable":true,"href":"https:\/\/agora.xtec.cat\/ceipmarcelidomingo-roquetes\/wp-json\/wp\/v2\/categories?post=3847"},{"taxonomy":"post_tag","embeddable":true,"href":"https:\/\/agora.xtec.cat\/ceipmarcelidomingo-roquetes\/wp-json\/wp\/v2\/tags?post=3847"}],"curies":[{"name":"wp","href":"https:\/\/api.w.org\/{rel}","templated":true}]}}