{"id":3585,"date":"2020-03-23T12:17:56","date_gmt":"2020-03-23T11:17:56","guid":{"rendered":"http:\/\/agora.xtec.cat\/ceipmarcelidomingo-roquetes\/?p=3585"},"modified":"2020-03-24T17:42:27","modified_gmt":"2020-03-24T16:42:27","slug":"la-nostra-campanya-apilo","status":"publish","type":"post","link":"https:\/\/agora.xtec.cat\/ceipmarcelidomingo-roquetes\/portada\/general\/la-nostra-campanya-apilo\/","title":{"rendered":"LA NOSTRA CAMPANYA APILO"},"content":{"rendered":"<p><a href=\"https:\/\/agora.xtec.cat\/ceipmarcelidomingo-roquetes\/wp-content\/uploads\/usu961\/2020\/03\/POSTER.png\"><img loading=\"lazy\" decoding=\"async\" class=\"wp-image-3587 alignleft\" src=\"https:\/\/agora.xtec.cat\/ceipmarcelidomingo-roquetes\/wp-content\/uploads\/usu961\/2020\/03\/POSTER.png\" alt=\"\" width=\"213\" height=\"300\" srcset=\"https:\/\/agora.xtec.cat\/ceipmarcelidomingo-roquetes\/wp-content\/uploads\/usu961\/2020\/03\/POSTER.png 609w, https:\/\/agora.xtec.cat\/ceipmarcelidomingo-roquetes\/wp-content\/uploads\/usu961\/2020\/03\/POSTER-213x300.png 213w\" sizes=\"auto, (max-width: 213px) 100vw, 213px\" \/><\/a><\/p>\n<p>Al primer trimestre el nostre col\u00b7legi s&#8217;ha inscrit\u00a0 a la 6\u00aa edici\u00f3 del Concurs de Recollida de Piles a l\u2019escola (Missi\u00f3 Apilo XII).<\/p>\n<p>En una de les reunions del Comit\u00e8 d\u2019Alumnes es va decidir participar tamb\u00e9 en l\u2019apartat de la millor campanya de comunicaci\u00f3 i es va atorgar la responsabilitat de preparar-la al Grup de Treball.<\/p>\n<p>En les sessions del mesos de gener i febrer, i algunes m\u00e9s d\u2019extres, es van consensuar i portar a terme totes les seves propostes.<\/p>\n<p>&nbsp;<\/p>\n<p>&nbsp;<\/p>\n<p>Primer van elaborar diferents cartells informatius per a les cartelleres verdes del centre.<\/p>\n<p style=\"text-align: center\"><a href=\"https:\/\/agora.xtec.cat\/ceipmarcelidomingo-roquetes\/wp-content\/uploads\/usu961\/2020\/03\/cartell-piles-imprimir-2.jpg\"><img loading=\"lazy\" decoding=\"async\" class=\"alignnone wp-image-3588 size-medium\" src=\"https:\/\/agora.xtec.cat\/ceipmarcelidomingo-roquetes\/wp-content\/uploads\/usu961\/2020\/03\/cartell-piles-imprimir-2-300x225.jpg\" alt=\"\" width=\"300\" height=\"225\" srcset=\"https:\/\/agora.xtec.cat\/ceipmarcelidomingo-roquetes\/wp-content\/uploads\/usu961\/2020\/03\/cartell-piles-imprimir-2-300x225.jpg 300w, https:\/\/agora.xtec.cat\/ceipmarcelidomingo-roquetes\/wp-content\/uploads\/usu961\/2020\/03\/cartell-piles-imprimir-2-768x576.jpg 768w, https:\/\/agora.xtec.cat\/ceipmarcelidomingo-roquetes\/wp-content\/uploads\/usu961\/2020\/03\/cartell-piles-imprimir-2-1024x768.jpg 1024w, https:\/\/agora.xtec.cat\/ceipmarcelidomingo-roquetes\/wp-content\/uploads\/usu961\/2020\/03\/cartell-piles-imprimir-2-200x150.jpg 200w, https:\/\/agora.xtec.cat\/ceipmarcelidomingo-roquetes\/wp-content\/uploads\/usu961\/2020\/03\/cartell-piles-imprimir-2.jpg 1058w\" sizes=\"auto, (max-width: 300px) 100vw, 300px\" \/><\/a> \u00a0\u00a0<a href=\"https:\/\/agora.xtec.cat\/ceipmarcelidomingo-roquetes\/wp-content\/uploads\/usu961\/2020\/03\/cartell-piles-imprimir.jpg\"><img loading=\"lazy\" decoding=\"async\" class=\"alignnone wp-image-3589 size-medium\" src=\"https:\/\/agora.xtec.cat\/ceipmarcelidomingo-roquetes\/wp-content\/uploads\/usu961\/2020\/03\/cartell-piles-imprimir-300x225.jpg\" alt=\"\" width=\"300\" height=\"225\" srcset=\"https:\/\/agora.xtec.cat\/ceipmarcelidomingo-roquetes\/wp-content\/uploads\/usu961\/2020\/03\/cartell-piles-imprimir-300x225.jpg 300w, https:\/\/agora.xtec.cat\/ceipmarcelidomingo-roquetes\/wp-content\/uploads\/usu961\/2020\/03\/cartell-piles-imprimir-768x576.jpg 768w, https:\/\/agora.xtec.cat\/ceipmarcelidomingo-roquetes\/wp-content\/uploads\/usu961\/2020\/03\/cartell-piles-imprimir-1024x768.jpg 1024w, https:\/\/agora.xtec.cat\/ceipmarcelidomingo-roquetes\/wp-content\/uploads\/usu961\/2020\/03\/cartell-piles-imprimir-200x150.jpg 200w, https:\/\/agora.xtec.cat\/ceipmarcelidomingo-roquetes\/wp-content\/uploads\/usu961\/2020\/03\/cartell-piles-imprimir.jpg 1058w\" sizes=\"auto, (max-width: 300px) 100vw, 300px\" \/><\/a><\/p>\n<p><a href=\"https:\/\/agora.xtec.cat\/ceipmarcelidomingo-roquetes\/wp-content\/uploads\/usu961\/2020\/03\/cartell-CM.jpg\"><img loading=\"lazy\" decoding=\"async\" class=\"wp-image-3586 aligncenter\" src=\"https:\/\/agora.xtec.cat\/ceipmarcelidomingo-roquetes\/wp-content\/uploads\/usu961\/2020\/03\/cartell-CM-1024x768.jpg\" alt=\"\" width=\"467\" height=\"350\" srcset=\"https:\/\/agora.xtec.cat\/ceipmarcelidomingo-roquetes\/wp-content\/uploads\/usu961\/2020\/03\/cartell-CM-1024x768.jpg 1024w, https:\/\/agora.xtec.cat\/ceipmarcelidomingo-roquetes\/wp-content\/uploads\/usu961\/2020\/03\/cartell-CM-300x225.jpg 300w, https:\/\/agora.xtec.cat\/ceipmarcelidomingo-roquetes\/wp-content\/uploads\/usu961\/2020\/03\/cartell-CM-768x576.jpg 768w, https:\/\/agora.xtec.cat\/ceipmarcelidomingo-roquetes\/wp-content\/uploads\/usu961\/2020\/03\/cartell-CM-200x150.jpg 200w\" sizes=\"auto, (max-width: 467px) 100vw, 467px\" \/><\/a><\/p>\n<p style=\"text-align: left\">Aquests cartells es van col\u00b7locar tamb\u00e9 al nostre espai de recollida de piles.<\/p>\n<p style=\"text-align: center\"><a href=\"https:\/\/agora.xtec.cat\/ceipmarcelidomingo-roquetes\/wp-content\/uploads\/usu961\/2020\/03\/WhatsApp-Image-2020-02-21-at-17.49.22-1.jpeg\"><img loading=\"lazy\" decoding=\"async\" class=\"alignnone wp-image-3599 \" src=\"https:\/\/agora.xtec.cat\/ceipmarcelidomingo-roquetes\/wp-content\/uploads\/usu961\/2020\/03\/WhatsApp-Image-2020-02-21-at-17.49.22-1-300x225.jpeg\" alt=\"\" width=\"300\" height=\"225\" srcset=\"https:\/\/agora.xtec.cat\/ceipmarcelidomingo-roquetes\/wp-content\/uploads\/usu961\/2020\/03\/WhatsApp-Image-2020-02-21-at-17.49.22-1-300x225.jpeg 300w, https:\/\/agora.xtec.cat\/ceipmarcelidomingo-roquetes\/wp-content\/uploads\/usu961\/2020\/03\/WhatsApp-Image-2020-02-21-at-17.49.22-1-768x576.jpeg 768w, https:\/\/agora.xtec.cat\/ceipmarcelidomingo-roquetes\/wp-content\/uploads\/usu961\/2020\/03\/WhatsApp-Image-2020-02-21-at-17.49.22-1.jpeg 1024w, https:\/\/agora.xtec.cat\/ceipmarcelidomingo-roquetes\/wp-content\/uploads\/usu961\/2020\/03\/WhatsApp-Image-2020-02-21-at-17.49.22-1-200x150.jpeg 200w\" sizes=\"auto, (max-width: 300px) 100vw, 300px\" \/> \u00a0 \u00a0 \u00a0 <\/a><img loading=\"lazy\" decoding=\"async\" class=\"alignnone wp-image-3594 size-medium\" src=\"https:\/\/agora.xtec.cat\/ceipmarcelidomingo-roquetes\/wp-content\/uploads\/usu961\/2020\/03\/WhatsApp-Image-2020-02-21-at-17.49.22-5-1-300x225.jpeg\" alt=\"\" width=\"300\" height=\"225\" srcset=\"https:\/\/agora.xtec.cat\/ceipmarcelidomingo-roquetes\/wp-content\/uploads\/usu961\/2020\/03\/WhatsApp-Image-2020-02-21-at-17.49.22-5-1-300x225.jpeg 300w, https:\/\/agora.xtec.cat\/ceipmarcelidomingo-roquetes\/wp-content\/uploads\/usu961\/2020\/03\/WhatsApp-Image-2020-02-21-at-17.49.22-5-1-768x576.jpeg 768w, https:\/\/agora.xtec.cat\/ceipmarcelidomingo-roquetes\/wp-content\/uploads\/usu961\/2020\/03\/WhatsApp-Image-2020-02-21-at-17.49.22-5-1.jpeg 1024w, https:\/\/agora.xtec.cat\/ceipmarcelidomingo-roquetes\/wp-content\/uploads\/usu961\/2020\/03\/WhatsApp-Image-2020-02-21-at-17.49.22-5-1-200x150.jpeg 200w\" sizes=\"auto, (max-width: 300px) 100vw, 300px\" \/><\/p>\n<p style=\"text-align: left\">A continuaci\u00f3 van escriure una can\u00e7\u00f3 per promocionar la recollida de piles a l\u2019espai Apilo de l\u2019escola. Es va comptar amb l\u2019ajuda de la mestra de m\u00fasica Lourdes i el mestre de m\u00fasica en pr\u00e0ctiques Rafa. La lletra de la can\u00e7\u00f3 \u00e9s fruit de l\u2019esfor\u00e7 i treball conjunt de tots els membres del grup i la m\u00fasica \u00e9s \u201cThe lazy Song\u201d de Bruno Mars. Es van dedicar diverses sessions a assajar la can\u00e7\u00f3 i posteriorment es va fer la gravaci\u00f3.<\/p>\n<p><a href=\"https:\/\/photos.app.goo.gl\/BAjwJRL5miwa2tFW7\"><img loading=\"lazy\" decoding=\"async\" class=\"aligncenter wp-image-3590\" src=\"https:\/\/agora.xtec.cat\/ceipmarcelidomingo-roquetes\/wp-content\/uploads\/usu961\/2020\/03\/can\u00e7\u00f3-apilo-1024x576.png\" alt=\"\" width=\"622\" height=\"350\" srcset=\"https:\/\/agora.xtec.cat\/ceipmarcelidomingo-roquetes\/wp-content\/uploads\/usu961\/2020\/03\/can\u00e7\u00f3-apilo-1024x576.png 1024w, https:\/\/agora.xtec.cat\/ceipmarcelidomingo-roquetes\/wp-content\/uploads\/usu961\/2020\/03\/can\u00e7\u00f3-apilo-300x169.png 300w, https:\/\/agora.xtec.cat\/ceipmarcelidomingo-roquetes\/wp-content\/uploads\/usu961\/2020\/03\/can\u00e7\u00f3-apilo-768x432.png 768w, https:\/\/agora.xtec.cat\/ceipmarcelidomingo-roquetes\/wp-content\/uploads\/usu961\/2020\/03\/can\u00e7\u00f3-apilo.png 1243w\" sizes=\"auto, (max-width: 622px) 100vw, 622px\" \/><\/a><\/p>\n<p style=\"text-align: center\">Cliqueu a sobre de la imatge anterior i podreu escoltar la can\u00e7\u00f3. Us animem a cantar-la amb nosaltres.<\/p>\n<p>Finalment, nom\u00e9s quedava l\u2019\u00faltima part: fer difusi\u00f3 de la can\u00e7\u00f3 per l\u2019escola. El dimarts 10 de mar\u00e7, els integrants del grup de treball van presentar la can\u00e7\u00f3\u00a0 als diferents cicles al gimn\u00e0s de l\u2019escola.<\/p>\n<p><a href=\"https:\/\/agora.xtec.cat\/ceipmarcelidomingo-roquetes\/wp-content\/uploads\/usu961\/2020\/03\/WhatsApp-Image-2020-03-10-at-19.24.31.jpeg\"><br \/>\n<img loading=\"lazy\" decoding=\"async\" class=\"wp-image-3597 aligncenter\" src=\"https:\/\/agora.xtec.cat\/ceipmarcelidomingo-roquetes\/wp-content\/uploads\/usu961\/2020\/03\/WhatsApp-Image-2020-03-10-at-19.24.31-1024x576.jpeg\" alt=\"\" width=\"533\" height=\"300\" srcset=\"https:\/\/agora.xtec.cat\/ceipmarcelidomingo-roquetes\/wp-content\/uploads\/usu961\/2020\/03\/WhatsApp-Image-2020-03-10-at-19.24.31-1024x576.jpeg 1024w, https:\/\/agora.xtec.cat\/ceipmarcelidomingo-roquetes\/wp-content\/uploads\/usu961\/2020\/03\/WhatsApp-Image-2020-03-10-at-19.24.31-300x169.jpeg 300w, https:\/\/agora.xtec.cat\/ceipmarcelidomingo-roquetes\/wp-content\/uploads\/usu961\/2020\/03\/WhatsApp-Image-2020-03-10-at-19.24.31-768x432.jpeg 768w, https:\/\/agora.xtec.cat\/ceipmarcelidomingo-roquetes\/wp-content\/uploads\/usu961\/2020\/03\/WhatsApp-Image-2020-03-10-at-19.24.31.jpeg 2048w\" sizes=\"auto, (max-width: 533px) 100vw, 533px\" \/><\/a><\/p>\n<p style=\"text-align: center\">Podeu veure les fotos de tot el que han fet clicant <a href=\"https:\/\/photos.app.goo.gl\/rLQggTt2c9Gmk9kF7\">aqu\u00ed<\/a>.<\/p>\n","protected":false},"excerpt":{"rendered":"<p>Al primer trimestre el nostre col\u00b7legi s&#8217;ha inscrit\u00a0 a la 6\u00aa edici\u00f3 del Concurs de Recollida de Piles a l\u2019escola (Missi\u00f3 Apilo XII) .<\/p>\n","protected":false},"author":11,"featured_media":3586,"comment_status":"open","ping_status":"closed","sticky":false,"template":"","format":"standard","meta":{"_bbp_topic_count":0,"_bbp_reply_count":0,"_bbp_total_topic_count":0,"_bbp_total_reply_count":0,"_bbp_voice_count":0,"_bbp_anonymous_reply_count":0,"_bbp_topic_count_hidden":0,"_bbp_reply_count_hidden":0,"_bbp_forum_subforum_count":0,"site-sidebar-layout":"default","site-content-layout":"","ast-site-content-layout":"","site-content-style":"default","site-sidebar-style":"default","ast-global-header-display":"","ast-banner-title-visibility":"","ast-main-header-display":"","ast-hfb-above-header-display":"","ast-hfb-below-header-display":"","ast-hfb-mobile-header-display":"","site-post-title":"","ast-breadcrumbs-content":"","ast-featured-img":"","footer-sml-layout":"","theme-transparent-header-meta":"","adv-header-id-meta":"","stick-header-meta":"","header-above-stick-meta":"","header-main-stick-meta":"","header-below-stick-meta":"","astra-migrate-meta-layouts":"default","ast-page-background-enabled":"default","ast-page-background-meta":{"desktop":{"background-color":"var(--ast-global-color-4)","background-image":"","background-repeat":"repeat","background-position":"center center","background-size":"auto","background-attachment":"scroll","background-type":"","background-media":"","overlay-type":"","overlay-color":"","overlay-opacity":"","overlay-gradient":""},"tablet":{"background-color":"","background-image":"","background-repeat":"repeat","background-position":"center center","background-size":"auto","background-attachment":"scroll","background-type":"","background-media":"","overlay-type":"","overlay-color":"","overlay-opacity":"","overlay-gradient":""},"mobile":{"background-color":"","background-image":"","background-repeat":"repeat","background-position":"center center","background-size":"auto","background-attachment":"scroll","background-type":"","background-media":"","overlay-type":"","overlay-color":"","overlay-opacity":"","overlay-gradient":""}},"ast-content-background-meta":{"desktop":{"background-color":"var(--ast-global-color-5)","background-image":"","background-repeat":"repeat","background-position":"center center","background-size":"auto","background-attachment":"scroll","background-type":"","background-media":"","overlay-type":"","overlay-color":"","overlay-opacity":"","overlay-gradient":""},"tablet":{"background-color":"var(--ast-global-color-5)","background-image":"","background-repeat":"repeat","background-position":"center center","background-size":"auto","background-attachment":"scroll","background-type":"","background-media":"","overlay-type":"","overlay-color":"","overlay-opacity":"","overlay-gradient":""},"mobile":{"background-color":"var(--ast-global-color-5)","background-image":"","background-repeat":"repeat","background-position":"center center","background-size":"auto","background-attachment":"scroll","background-type":"","background-media":"","overlay-type":"","overlay-color":"","overlay-opacity":"","overlay-gradient":""}},"footnotes":""},"categories":[73,1],"tags":[],"class_list":["post-3585","post","type-post","status-publish","format-standard","has-post-thumbnail","hentry","category-escola-verda","category-general"],"post_mailing_queue_ids":[],"_links":{"self":[{"href":"https:\/\/agora.xtec.cat\/ceipmarcelidomingo-roquetes\/wp-json\/wp\/v2\/posts\/3585","targetHints":{"allow":["GET"]}}],"collection":[{"href":"https:\/\/agora.xtec.cat\/ceipmarcelidomingo-roquetes\/wp-json\/wp\/v2\/posts"}],"about":[{"href":"https:\/\/agora.xtec.cat\/ceipmarcelidomingo-roquetes\/wp-json\/wp\/v2\/types\/post"}],"author":[{"embeddable":true,"href":"https:\/\/agora.xtec.cat\/ceipmarcelidomingo-roquetes\/wp-json\/wp\/v2\/users\/11"}],"replies":[{"embeddable":true,"href":"https:\/\/agora.xtec.cat\/ceipmarcelidomingo-roquetes\/wp-json\/wp\/v2\/comments?post=3585"}],"version-history":[{"count":3,"href":"https:\/\/agora.xtec.cat\/ceipmarcelidomingo-roquetes\/wp-json\/wp\/v2\/posts\/3585\/revisions"}],"predecessor-version":[{"id":3620,"href":"https:\/\/agora.xtec.cat\/ceipmarcelidomingo-roquetes\/wp-json\/wp\/v2\/posts\/3585\/revisions\/3620"}],"wp:featuredmedia":[{"embeddable":true,"href":"https:\/\/agora.xtec.cat\/ceipmarcelidomingo-roquetes\/wp-json\/wp\/v2\/media\/3586"}],"wp:attachment":[{"href":"https:\/\/agora.xtec.cat\/ceipmarcelidomingo-roquetes\/wp-json\/wp\/v2\/media?parent=3585"}],"wp:term":[{"taxonomy":"category","embeddable":true,"href":"https:\/\/agora.xtec.cat\/ceipmarcelidomingo-roquetes\/wp-json\/wp\/v2\/categories?post=3585"},{"taxonomy":"post_tag","embeddable":true,"href":"https:\/\/agora.xtec.cat\/ceipmarcelidomingo-roquetes\/wp-json\/wp\/v2\/tags?post=3585"}],"curies":[{"name":"wp","href":"https:\/\/api.w.org\/{rel}","templated":true}]}}