{"id":3298,"date":"2020-02-19T18:34:12","date_gmt":"2020-02-19T17:34:12","guid":{"rendered":"http:\/\/agora.xtec.cat\/ceipmarcelidomingo-roquetes\/?p=3298"},"modified":"2020-02-19T18:35:53","modified_gmt":"2020-02-19T17:35:53","slug":"visitem-lobservatori","status":"publish","type":"post","link":"https:\/\/agora.xtec.cat\/ceipmarcelidomingo-roquetes\/portada\/general\/visitem-lobservatori\/","title":{"rendered":"VISITEM L&#8217;OBSERVATORI"},"content":{"rendered":"<p style=\"text-align: left\"><a href=\"https:\/\/agora.xtec.cat\/ceipmarcelidomingo-roquetes\/wp-content\/uploads\/usu961\/2020\/02\/logoweb.png\"><img loading=\"lazy\" decoding=\"async\" class=\" wp-image-3300 alignleft\" src=\"https:\/\/agora.xtec.cat\/ceipmarcelidomingo-roquetes\/wp-content\/uploads\/usu961\/2020\/02\/logoweb.png\" alt=\"\" width=\"396\" height=\"192\" srcset=\"https:\/\/agora.xtec.cat\/ceipmarcelidomingo-roquetes\/wp-content\/uploads\/usu961\/2020\/02\/logoweb.png 309w, https:\/\/agora.xtec.cat\/ceipmarcelidomingo-roquetes\/wp-content\/uploads\/usu961\/2020\/02\/logoweb-300x146.png 300w\" sizes=\"auto, (max-width: 396px) 100vw, 396px\" \/><\/a> \u00a0 \u00a0 \u00a0 \u00a0 \u00a0 \u00a0 \u00a0 \u00a0 \u00a0 <a href=\"https:\/\/agora.xtec.cat\/ceipmarcelidomingo-roquetes\/wp-content\/uploads\/usu961\/2020\/02\/observatori_de_lebre.jpg\"><img loading=\"lazy\" decoding=\"async\" class=\"alignnone wp-image-3315\" src=\"https:\/\/agora.xtec.cat\/ceipmarcelidomingo-roquetes\/wp-content\/uploads\/usu961\/2020\/02\/observatori_de_lebre.jpg\" alt=\"\" width=\"275\" height=\"293\" srcset=\"https:\/\/agora.xtec.cat\/ceipmarcelidomingo-roquetes\/wp-content\/uploads\/usu961\/2020\/02\/observatori_de_lebre.jpg 868w, https:\/\/agora.xtec.cat\/ceipmarcelidomingo-roquetes\/wp-content\/uploads\/usu961\/2020\/02\/observatori_de_lebre-282x300.jpg 282w, https:\/\/agora.xtec.cat\/ceipmarcelidomingo-roquetes\/wp-content\/uploads\/usu961\/2020\/02\/observatori_de_lebre-768x818.jpg 768w\" sizes=\"auto, (max-width: 275px) 100vw, 275px\" \/><\/a><\/p>\n<p style=\"text-align: justify\">El dijous 13 de Febrer els alumnes de tercer vam anar a l\u2019Observatori de l\u2019Ebre.<\/p>\n<p style=\"text-align: justify\">Cada grup va fer la visita guiada amb un monitor. Vam poder con\u00e8ixer els \u00a0pavellons centenaris de sismologia, meteorologia i astronomia on hi vam veure els instruments actuals i hist\u00f2rics que contenen.<\/p>\n<p style=\"text-align: justify\">Ens van explicar que l\u2019Observatori es va fundar el 1904 per la Companyia de Jes\u00fas per estudiar les relacions Sol-Terra.<\/p>\n<p style=\"text-align: center\"><strong>Fa 116 anys que est\u00e0 en funcionament!<\/strong><\/p>\n<h3><\/h3>\n<h3 style=\"text-align: center\"><strong>EL PAVELL\u00d3 S\u00cdSMIC<\/strong><\/h3>\n<p style=\"text-align: justify\">Aquest pavell\u00f3 va ser la primera estaci\u00f3 s\u00edsmica de Catalunya. En el pavell\u00f3 hi hem vist el sism\u00f2graf Mainka modificat, que va estar operatiu entre 1942 i 1965.<\/p>\n<p style=\"text-align: justify\">El pavell\u00f3 compta amb una exposici\u00f3 sobre els terratr\u00e8mols i la propagaci\u00f3 de les ones mec\u00e0niques per l\u2019interior de la Terra.<\/p>\n<p style=\"text-align: justify\"><a href=\"https:\/\/agora.xtec.cat\/ceipmarcelidomingo-roquetes\/wp-content\/uploads\/usu961\/2020\/02\/IMG_20200213_094409.jpg\"><img loading=\"lazy\" decoding=\"async\" class=\"wp-image-3306 aligncenter\" src=\"https:\/\/agora.xtec.cat\/ceipmarcelidomingo-roquetes\/wp-content\/uploads\/usu961\/2020\/02\/IMG_20200213_094409-1024x768.jpg\" alt=\"\" width=\"320\" height=\"240\" srcset=\"https:\/\/agora.xtec.cat\/ceipmarcelidomingo-roquetes\/wp-content\/uploads\/usu961\/2020\/02\/IMG_20200213_094409-1024x768.jpg 1024w, https:\/\/agora.xtec.cat\/ceipmarcelidomingo-roquetes\/wp-content\/uploads\/usu961\/2020\/02\/IMG_20200213_094409-300x225.jpg 300w, https:\/\/agora.xtec.cat\/ceipmarcelidomingo-roquetes\/wp-content\/uploads\/usu961\/2020\/02\/IMG_20200213_094409-768x576.jpg 768w, https:\/\/agora.xtec.cat\/ceipmarcelidomingo-roquetes\/wp-content\/uploads\/usu961\/2020\/02\/IMG_20200213_094409-200x150.jpg 200w\" sizes=\"auto, (max-width: 320px) 100vw, 320px\" \/><\/a><\/p>\n<p style=\"text-align: justify\">En una columna de la sala de l\u2019exposici\u00f3 hi ha els registres de tres grans terratr\u00e8mols d\u2019arreu del m\u00f3n: el de la ciutat de San Francisco del 1906, el de Xile del 1960 i el de la costa de Tarragona del 1995.<\/p>\n<p><a href=\"https:\/\/agora.xtec.cat\/ceipmarcelidomingo-roquetes\/wp-content\/uploads\/usu961\/2020\/02\/WhatsApp-Image-2020-02-15-at-12.16.48-2.jpeg\"><img loading=\"lazy\" decoding=\"async\" class=\"wp-image-3308 aligncenter\" src=\"https:\/\/agora.xtec.cat\/ceipmarcelidomingo-roquetes\/wp-content\/uploads\/usu961\/2020\/02\/WhatsApp-Image-2020-02-15-at-12.16.48-2-1024x768.jpeg\" alt=\"\" width=\"479\" height=\"359\" srcset=\"https:\/\/agora.xtec.cat\/ceipmarcelidomingo-roquetes\/wp-content\/uploads\/usu961\/2020\/02\/WhatsApp-Image-2020-02-15-at-12.16.48-2-1024x768.jpeg 1024w, https:\/\/agora.xtec.cat\/ceipmarcelidomingo-roquetes\/wp-content\/uploads\/usu961\/2020\/02\/WhatsApp-Image-2020-02-15-at-12.16.48-2-300x225.jpeg 300w, https:\/\/agora.xtec.cat\/ceipmarcelidomingo-roquetes\/wp-content\/uploads\/usu961\/2020\/02\/WhatsApp-Image-2020-02-15-at-12.16.48-2-768x576.jpeg 768w, https:\/\/agora.xtec.cat\/ceipmarcelidomingo-roquetes\/wp-content\/uploads\/usu961\/2020\/02\/WhatsApp-Image-2020-02-15-at-12.16.48-2-200x150.jpeg 200w, https:\/\/agora.xtec.cat\/ceipmarcelidomingo-roquetes\/wp-content\/uploads\/usu961\/2020\/02\/WhatsApp-Image-2020-02-15-at-12.16.48-2.jpeg 1600w\" sizes=\"auto, (max-width: 479px) 100vw, 479px\" \/><\/a><\/p>\n<p style=\"text-align: justify\">Avui en dia els sensors moderns d\u2019aquest pavell\u00f3 s\u2019uneixen a d\u2019altres estacions remotes per conformar la xarxa s\u00edsmica local.<\/p>\n<p style=\"text-align: justify\">Podeu veure les fotos dels diferents grups clicant <a href=\"https:\/\/photos.app.goo.gl\/xYfi2vtMG4LCcNcL6\">aqu\u00ed<\/a>.<\/p>\n<h3><\/h3>\n<h3 style=\"text-align: center\">PAVELL\u00d3 METEOROL\u00d2GIC<\/h3>\n<p><a href=\"https:\/\/agora.xtec.cat\/ceipmarcelidomingo-roquetes\/wp-content\/uploads\/usu961\/2020\/02\/IMG_20200213_101338.jpg\">\u00a0 \u00a0 \u00a0 \u00a0 \u00a0 \u00a0 \u00a0 <img loading=\"lazy\" decoding=\"async\" class=\"alignnone wp-image-3311\" src=\"https:\/\/agora.xtec.cat\/ceipmarcelidomingo-roquetes\/wp-content\/uploads\/usu961\/2020\/02\/IMG_20200213_101338-1024x798.jpg\" alt=\"\" width=\"325\" height=\"253\" srcset=\"https:\/\/agora.xtec.cat\/ceipmarcelidomingo-roquetes\/wp-content\/uploads\/usu961\/2020\/02\/IMG_20200213_101338-1024x798.jpg 1024w, https:\/\/agora.xtec.cat\/ceipmarcelidomingo-roquetes\/wp-content\/uploads\/usu961\/2020\/02\/IMG_20200213_101338-300x234.jpg 300w, https:\/\/agora.xtec.cat\/ceipmarcelidomingo-roquetes\/wp-content\/uploads\/usu961\/2020\/02\/IMG_20200213_101338-768x598.jpg 768w\" sizes=\"auto, (max-width: 325px) 100vw, 325px\" \/> <\/a> \u00a0\u00a0 \u00a0\u00a0 \u00a0\u00a0 \u00a0<a href=\"https:\/\/agora.xtec.cat\/ceipmarcelidomingo-roquetes\/wp-content\/uploads\/usu961\/2020\/02\/IMG_20200213_101303.jpg\"><img loading=\"lazy\" decoding=\"async\" class=\"alignnone wp-image-3312\" src=\"https:\/\/agora.xtec.cat\/ceipmarcelidomingo-roquetes\/wp-content\/uploads\/usu961\/2020\/02\/IMG_20200213_101303-1024x768.jpg\" alt=\"\" width=\"340\" height=\"255\" srcset=\"https:\/\/agora.xtec.cat\/ceipmarcelidomingo-roquetes\/wp-content\/uploads\/usu961\/2020\/02\/IMG_20200213_101303-1024x768.jpg 1024w, https:\/\/agora.xtec.cat\/ceipmarcelidomingo-roquetes\/wp-content\/uploads\/usu961\/2020\/02\/IMG_20200213_101303-300x225.jpg 300w, https:\/\/agora.xtec.cat\/ceipmarcelidomingo-roquetes\/wp-content\/uploads\/usu961\/2020\/02\/IMG_20200213_101303-768x576.jpg 768w, https:\/\/agora.xtec.cat\/ceipmarcelidomingo-roquetes\/wp-content\/uploads\/usu961\/2020\/02\/IMG_20200213_101303-200x150.jpg 200w\" sizes=\"auto, (max-width: 340px) 100vw, 340px\" \/><\/a><\/p>\n<p style=\"text-align: justify\">El pavell\u00f3 i el jard\u00ed meteorol\u00f2gics contenen l\u2019estaci\u00f3 meteorol\u00f2gica i una exposici\u00f3 d\u2019instruments antics. L\u2019estaci\u00f3 meteorol\u00f2gica forma part de<em>\u00a0l\u2019Agencia Estatal de Meteorologia<\/em><em>\u00a0(AEMET)<\/em>.<\/p>\n<p style=\"text-align: justify\"><a href=\"https:\/\/agora.xtec.cat\/ceipmarcelidomingo-roquetes\/wp-content\/uploads\/usu961\/2020\/02\/IMG_20200213_100804.jpg\"><img loading=\"lazy\" decoding=\"async\" class=\"wp-image-3313 alignleft\" src=\"https:\/\/agora.xtec.cat\/ceipmarcelidomingo-roquetes\/wp-content\/uploads\/usu961\/2020\/02\/IMG_20200213_100804-1024x768.jpg\" alt=\"\" width=\"254\" height=\"191\" srcset=\"https:\/\/agora.xtec.cat\/ceipmarcelidomingo-roquetes\/wp-content\/uploads\/usu961\/2020\/02\/IMG_20200213_100804-1024x768.jpg 1024w, https:\/\/agora.xtec.cat\/ceipmarcelidomingo-roquetes\/wp-content\/uploads\/usu961\/2020\/02\/IMG_20200213_100804-300x225.jpg 300w, https:\/\/agora.xtec.cat\/ceipmarcelidomingo-roquetes\/wp-content\/uploads\/usu961\/2020\/02\/IMG_20200213_100804-768x576.jpg 768w, https:\/\/agora.xtec.cat\/ceipmarcelidomingo-roquetes\/wp-content\/uploads\/usu961\/2020\/02\/IMG_20200213_100804-200x150.jpg 200w\" sizes=\"auto, (max-width: 254px) 100vw, 254px\" \/><\/a>Tots els dies de l\u2019any un observador realitza, almenys 7 cops al dia, mesures de temperatura, humitat relativa, pressi\u00f3 atmo<span style=\"font-family: inherit;font-size: 1em\">sf\u00e8rica, precipitaci\u00f3, velocitat i direcci\u00f3 del vent, evaporaci\u00f3, insolaci\u00f3, cobertura i tipus de n\u00favols, visibilitat, aix\u00ed com<\/span><span style=\"font-family: inherit;font-size: 1em\">\u00a0l\u2019anotaci\u00f3 d\u2019aquells fen\u00f2mens que no es quantifiquen per\u00f2 s\u00ed s\u2019observen, com ara la pres\u00e8ncia de calima, boira, rosada, arc de San Mar<\/span>t\u00ed, tempesta, etc&#8230;<\/p>\n<p style=\"text-align: justify\">Vam veure com un observador prenia les dades.<\/p>\n<p>&nbsp;<\/p>\n<p><a href=\"https:\/\/agora.xtec.cat\/ceipmarcelidomingo-roquetes\/wp-content\/uploads\/usu961\/2020\/02\/IMG-1842-dos.jpg\"><img loading=\"lazy\" decoding=\"async\" class=\"wp-image-3344 aligncenter\" src=\"https:\/\/agora.xtec.cat\/ceipmarcelidomingo-roquetes\/wp-content\/uploads\/usu961\/2020\/02\/IMG-1842-dos-1024x768.jpg\" alt=\"\" width=\"484\" height=\"363\" srcset=\"https:\/\/agora.xtec.cat\/ceipmarcelidomingo-roquetes\/wp-content\/uploads\/usu961\/2020\/02\/IMG-1842-dos-1024x768.jpg 1024w, https:\/\/agora.xtec.cat\/ceipmarcelidomingo-roquetes\/wp-content\/uploads\/usu961\/2020\/02\/IMG-1842-dos-300x225.jpg 300w, https:\/\/agora.xtec.cat\/ceipmarcelidomingo-roquetes\/wp-content\/uploads\/usu961\/2020\/02\/IMG-1842-dos-768x576.jpg 768w, https:\/\/agora.xtec.cat\/ceipmarcelidomingo-roquetes\/wp-content\/uploads\/usu961\/2020\/02\/IMG-1842-dos-200x150.jpg 200w, https:\/\/agora.xtec.cat\/ceipmarcelidomingo-roquetes\/wp-content\/uploads\/usu961\/2020\/02\/IMG-1842-dos.jpg 2016w\" sizes=\"auto, (max-width: 484px) 100vw, 484px\" \/><\/a><\/p>\n<p style=\"text-align: justify\">Aquestes dades s\u00f3n necess\u00e0ries per a la realitzaci\u00f3 de la previsi\u00f3 meteorol\u00f2gica.<\/p>\n<p style=\"text-align: justify\">El recull de les mateixes al llarg de m\u00e9s d\u2019un segle s\u00f3n, avui en dia, un referent per a l\u2019estudi del canvi clim\u00e0tic.<\/p>\n<p><a href=\"https:\/\/photos.app.goo.gl\/NhSP7Hrnihvm5oaNA\"><img loading=\"lazy\" decoding=\"async\" class=\"aligncenter wp-image-3314\" src=\"https:\/\/agora.xtec.cat\/ceipmarcelidomingo-roquetes\/wp-content\/uploads\/usu961\/2020\/02\/WhatsApp-Image-2020-02-15-at-12.16.48-1024x768.jpeg\" alt=\"\" width=\"439\" height=\"329\" srcset=\"https:\/\/agora.xtec.cat\/ceipmarcelidomingo-roquetes\/wp-content\/uploads\/usu961\/2020\/02\/WhatsApp-Image-2020-02-15-at-12.16.48-1024x768.jpeg 1024w, https:\/\/agora.xtec.cat\/ceipmarcelidomingo-roquetes\/wp-content\/uploads\/usu961\/2020\/02\/WhatsApp-Image-2020-02-15-at-12.16.48-300x225.jpeg 300w, https:\/\/agora.xtec.cat\/ceipmarcelidomingo-roquetes\/wp-content\/uploads\/usu961\/2020\/02\/WhatsApp-Image-2020-02-15-at-12.16.48-768x576.jpeg 768w, https:\/\/agora.xtec.cat\/ceipmarcelidomingo-roquetes\/wp-content\/uploads\/usu961\/2020\/02\/WhatsApp-Image-2020-02-15-at-12.16.48-200x150.jpeg 200w, https:\/\/agora.xtec.cat\/ceipmarcelidomingo-roquetes\/wp-content\/uploads\/usu961\/2020\/02\/WhatsApp-Image-2020-02-15-at-12.16.48.jpeg 1600w\" sizes=\"auto, (max-width: 439px) 100vw, 439px\" \/><\/a><\/p>\n<p style=\"text-align: center\">Cliqueu\u00a0 a sobre de la imatge anterior per veure les fotos.<\/p>\n<h3><\/h3>\n<h3 style=\"text-align: center\">PAVELL\u00d3 ASTRON\u00d2MIC<\/h3>\n<p style=\"text-align: justify\"><a href=\"https:\/\/agora.xtec.cat\/ceipmarcelidomingo-roquetes\/wp-content\/uploads\/usu961\/2020\/02\/149-Observatori-de-lEbre-Roquetes-fotogrfia-Teresa-Llorde-s.jpg\"><img loading=\"lazy\" decoding=\"async\" class=\"wp-image-3301 alignleft\" src=\"https:\/\/agora.xtec.cat\/ceipmarcelidomingo-roquetes\/wp-content\/uploads\/usu961\/2020\/02\/149-Observatori-de-lEbre-Roquetes-fotogrfia-Teresa-Llorde-s.jpg\" alt=\"\" width=\"305\" height=\"229\" srcset=\"https:\/\/agora.xtec.cat\/ceipmarcelidomingo-roquetes\/wp-content\/uploads\/usu961\/2020\/02\/149-Observatori-de-lEbre-Roquetes-fotogrfia-Teresa-Llorde-s.jpg 800w, https:\/\/agora.xtec.cat\/ceipmarcelidomingo-roquetes\/wp-content\/uploads\/usu961\/2020\/02\/149-Observatori-de-lEbre-Roquetes-fotogrfia-Teresa-Llorde-s-300x225.jpg 300w, https:\/\/agora.xtec.cat\/ceipmarcelidomingo-roquetes\/wp-content\/uploads\/usu961\/2020\/02\/149-Observatori-de-lEbre-Roquetes-fotogrfia-Teresa-Llorde-s-768x576.jpg 768w, https:\/\/agora.xtec.cat\/ceipmarcelidomingo-roquetes\/wp-content\/uploads\/usu961\/2020\/02\/149-Observatori-de-lEbre-Roquetes-fotogrfia-Teresa-Llorde-s-200x150.jpg 200w\" sizes=\"auto, (max-width: 305px) 100vw, 305px\" \/><\/a>Aquest pavell\u00f3 cont\u00e9 el telescopi solar, un telescopi astron\u00f2mic utilitzat per a la divulgaci\u00f3 cient\u00edfica, una exposici\u00f3 sobre el sol i telescopis i instruments antics. Un dels telescopis antics va ser cedit per la NASA i va ser uns dels que es van emprar quan l\u2019home va arribar a la Lluna.<\/p>\n<p style=\"text-align: justify\">Ens van explicar que, cada dia que les condicions meteorol\u00f2giques ho permeten, es fotografia la fotosfera del Sol amb un telescopi solar. Aix\u00ed es fa el seguiment d\u2019una de les manifestacions m\u00e9s caracter\u00edstiques de la seva activitat: les taques solars, que apareixen sobre la seva superf\u00edcie, varien de dia en dia i tenen una vida mitjana de entre dies i setmanes. Aproximadament cada onze anys el seu nombre passa per un m\u00e0xim. Les taques solars s\u00f3n regions del Sol amb intensitats de camp magn\u00e8tic milers de vegades m\u00e9s fort que el camp magn\u00e8tic de la Terra.<\/p>\n<p><a href=\"https:\/\/agora.xtec.cat\/ceipmarcelidomingo-roquetes\/wp-content\/uploads\/usu961\/2020\/02\/WhatsApp-Image-2020-02-15-at-12.16.50-2.jpeg\"><img loading=\"lazy\" decoding=\"async\" class=\"wp-image-3316 aligncenter\" src=\"https:\/\/agora.xtec.cat\/ceipmarcelidomingo-roquetes\/wp-content\/uploads\/usu961\/2020\/02\/WhatsApp-Image-2020-02-15-at-12.16.50-2-1024x768.jpeg\" alt=\"\" width=\"427\" height=\"320\" srcset=\"https:\/\/agora.xtec.cat\/ceipmarcelidomingo-roquetes\/wp-content\/uploads\/usu961\/2020\/02\/WhatsApp-Image-2020-02-15-at-12.16.50-2-1024x768.jpeg 1024w, https:\/\/agora.xtec.cat\/ceipmarcelidomingo-roquetes\/wp-content\/uploads\/usu961\/2020\/02\/WhatsApp-Image-2020-02-15-at-12.16.50-2-300x225.jpeg 300w, https:\/\/agora.xtec.cat\/ceipmarcelidomingo-roquetes\/wp-content\/uploads\/usu961\/2020\/02\/WhatsApp-Image-2020-02-15-at-12.16.50-2-768x576.jpeg 768w, https:\/\/agora.xtec.cat\/ceipmarcelidomingo-roquetes\/wp-content\/uploads\/usu961\/2020\/02\/WhatsApp-Image-2020-02-15-at-12.16.50-2-200x150.jpeg 200w, https:\/\/agora.xtec.cat\/ceipmarcelidomingo-roquetes\/wp-content\/uploads\/usu961\/2020\/02\/WhatsApp-Image-2020-02-15-at-12.16.50-2.jpeg 1600w\" sizes=\"auto, (max-width: 427px) 100vw, 427px\" \/><\/a><\/p>\n<p><a href=\"https:\/\/agora.xtec.cat\/ceipmarcelidomingo-roquetes\/wp-content\/uploads\/usu961\/2020\/02\/EFFECTS.jpg\">\u00a0 <img loading=\"lazy\" decoding=\"async\" class=\"alignnone wp-image-3318\" src=\"https:\/\/agora.xtec.cat\/ceipmarcelidomingo-roquetes\/wp-content\/uploads\/usu961\/2020\/02\/EFFECTS-1024x768.jpg\" alt=\"\" width=\"400\" height=\"300\" srcset=\"https:\/\/agora.xtec.cat\/ceipmarcelidomingo-roquetes\/wp-content\/uploads\/usu961\/2020\/02\/EFFECTS-1024x768.jpg 1024w, https:\/\/agora.xtec.cat\/ceipmarcelidomingo-roquetes\/wp-content\/uploads\/usu961\/2020\/02\/EFFECTS-300x225.jpg 300w, https:\/\/agora.xtec.cat\/ceipmarcelidomingo-roquetes\/wp-content\/uploads\/usu961\/2020\/02\/EFFECTS-768x576.jpg 768w, https:\/\/agora.xtec.cat\/ceipmarcelidomingo-roquetes\/wp-content\/uploads\/usu961\/2020\/02\/EFFECTS-200x150.jpg 200w\" sizes=\"auto, (max-width: 400px) 100vw, 400px\" \/><\/a> <a href=\"https:\/\/agora.xtec.cat\/ceipmarcelidomingo-roquetes\/wp-content\/uploads\/usu961\/2020\/02\/IMG_20200213_110008.jpg\"><img loading=\"lazy\" decoding=\"async\" class=\"alignnone wp-image-3317\" src=\"https:\/\/agora.xtec.cat\/ceipmarcelidomingo-roquetes\/wp-content\/uploads\/usu961\/2020\/02\/IMG_20200213_110008-1024x768.jpg\" alt=\"\" width=\"400\" height=\"300\" srcset=\"https:\/\/agora.xtec.cat\/ceipmarcelidomingo-roquetes\/wp-content\/uploads\/usu961\/2020\/02\/IMG_20200213_110008-1024x768.jpg 1024w, https:\/\/agora.xtec.cat\/ceipmarcelidomingo-roquetes\/wp-content\/uploads\/usu961\/2020\/02\/IMG_20200213_110008-300x225.jpg 300w, https:\/\/agora.xtec.cat\/ceipmarcelidomingo-roquetes\/wp-content\/uploads\/usu961\/2020\/02\/IMG_20200213_110008-768x576.jpg 768w, https:\/\/agora.xtec.cat\/ceipmarcelidomingo-roquetes\/wp-content\/uploads\/usu961\/2020\/02\/IMG_20200213_110008-200x150.jpg 200w\" sizes=\"auto, (max-width: 400px) 100vw, 400px\" \/><\/a><\/p>\n<p><a href=\"https:\/\/agora.xtec.cat\/ceipmarcelidomingo-roquetes\/wp-content\/uploads\/usu961\/2020\/02\/IMG-1849.jpg\"><img loading=\"lazy\" decoding=\"async\" class=\"alignnone wp-image-3345 aligncenter\" src=\"https:\/\/agora.xtec.cat\/ceipmarcelidomingo-roquetes\/wp-content\/uploads\/usu961\/2020\/02\/IMG-1849-1024x768.jpg\" alt=\"\" width=\"471\" height=\"353\" srcset=\"https:\/\/agora.xtec.cat\/ceipmarcelidomingo-roquetes\/wp-content\/uploads\/usu961\/2020\/02\/IMG-1849-1024x768.jpg 1024w, https:\/\/agora.xtec.cat\/ceipmarcelidomingo-roquetes\/wp-content\/uploads\/usu961\/2020\/02\/IMG-1849-300x225.jpg 300w, https:\/\/agora.xtec.cat\/ceipmarcelidomingo-roquetes\/wp-content\/uploads\/usu961\/2020\/02\/IMG-1849-768x576.jpg 768w, https:\/\/agora.xtec.cat\/ceipmarcelidomingo-roquetes\/wp-content\/uploads\/usu961\/2020\/02\/IMG-1849-200x150.jpg 200w\" sizes=\"auto, (max-width: 471px) 100vw, 471px\" \/><\/a><\/p>\n<p style=\"text-align: justify\">Vam poder veure com la c\u00fapula del pavell\u00f3 s\u2019obre per poder fotografiar el Sol i com es pot moure, girant sobre ella mateixa, per orientar el telescopi a la posici\u00f3 del Sol.<\/p>\n<p style=\"text-align: justify\">Va ser una ll\u00e0stima que el dia estigu\u00e9s ennuvolat i no pogu\u00e9ssim veure les taques solars en directe amb el cel\u00f2stat!<\/p>\n<p style=\"text-align: center\">Cliqueu <a href=\"https:\/\/photos.app.goo.gl\/NdWzBxdqscwe6vt27\">aqu\u00ed<\/a> per veure m\u00e9s fotos.<\/p>\n<p style=\"text-align: justify\">En acabar la visita vam esmorzar a la zona que envolta el pavell\u00f3 s\u00edsmic.<\/p>\n<p><a href=\"https:\/\/photos.app.goo.gl\/zVuVaJ9LdcHe4oRCA\"><img loading=\"lazy\" decoding=\"async\" class=\"aligncenter wp-image-3320\" src=\"https:\/\/agora.xtec.cat\/ceipmarcelidomingo-roquetes\/wp-content\/uploads\/usu961\/2020\/02\/IMG_20200213_111450-dos-1024x768.jpg\" alt=\"\" width=\"456\" height=\"342\" srcset=\"https:\/\/agora.xtec.cat\/ceipmarcelidomingo-roquetes\/wp-content\/uploads\/usu961\/2020\/02\/IMG_20200213_111450-dos-1024x768.jpg 1024w, https:\/\/agora.xtec.cat\/ceipmarcelidomingo-roquetes\/wp-content\/uploads\/usu961\/2020\/02\/IMG_20200213_111450-dos-300x225.jpg 300w, https:\/\/agora.xtec.cat\/ceipmarcelidomingo-roquetes\/wp-content\/uploads\/usu961\/2020\/02\/IMG_20200213_111450-dos-768x576.jpg 768w, https:\/\/agora.xtec.cat\/ceipmarcelidomingo-roquetes\/wp-content\/uploads\/usu961\/2020\/02\/IMG_20200213_111450-dos-200x150.jpg 200w\" sizes=\"auto, (max-width: 456px) 100vw, 456px\" \/><\/a><\/p>\n<p style=\"text-align: center\">Veureu m\u00e9s fotos clicant a sobre de la foto anterior.<\/p>\n<p style=\"text-align: center\">Vam aprendre molt i ens ho vam passar molt b\u00e9.<\/p>\n<h3 style=\"text-align: center\">Moltes gr\u00e0cies a tots els monitors!!!!<\/h3>\n","protected":false},"excerpt":{"rendered":"<p>El dijous 13 de Febrer els alumnes de tercer vam anar a l\u2019Observatori de l\u2019Ebre.<\/p>\n","protected":false},"author":8,"featured_media":3345,"comment_status":"open","ping_status":"closed","sticky":false,"template":"","format":"standard","meta":{"_bbp_topic_count":0,"_bbp_reply_count":0,"_bbp_total_topic_count":0,"_bbp_total_reply_count":0,"_bbp_voice_count":0,"_bbp_anonymous_reply_count":0,"_bbp_topic_count_hidden":0,"_bbp_reply_count_hidden":0,"_bbp_forum_subforum_count":0,"site-sidebar-layout":"default","site-content-layout":"","ast-site-content-layout":"","site-content-style":"default","site-sidebar-style":"default","ast-global-header-display":"","ast-banner-title-visibility":"","ast-main-header-display":"","ast-hfb-above-header-display":"","ast-hfb-below-header-display":"","ast-hfb-mobile-header-display":"","site-post-title":"","ast-breadcrumbs-content":"","ast-featured-img":"","footer-sml-layout":"","theme-transparent-header-meta":"","adv-header-id-meta":"","stick-header-meta":"","header-above-stick-meta":"","header-main-stick-meta":"","header-below-stick-meta":"","astra-migrate-meta-layouts":"default","ast-page-background-enabled":"default","ast-page-background-meta":{"desktop":{"background-color":"var(--ast-global-color-4)","background-image":"","background-repeat":"repeat","background-position":"center center","background-size":"auto","background-attachment":"scroll","background-type":"","background-media":"","overlay-type":"","overlay-color":"","overlay-opacity":"","overlay-gradient":""},"tablet":{"background-color":"","background-image":"","background-repeat":"repeat","background-position":"center center","background-size":"auto","background-attachment":"scroll","background-type":"","background-media":"","overlay-type":"","overlay-color":"","overlay-opacity":"","overlay-gradient":""},"mobile":{"background-color":"","background-image":"","background-repeat":"repeat","background-position":"center center","background-size":"auto","background-attachment":"scroll","background-type":"","background-media":"","overlay-type":"","overlay-color":"","overlay-opacity":"","overlay-gradient":""}},"ast-content-background-meta":{"desktop":{"background-color":"var(--ast-global-color-5)","background-image":"","background-repeat":"repeat","background-position":"center center","background-size":"auto","background-attachment":"scroll","background-type":"","background-media":"","overlay-type":"","overlay-color":"","overlay-opacity":"","overlay-gradient":""},"tablet":{"background-color":"var(--ast-global-color-5)","background-image":"","background-repeat":"repeat","background-position":"center center","background-size":"auto","background-attachment":"scroll","background-type":"","background-media":"","overlay-type":"","overlay-color":"","overlay-opacity":"","overlay-gradient":""},"mobile":{"background-color":"var(--ast-global-color-5)","background-image":"","background-repeat":"repeat","background-position":"center center","background-size":"auto","background-attachment":"scroll","background-type":"","background-media":"","overlay-type":"","overlay-color":"","overlay-opacity":"","overlay-gradient":""}},"footnotes":""},"categories":[12,1],"tags":[],"class_list":["post-3298","post","type-post","status-publish","format-standard","has-post-thumbnail","hentry","category-3r","category-general"],"post_mailing_queue_ids":[],"_links":{"self":[{"href":"https:\/\/agora.xtec.cat\/ceipmarcelidomingo-roquetes\/wp-json\/wp\/v2\/posts\/3298","targetHints":{"allow":["GET"]}}],"collection":[{"href":"https:\/\/agora.xtec.cat\/ceipmarcelidomingo-roquetes\/wp-json\/wp\/v2\/posts"}],"about":[{"href":"https:\/\/agora.xtec.cat\/ceipmarcelidomingo-roquetes\/wp-json\/wp\/v2\/types\/post"}],"author":[{"embeddable":true,"href":"https:\/\/agora.xtec.cat\/ceipmarcelidomingo-roquetes\/wp-json\/wp\/v2\/users\/8"}],"replies":[{"embeddable":true,"href":"https:\/\/agora.xtec.cat\/ceipmarcelidomingo-roquetes\/wp-json\/wp\/v2\/comments?post=3298"}],"version-history":[{"count":4,"href":"https:\/\/agora.xtec.cat\/ceipmarcelidomingo-roquetes\/wp-json\/wp\/v2\/posts\/3298\/revisions"}],"predecessor-version":[{"id":3348,"href":"https:\/\/agora.xtec.cat\/ceipmarcelidomingo-roquetes\/wp-json\/wp\/v2\/posts\/3298\/revisions\/3348"}],"wp:featuredmedia":[{"embeddable":true,"href":"https:\/\/agora.xtec.cat\/ceipmarcelidomingo-roquetes\/wp-json\/wp\/v2\/media\/3345"}],"wp:attachment":[{"href":"https:\/\/agora.xtec.cat\/ceipmarcelidomingo-roquetes\/wp-json\/wp\/v2\/media?parent=3298"}],"wp:term":[{"taxonomy":"category","embeddable":true,"href":"https:\/\/agora.xtec.cat\/ceipmarcelidomingo-roquetes\/wp-json\/wp\/v2\/categories?post=3298"},{"taxonomy":"post_tag","embeddable":true,"href":"https:\/\/agora.xtec.cat\/ceipmarcelidomingo-roquetes\/wp-json\/wp\/v2\/tags?post=3298"}],"curies":[{"name":"wp","href":"https:\/\/api.w.org\/{rel}","templated":true}]}}