{"id":3189,"date":"2020-02-12T12:46:13","date_gmt":"2020-02-12T11:46:13","guid":{"rendered":"http:\/\/agora.xtec.cat\/ceipmarcelidomingo-roquetes\/?p=3189"},"modified":"2020-02-12T19:27:43","modified_gmt":"2020-02-12T18:27:43","slug":"projecte-de-primer-per-que-hi-ha-mes-contaminacio","status":"publish","type":"post","link":"https:\/\/agora.xtec.cat\/ceipmarcelidomingo-roquetes\/portada\/general\/projecte-de-primer-per-que-hi-ha-mes-contaminacio\/","title":{"rendered":"PROJECTE DE PRIMER: PER QU\u00c8 HI HA M\u00c9S CONTAMINACI\u00d3?"},"content":{"rendered":"<p style=\"text-align: justify;\">Iago \u00e9s un xiquet curi\u00f3s i amb aquesta pregunta: &#8220;PER QU\u00c8 HI HA M\u00c9S CONTAMINACI\u00d3?&#8221;, a meitat del mes de desembre, va iniciar el cam\u00ed del projecte pluridisciplinari que han realitzat aquest curs les classes de primer. Per comen\u00e7ar, va transmetre aquesta curiositat als companys i companyes de classe i m\u00e9s tard va fer el mateix amb tot l&#8217;alumnat de primer. Despr\u00e9s de fer les corresponents votacions aquesta va ser la proposta escollida, enrere van quedar altres opcions tan interessants com &#8220;ELS ROBOTS&#8221; o &#8220;ELS DINOSAURES&#8221;.<\/p>\n<p><img loading=\"lazy\" decoding=\"async\" class=\"size-medium wp-image-3190 alignleft\" src=\"https:\/\/agora.xtec.cat\/ceipmarcelidomingo-roquetes\/wp-content\/uploads\/usu961\/2020\/02\/IMG_20191216_093456-300x169.jpg\" alt=\"\" width=\"300\" height=\"169\" srcset=\"https:\/\/agora.xtec.cat\/ceipmarcelidomingo-roquetes\/wp-content\/uploads\/usu961\/2020\/02\/IMG_20191216_093456-300x169.jpg 300w, https:\/\/agora.xtec.cat\/ceipmarcelidomingo-roquetes\/wp-content\/uploads\/usu961\/2020\/02\/IMG_20191216_093456.jpg 666w\" sizes=\"auto, (max-width: 300px) 100vw, 300px\" \/><\/p>\n<p><img loading=\"lazy\" decoding=\"async\" class=\"aligncenter size-medium wp-image-3191\" src=\"https:\/\/agora.xtec.cat\/ceipmarcelidomingo-roquetes\/wp-content\/uploads\/usu961\/2020\/02\/IMG_20191216_094511-300x169.jpg\" alt=\"\" width=\"300\" height=\"169\" srcset=\"https:\/\/agora.xtec.cat\/ceipmarcelidomingo-roquetes\/wp-content\/uploads\/usu961\/2020\/02\/IMG_20191216_094511-300x169.jpg 300w, https:\/\/agora.xtec.cat\/ceipmarcelidomingo-roquetes\/wp-content\/uploads\/usu961\/2020\/02\/IMG_20191216_094511.jpg 666w\" sizes=\"auto, (max-width: 300px) 100vw, 300px\" \/><\/p>\n<p>&nbsp;<\/p>\n<p style=\"text-align: justify;\">Despr\u00e9s de les vacances de Nadal, durant la setmana del 20 al 24 de gener, vindria tot el gruix del treball. Per comen\u00e7ar, es va fer la presentaci\u00f3 del projecte i l&#8217;elaboraci\u00f3 dels cartells del mapa de conceptes amb grups de treball cooperatiu.<\/p>\n<p><a href=\"https:\/\/photos.app.goo.gl\/kRhiHZvu5Zn1tddW6\"><img loading=\"lazy\" decoding=\"async\" class=\"aligncenter size-medium wp-image-3196\" src=\"https:\/\/agora.xtec.cat\/ceipmarcelidomingo-roquetes\/wp-content\/uploads\/usu961\/2020\/02\/IMG_20200120_114713-300x169.jpg\" alt=\"\" width=\"300\" height=\"169\" srcset=\"https:\/\/agora.xtec.cat\/ceipmarcelidomingo-roquetes\/wp-content\/uploads\/usu961\/2020\/02\/IMG_20200120_114713-300x169.jpg 300w, https:\/\/agora.xtec.cat\/ceipmarcelidomingo-roquetes\/wp-content\/uploads\/usu961\/2020\/02\/IMG_20200120_114713-768x432.jpg 768w, https:\/\/agora.xtec.cat\/ceipmarcelidomingo-roquetes\/wp-content\/uploads\/usu961\/2020\/02\/IMG_20200120_114713-1024x576.jpg 1024w\" sizes=\"auto, (max-width: 300px) 100vw, 300px\" \/><\/a><\/p>\n<p style=\"text-align: center;\">Cliqueu sobre la imatge per veure m\u00e9s fotos<\/p>\n<p>&nbsp;<\/p>\n<p style=\"text-align: justify;\">La resta de la setmana va anar avan\u00e7ant amb el desenvolupament dels diferents blocs de treball proposats a partir de les inquietuds dels xiquets i xiquetes: la contaminaci\u00f3 de l&#8217;aire, la de les aig\u00fces, la dels boscos, l&#8217;ac\u00fastica, les seves conseq\u00fc\u00e8ncies i les possibles solucions. Per portar a terme tota aquesta tasca es van haver de realitzar: experiments, manualitats, jocs d&#8217;Educaci\u00f3 F\u00edsica, danses a la classe de M\u00fasica, c\u00e0lculs\u00a0 i programaci\u00f3 matem\u00e0tics amb blue-bots, una xerrada a c\u00e0rrec d&#8217;una ocean\u00f2grafa, visionar una pel\u00b7l\u00edcula, construcci\u00f3 de joguines amb materials reciclats, plantar un arbre&#8230; En definitiva, cal dir que va resultar una setmana intensa i atrafegada, per\u00f2 molt motivadora, engrescadora i sobretot de conscienciaci\u00f3 amb el Medi Ambient per part de tothom. A continuaci\u00f3 en teniu una mostra.<\/p>\n<h4 style=\"text-align: center;\">La contaminaci\u00f3 de les aig\u00fces<\/h4>\n<p><a href=\"https:\/\/photos.app.goo.gl\/2C6s6a1BXafHmPTU7\"><img loading=\"lazy\" decoding=\"async\" class=\"size-medium wp-image-3198 aligncenter\" src=\"https:\/\/agora.xtec.cat\/ceipmarcelidomingo-roquetes\/wp-content\/uploads\/usu961\/2020\/02\/IMG_20200128_092124-300x169.jpg\" alt=\"\" width=\"300\" height=\"169\" srcset=\"https:\/\/agora.xtec.cat\/ceipmarcelidomingo-roquetes\/wp-content\/uploads\/usu961\/2020\/02\/IMG_20200128_092124-300x169.jpg 300w, https:\/\/agora.xtec.cat\/ceipmarcelidomingo-roquetes\/wp-content\/uploads\/usu961\/2020\/02\/IMG_20200128_092124.jpg 666w\" sizes=\"auto, (max-width: 300px) 100vw, 300px\" \/><\/a><\/p>\n<p style=\"text-align: center;\">Xerrada sobre la contaminaci\u00f3 marina. Cliqueu<\/p>\n<h4><\/h4>\n<p>&nbsp;<\/p>\n<h4 style=\"text-align: center;\">La contaminaci\u00f3 ac\u00fastica<\/h4>\n<p><a href=\"https:\/\/photos.app.goo.gl\/r3KVrpCHvHXMv37Q9\"><img loading=\"lazy\" decoding=\"async\" class=\"wp-image-3201 size-medium aligncenter\" src=\"https:\/\/agora.xtec.cat\/ceipmarcelidomingo-roquetes\/wp-content\/uploads\/usu961\/2020\/02\/IMG_20200121_100216-300x169.jpg\" alt=\"\" width=\"300\" height=\"169\" srcset=\"https:\/\/agora.xtec.cat\/ceipmarcelidomingo-roquetes\/wp-content\/uploads\/usu961\/2020\/02\/IMG_20200121_100216-300x169.jpg 300w, https:\/\/agora.xtec.cat\/ceipmarcelidomingo-roquetes\/wp-content\/uploads\/usu961\/2020\/02\/IMG_20200121_100216.jpg 666w\" sizes=\"auto, (max-width: 300px) 100vw, 300px\" \/><\/a><\/p>\n<p style=\"text-align: center;\">Experiment sobre la transmissi\u00f3 del so. Cliqueu<\/p>\n<h4><\/h4>\n<p>&nbsp;<\/p>\n<h4 style=\"text-align: center;\">La contaminaci\u00f3 atmosf\u00e8rica<\/h4>\n<p style=\"text-align: left;\"><a href=\"https:\/\/photos.app.goo.gl\/2gFQxDbVQ8waUhqM8\"><img loading=\"lazy\" decoding=\"async\" class=\"size-medium wp-image-3206 aligncenter\" src=\"https:\/\/agora.xtec.cat\/ceipmarcelidomingo-roquetes\/wp-content\/uploads\/usu961\/2020\/02\/1-2-300x169.jpg\" alt=\"\" width=\"300\" height=\"169\" srcset=\"https:\/\/agora.xtec.cat\/ceipmarcelidomingo-roquetes\/wp-content\/uploads\/usu961\/2020\/02\/1-2-300x169.jpg 300w, https:\/\/agora.xtec.cat\/ceipmarcelidomingo-roquetes\/wp-content\/uploads\/usu961\/2020\/02\/1-2.jpg 666w\" sizes=\"auto, (max-width: 300px) 100vw, 300px\" \/><\/a><\/p>\n<p style=\"text-align: center;\">Joc sobre la contaminaci\u00f3 de l&#8217;aire. Cliqueu<\/p>\n<h4><\/h4>\n<p>&nbsp;<\/p>\n<h4 style=\"text-align: center;\">Gesti\u00f3 de residus i cura del Medi Ambient<\/h4>\n<p><a href=\"https:\/\/photos.app.goo.gl\/iHs3L43JLN2k39187\"><img loading=\"lazy\" decoding=\"async\" class=\"size-medium wp-image-3212 aligncenter\" src=\"https:\/\/agora.xtec.cat\/ceipmarcelidomingo-roquetes\/wp-content\/uploads\/usu961\/2020\/02\/2-1-300x169.jpg\" alt=\"\" width=\"300\" height=\"169\" srcset=\"https:\/\/agora.xtec.cat\/ceipmarcelidomingo-roquetes\/wp-content\/uploads\/usu961\/2020\/02\/2-1-300x169.jpg 300w, https:\/\/agora.xtec.cat\/ceipmarcelidomingo-roquetes\/wp-content\/uploads\/usu961\/2020\/02\/2-1.jpg 666w\" sizes=\"auto, (max-width: 300px) 100vw, 300px\" \/><\/a><\/p>\n<p style=\"text-align: center;\">Activitats sobre la gesti\u00f3 de residus. Cliqueu<\/p>\n<h4><\/h4>\n<p>&nbsp;<\/p>\n<h4 style=\"text-align: center;\">Can\u00e7ons i jocs<\/h4>\n<p><a href=\"https:\/\/photos.app.goo.gl\/QGcSeCgjTeQqorPz8\"><img loading=\"lazy\" decoding=\"async\" class=\"size-medium wp-image-3216 aligncenter\" src=\"https:\/\/agora.xtec.cat\/ceipmarcelidomingo-roquetes\/wp-content\/uploads\/usu961\/2020\/02\/3-300x169.jpg\" alt=\"\" width=\"300\" height=\"169\" srcset=\"https:\/\/agora.xtec.cat\/ceipmarcelidomingo-roquetes\/wp-content\/uploads\/usu961\/2020\/02\/3-300x169.jpg 300w, https:\/\/agora.xtec.cat\/ceipmarcelidomingo-roquetes\/wp-content\/uploads\/usu961\/2020\/02\/3.jpg 666w\" sizes=\"auto, (max-width: 300px) 100vw, 300px\" \/><\/a><\/p>\n<p style=\"text-align: center;\">Jocs musicals sobre la contaminaci\u00f3. Cliqueu<\/p>\n<p>&nbsp;<\/p>\n<p style=\"text-align: justify;\">El projecte &#8220;PER QU\u00c8 HI HA M\u00c9S CONTAMINACI\u00d3?&#8221; ja arribava a la seva fi. Tot l&#8217;alumnat s&#8217;havia comprom\u00e8s i n&#8217;havia gaudit for\u00e7a, per\u00f2 encara quedava el producte final del mateix. Tots plegats van sortir al pati per participar en la plantada d&#8217;una morera al pati de Cicle Inicial, per deixar una mostra d&#8217;aquest nivell de comprom\u00eds amb el Medi Ambient. Era una de les propostes m\u00e9s consensuada que van sorgir des de les classes per lluitar contra la contaminaci\u00f3. A alg\u00fa li podr\u00e0 semblar poca cosa, per\u00f2 per a les xiquetes i xiquets de primer els va suposar un gran pas endavant i un orgull que perdurar\u00e0 per molts anys.<\/p>\n<p><a href=\"https:\/\/photos.app.goo.gl\/9JPYuM23n6v11AhG9\"><img loading=\"lazy\" decoding=\"async\" class=\"aligncenter size-medium wp-image-3222\" src=\"https:\/\/agora.xtec.cat\/ceipmarcelidomingo-roquetes\/wp-content\/uploads\/usu961\/2020\/02\/4-300x219.jpg\" alt=\"\" width=\"300\" height=\"219\" srcset=\"https:\/\/agora.xtec.cat\/ceipmarcelidomingo-roquetes\/wp-content\/uploads\/usu961\/2020\/02\/4-300x219.jpg 300w, https:\/\/agora.xtec.cat\/ceipmarcelidomingo-roquetes\/wp-content\/uploads\/usu961\/2020\/02\/4.jpg 584w\" sizes=\"auto, (max-width: 300px) 100vw, 300px\" \/><\/a><\/p>\n<p style=\"text-align: center;\">Plantada de la morera al pati de CI. Cliqueu<\/p>\n<p>&nbsp;<\/p>\n","protected":false},"excerpt":{"rendered":"<p>Durant la setmana del projecte les xiquetes i xiquets de primer porten a terme un treball sobre la contaminaci\u00f3. <\/p>\n","protected":false},"author":1,"featured_media":3222,"comment_status":"open","ping_status":"closed","sticky":false,"template":"","format":"standard","meta":{"_bbp_topic_count":0,"_bbp_reply_count":0,"_bbp_total_topic_count":0,"_bbp_total_reply_count":0,"_bbp_voice_count":0,"_bbp_anonymous_reply_count":0,"_bbp_topic_count_hidden":0,"_bbp_reply_count_hidden":0,"_bbp_forum_subforum_count":0,"site-sidebar-layout":"default","site-content-layout":"","ast-site-content-layout":"","site-content-style":"default","site-sidebar-style":"default","ast-global-header-display":"","ast-banner-title-visibility":"","ast-main-header-display":"","ast-hfb-above-header-display":"","ast-hfb-below-header-display":"","ast-hfb-mobile-header-display":"","site-post-title":"","ast-breadcrumbs-content":"","ast-featured-img":"","footer-sml-layout":"","theme-transparent-header-meta":"","adv-header-id-meta":"","stick-header-meta":"","header-above-stick-meta":"","header-main-stick-meta":"","header-below-stick-meta":"","astra-migrate-meta-layouts":"default","ast-page-background-enabled":"default","ast-page-background-meta":{"desktop":{"background-color":"var(--ast-global-color-4)","background-image":"","background-repeat":"repeat","background-position":"center center","background-size":"auto","background-attachment":"scroll","background-type":"","background-media":"","overlay-type":"","overlay-color":"","overlay-opacity":"","overlay-gradient":""},"tablet":{"background-color":"","background-image":"","background-repeat":"repeat","background-position":"center center","background-size":"auto","background-attachment":"scroll","background-type":"","background-media":"","overlay-type":"","overlay-color":"","overlay-opacity":"","overlay-gradient":""},"mobile":{"background-color":"","background-image":"","background-repeat":"repeat","background-position":"center center","background-size":"auto","background-attachment":"scroll","background-type":"","background-media":"","overlay-type":"","overlay-color":"","overlay-opacity":"","overlay-gradient":""}},"ast-content-background-meta":{"desktop":{"background-color":"var(--ast-global-color-5)","background-image":"","background-repeat":"repeat","background-position":"center center","background-size":"auto","background-attachment":"scroll","background-type":"","background-media":"","overlay-type":"","overlay-color":"","overlay-opacity":"","overlay-gradient":""},"tablet":{"background-color":"var(--ast-global-color-5)","background-image":"","background-repeat":"repeat","background-position":"center center","background-size":"auto","background-attachment":"scroll","background-type":"","background-media":"","overlay-type":"","overlay-color":"","overlay-opacity":"","overlay-gradient":""},"mobile":{"background-color":"var(--ast-global-color-5)","background-image":"","background-repeat":"repeat","background-position":"center center","background-size":"auto","background-attachment":"scroll","background-type":"","background-media":"","overlay-type":"","overlay-color":"","overlay-opacity":"","overlay-gradient":""}},"footnotes":""},"categories":[10,37,73,1,5,88],"tags":[],"class_list":["post-3189","post","type-post","status-publish","format-standard","has-post-thumbnail","hentry","category-1r","category-escola-2","category-escola-verda","category-general","category-primaria","category-treball-per-projectes"],"post_mailing_queue_ids":[],"_links":{"self":[{"href":"https:\/\/agora.xtec.cat\/ceipmarcelidomingo-roquetes\/wp-json\/wp\/v2\/posts\/3189","targetHints":{"allow":["GET"]}}],"collection":[{"href":"https:\/\/agora.xtec.cat\/ceipmarcelidomingo-roquetes\/wp-json\/wp\/v2\/posts"}],"about":[{"href":"https:\/\/agora.xtec.cat\/ceipmarcelidomingo-roquetes\/wp-json\/wp\/v2\/types\/post"}],"author":[{"embeddable":true,"href":"https:\/\/agora.xtec.cat\/ceipmarcelidomingo-roquetes\/wp-json\/wp\/v2\/users\/1"}],"replies":[{"embeddable":true,"href":"https:\/\/agora.xtec.cat\/ceipmarcelidomingo-roquetes\/wp-json\/wp\/v2\/comments?post=3189"}],"version-history":[{"count":3,"href":"https:\/\/agora.xtec.cat\/ceipmarcelidomingo-roquetes\/wp-json\/wp\/v2\/posts\/3189\/revisions"}],"predecessor-version":[{"id":3285,"href":"https:\/\/agora.xtec.cat\/ceipmarcelidomingo-roquetes\/wp-json\/wp\/v2\/posts\/3189\/revisions\/3285"}],"wp:featuredmedia":[{"embeddable":true,"href":"https:\/\/agora.xtec.cat\/ceipmarcelidomingo-roquetes\/wp-json\/wp\/v2\/media\/3222"}],"wp:attachment":[{"href":"https:\/\/agora.xtec.cat\/ceipmarcelidomingo-roquetes\/wp-json\/wp\/v2\/media?parent=3189"}],"wp:term":[{"taxonomy":"category","embeddable":true,"href":"https:\/\/agora.xtec.cat\/ceipmarcelidomingo-roquetes\/wp-json\/wp\/v2\/categories?post=3189"},{"taxonomy":"post_tag","embeddable":true,"href":"https:\/\/agora.xtec.cat\/ceipmarcelidomingo-roquetes\/wp-json\/wp\/v2\/tags?post=3189"}],"curies":[{"name":"wp","href":"https:\/\/api.w.org\/{rel}","templated":true}]}}