{"id":2716,"date":"2019-11-27T17:42:26","date_gmt":"2019-11-27T16:42:26","guid":{"rendered":"http:\/\/agora.xtec.cat\/ceipmarcelidomingo-roquetes\/?p=2716"},"modified":"2019-11-27T17:45:01","modified_gmt":"2019-11-27T16:45:01","slug":"setmana-europea-de-la-prevencio-de-residus","status":"publish","type":"post","link":"https:\/\/agora.xtec.cat\/ceipmarcelidomingo-roquetes\/portada\/general\/setmana-europea-de-la-prevencio-de-residus\/","title":{"rendered":"SETMANA EUROPEA DE LA PREVENCI\u00d3 DE RESIDUS"},"content":{"rendered":"<p><a href=\"https:\/\/agora.xtec.cat\/ceipmarcelidomingo-roquetes\/wp-content\/uploads\/usu961\/2019\/11\/EWWR_Poster_editable.jpg\"><img loading=\"lazy\" decoding=\"async\" class=\"alignleft wp-image-2724\" src=\"https:\/\/agora.xtec.cat\/ceipmarcelidomingo-roquetes\/wp-content\/uploads\/usu961\/2019\/11\/EWWR_Poster_editable-212x300.jpg\" alt=\"\" width=\"283\" height=\"400\" srcset=\"https:\/\/agora.xtec.cat\/ceipmarcelidomingo-roquetes\/wp-content\/uploads\/usu961\/2019\/11\/EWWR_Poster_editable-212x300.jpg 212w, https:\/\/agora.xtec.cat\/ceipmarcelidomingo-roquetes\/wp-content\/uploads\/usu961\/2019\/11\/EWWR_Poster_editable-768x1086.jpg 768w, https:\/\/agora.xtec.cat\/ceipmarcelidomingo-roquetes\/wp-content\/uploads\/usu961\/2019\/11\/EWWR_Poster_editable-724x1024.jpg 724w, https:\/\/agora.xtec.cat\/ceipmarcelidomingo-roquetes\/wp-content\/uploads\/usu961\/2019\/11\/EWWR_Poster_editable.jpg 1588w\" sizes=\"auto, (max-width: 283px) 100vw, 283px\" \/><\/a><\/p>\n<h2>Del 16 al 24 de Novembre s&#8217;ha celebrat la Setmana Europea de la Prevenci\u00f3 de Residus.<\/h2>\n<p>Els m\u00e9s joves de la nostra escola han participat treballant la recollida selectiva.<\/p>\n<p>Les xiquetes i xiquets d&#8217;Educaci\u00f3 Infantil disposen a les seves aules de racons on tenen diferents contenidors per poder separar les diverses deixalles. Des de ben petits, com veieu, ja identifiquen els\u00a0 residus amb els seus respectius contenidors. Si cliqueu a la imatge, veureu els racons de totes les classes d&#8217;EI.<\/p>\n<p>&nbsp;<\/p>\n<p><a href=\"https:\/\/photos.app.goo.gl\/wb3jMfKBFp8cCubX8\"><br \/>\n<img loading=\"lazy\" decoding=\"async\" class=\"wp-image-2717 aligncenter\" src=\"https:\/\/agora.xtec.cat\/ceipmarcelidomingo-roquetes\/wp-content\/uploads\/usu961\/2019\/11\/IMG_7288-1024x768.jpg\" alt=\"\" width=\"533\" height=\"400\" srcset=\"https:\/\/agora.xtec.cat\/ceipmarcelidomingo-roquetes\/wp-content\/uploads\/usu961\/2019\/11\/IMG_7288-1024x768.jpg 1024w, https:\/\/agora.xtec.cat\/ceipmarcelidomingo-roquetes\/wp-content\/uploads\/usu961\/2019\/11\/IMG_7288-300x225.jpg 300w, https:\/\/agora.xtec.cat\/ceipmarcelidomingo-roquetes\/wp-content\/uploads\/usu961\/2019\/11\/IMG_7288-768x576.jpg 768w, https:\/\/agora.xtec.cat\/ceipmarcelidomingo-roquetes\/wp-content\/uploads\/usu961\/2019\/11\/IMG_7288-200x150.jpg 200w\" sizes=\"auto, (max-width: 533px) 100vw, 533px\" \/><\/a><\/p>\n<p>Els xiquets i les xiquetes de Cicle Inicial per celebrar aquesta setmana hem realitzat l\u2019<u>Esmorzar sense residus.<\/u> El dimecres ens vam proposar no portar cap embolcall ni cap env\u00e0s en la carmanyola de l\u2019esmorzar.<\/p>\n<p>D\u2019aquesta manera hem ajudat al nostre planeta a estar una mica m\u00e9s net i menys contaminat.<\/p>\n<p><a href=\"https:\/\/photos.app.goo.gl\/nkfifB6icGGsR63X6\"><img loading=\"lazy\" decoding=\"async\" class=\"wp-image-2745 aligncenter\" src=\"https:\/\/agora.xtec.cat\/ceipmarcelidomingo-roquetes\/wp-content\/uploads\/usu961\/2019\/11\/IMG-20191126-WA0000-1024x768.jpg\" alt=\"\" width=\"533\" height=\"400\" srcset=\"https:\/\/agora.xtec.cat\/ceipmarcelidomingo-roquetes\/wp-content\/uploads\/usu961\/2019\/11\/IMG-20191126-WA0000-1024x768.jpg 1024w, https:\/\/agora.xtec.cat\/ceipmarcelidomingo-roquetes\/wp-content\/uploads\/usu961\/2019\/11\/IMG-20191126-WA0000-300x225.jpg 300w, https:\/\/agora.xtec.cat\/ceipmarcelidomingo-roquetes\/wp-content\/uploads\/usu961\/2019\/11\/IMG-20191126-WA0000-768x576.jpg 768w, https:\/\/agora.xtec.cat\/ceipmarcelidomingo-roquetes\/wp-content\/uploads\/usu961\/2019\/11\/IMG-20191126-WA0000-200x150.jpg 200w, https:\/\/agora.xtec.cat\/ceipmarcelidomingo-roquetes\/wp-content\/uploads\/usu961\/2019\/11\/IMG-20191126-WA0000.jpg 2048w\" sizes=\"auto, (max-width: 533px) 100vw, 533px\" \/><\/a><\/p>\n<p>A tercer han dut a terme una activitat relacionada amb el concepte de Residu Zero. Al llarg de tota la setmana han recollit els envasos i pl\u00e0stics generats a l&#8217;hora de l&#8217;esmorzar. Cada dia han pesat els residus i han elaborat un gr\u00e0fic. Al final de la setmana no s&#8217;ha aconseguit el repte de no generar cap residu amb els esmorzars, tot i que, en general s&#8217;ha aconseguit baixar la quantitat d&#8217;embolcalls i envasos a mesura que ha anat avan\u00e7ant la setmana. Ara hem de pensar qu\u00e8 en farem d&#8217;aquests envasos i pl\u00e0stics. Us farem saber qu\u00e8 se&#8217;ls hi ha acudit entre tots.<\/p>\n<p><a href=\"https:\/\/photos.app.goo.gl\/Uv3f4jkBiFxMTn2W6\"><img loading=\"lazy\" decoding=\"async\" class=\"aligncenter wp-image-2729\" src=\"https:\/\/agora.xtec.cat\/ceipmarcelidomingo-roquetes\/wp-content\/uploads\/usu961\/2019\/11\/IMG_20191120_161923-1024x766.jpg\" alt=\"\" width=\"534\" height=\"400\" \/><\/a><a href=\"https:\/\/agora.xtec.cat\/ceipmarcelidomingo-roquetes\/wp-content\/uploads\/usu961\/2019\/11\/IMG_20191122_163152.jpg\"> \u00a0<\/a><\/p>\n<p>El dimecres 20 de novembre els alumnes de quart han realitzat una activitat de reutilitzaci\u00f3 d\u2019oli usat. L&#8217;activitat ha consistit en la preparaci\u00f3 de sab\u00f3 natural a partir de l\u2019oli utilitzat a les fam\u00edlies amb l\u2019ajuda de dues persones de la COPATE.<\/p>\n<p>Els alumnes han fet el sab\u00f3 i han apr\u00e8s a reutilitzar l\u2019oli com es feia antigament. L\u2019activitat ha perm\u00e8s compartir viv\u00e8ncies i apropar-nos a les costums de les fam\u00edlies: ens han explicat que alguna fam\u00edlia fa desodorant natural, altres que fan sab\u00f3 natural per a rentar roba&#8230;<\/p>\n<p>Ara cal esperar uns 30 dies per poder utilitzar els sabons!!!<\/p>\n<p><a href=\"https:\/\/photos.app.goo.gl\/5ezLreWtvG3GancBA\"><img loading=\"lazy\" decoding=\"async\" class=\"aligncenter wp-image-2722\" src=\"https:\/\/agora.xtec.cat\/ceipmarcelidomingo-roquetes\/wp-content\/uploads\/usu961\/2019\/11\/IMG_20191120_123754.jpg\" alt=\"\" width=\"534\" height=\"400\" \/><\/a><\/p>\n<p>&nbsp;<\/p>\n<p>Els alumnes de 6\u00e8, en grups cooperatius, \u00a0han preparat una enquesta sobre reciclatge en angl\u00e8s i l&#8217;han adre\u00e7at als seus companys de 5\u00e8. Un cop recollides les dades, han elaborat uns gr\u00e0fics de barres que han penjat a la Cartellera Verda de Cicle Superior.<\/p>\n<p><a href=\"https:\/\/photos.app.goo.gl\/kq6YmXAkvp32M2tZ8\"><img loading=\"lazy\" decoding=\"async\" class=\"aligncenter wp-image-2732\" src=\"https:\/\/agora.xtec.cat\/ceipmarcelidomingo-roquetes\/wp-content\/uploads\/usu961\/2019\/11\/IMG_20191125_170411-e1574715266942-768x1024.jpg\" alt=\"\" width=\"375\" height=\"500\" srcset=\"https:\/\/agora.xtec.cat\/ceipmarcelidomingo-roquetes\/wp-content\/uploads\/usu961\/2019\/11\/IMG_20191125_170411-e1574715266942-768x1024.jpg 768w, https:\/\/agora.xtec.cat\/ceipmarcelidomingo-roquetes\/wp-content\/uploads\/usu961\/2019\/11\/IMG_20191125_170411-e1574715266942-225x300.jpg 225w\" sizes=\"auto, (max-width: 375px) 100vw, 375px\" \/><\/a><\/p>\n<p>A la classe de Pl\u00e0stica l&#8217;alumnat de Cicle Superior ha fet una composici\u00f3 \u00a0d&#8217;arbres amb materials reciclats.\u00a0Es va presentar l&#8217;activitat i es va fer una pluja d\u2019idees sobre el que veien al quadre.<\/p>\n<p>Despr\u00e8s es van establir uns objectius compartits i, amb materials reciclats aportats de casa, \u00a0imaginaci\u00f3 i el treball de l\u2019equip han fet les composicions d&#8217;un arbre pintat sobre paper de diari i enganxat a les capses de sabates o cartrons.<\/p>\n<p><a href=\"https:\/\/photos.app.goo.gl\/g6mqJEWnzc2rYmoK8\"><img loading=\"lazy\" decoding=\"async\" class=\"aligncenter wp-image-2748\" src=\"https:\/\/agora.xtec.cat\/ceipmarcelidomingo-roquetes\/wp-content\/uploads\/usu961\/2019\/11\/foto-1-768x1024.jpg\" alt=\"\" width=\"300\" height=\"400\" srcset=\"https:\/\/agora.xtec.cat\/ceipmarcelidomingo-roquetes\/wp-content\/uploads\/usu961\/2019\/11\/foto-1-768x1024.jpg 768w, https:\/\/agora.xtec.cat\/ceipmarcelidomingo-roquetes\/wp-content\/uploads\/usu961\/2019\/11\/foto-1-225x300.jpg 225w, https:\/\/agora.xtec.cat\/ceipmarcelidomingo-roquetes\/wp-content\/uploads\/usu961\/2019\/11\/foto-1.jpg 1500w\" sizes=\"auto, (max-width: 300px) 100vw, 300px\" \/><\/a><\/p>\n<p><a href=\"https:\/\/photos.app.goo.gl\/t8i5RRC72vXPX6ka7\"><img loading=\"lazy\" decoding=\"async\" class=\"wp-image-2747 aligncenter\" src=\"https:\/\/agora.xtec.cat\/ceipmarcelidomingo-roquetes\/wp-content\/uploads\/usu961\/2019\/11\/foto-1024x768.jpg\" alt=\"\" width=\"533\" height=\"400\" srcset=\"https:\/\/agora.xtec.cat\/ceipmarcelidomingo-roquetes\/wp-content\/uploads\/usu961\/2019\/11\/foto-1024x768.jpg 1024w, https:\/\/agora.xtec.cat\/ceipmarcelidomingo-roquetes\/wp-content\/uploads\/usu961\/2019\/11\/foto-300x225.jpg 300w, https:\/\/agora.xtec.cat\/ceipmarcelidomingo-roquetes\/wp-content\/uploads\/usu961\/2019\/11\/foto-768x576.jpg 768w, https:\/\/agora.xtec.cat\/ceipmarcelidomingo-roquetes\/wp-content\/uploads\/usu961\/2019\/11\/foto-200x150.jpg 200w, https:\/\/agora.xtec.cat\/ceipmarcelidomingo-roquetes\/wp-content\/uploads\/usu961\/2019\/11\/foto.jpg 2000w\" sizes=\"auto, (max-width: 533px) 100vw, 533px\" \/><\/a><\/p>\n","protected":false},"excerpt":{"rendered":"<p>Del 16 al 24 de Novembre s&#8217;ha celebrat la Setmana Europea de la Prevenci\u00f3 de Residus.<\/p>\n","protected":false},"author":11,"featured_media":2726,"comment_status":"open","ping_status":"closed","sticky":false,"template":"","format":"standard","meta":{"_bbp_topic_count":0,"_bbp_reply_count":0,"_bbp_total_topic_count":0,"_bbp_total_reply_count":0,"_bbp_voice_count":0,"_bbp_anonymous_reply_count":0,"_bbp_topic_count_hidden":0,"_bbp_reply_count_hidden":0,"_bbp_forum_subforum_count":0,"site-sidebar-layout":"default","site-content-layout":"","ast-site-content-layout":"","site-content-style":"default","site-sidebar-style":"default","ast-global-header-display":"","ast-banner-title-visibility":"","ast-main-header-display":"","ast-hfb-above-header-display":"","ast-hfb-below-header-display":"","ast-hfb-mobile-header-display":"","site-post-title":"","ast-breadcrumbs-content":"","ast-featured-img":"","footer-sml-layout":"","theme-transparent-header-meta":"","adv-header-id-meta":"","stick-header-meta":"","header-above-stick-meta":"","header-main-stick-meta":"","header-below-stick-meta":"","astra-migrate-meta-layouts":"default","ast-page-background-enabled":"default","ast-page-background-meta":{"desktop":{"background-color":"var(--ast-global-color-4)","background-image":"","background-repeat":"repeat","background-position":"center center","background-size":"auto","background-attachment":"scroll","background-type":"","background-media":"","overlay-type":"","overlay-color":"","overlay-opacity":"","overlay-gradient":""},"tablet":{"background-color":"","background-image":"","background-repeat":"repeat","background-position":"center center","background-size":"auto","background-attachment":"scroll","background-type":"","background-media":"","overlay-type":"","overlay-color":"","overlay-opacity":"","overlay-gradient":""},"mobile":{"background-color":"","background-image":"","background-repeat":"repeat","background-position":"center center","background-size":"auto","background-attachment":"scroll","background-type":"","background-media":"","overlay-type":"","overlay-color":"","overlay-opacity":"","overlay-gradient":""}},"ast-content-background-meta":{"desktop":{"background-color":"var(--ast-global-color-5)","background-image":"","background-repeat":"repeat","background-position":"center center","background-size":"auto","background-attachment":"scroll","background-type":"","background-media":"","overlay-type":"","overlay-color":"","overlay-opacity":"","overlay-gradient":""},"tablet":{"background-color":"var(--ast-global-color-5)","background-image":"","background-repeat":"repeat","background-position":"center center","background-size":"auto","background-attachment":"scroll","background-type":"","background-media":"","overlay-type":"","overlay-color":"","overlay-opacity":"","overlay-gradient":""},"mobile":{"background-color":"var(--ast-global-color-5)","background-image":"","background-repeat":"repeat","background-position":"center center","background-size":"auto","background-attachment":"scroll","background-type":"","background-media":"","overlay-type":"","overlay-color":"","overlay-opacity":"","overlay-gradient":""}},"footnotes":""},"categories":[73,1],"tags":[],"class_list":["post-2716","post","type-post","status-publish","format-standard","has-post-thumbnail","hentry","category-escola-verda","category-general"],"post_mailing_queue_ids":[],"_links":{"self":[{"href":"https:\/\/agora.xtec.cat\/ceipmarcelidomingo-roquetes\/wp-json\/wp\/v2\/posts\/2716","targetHints":{"allow":["GET"]}}],"collection":[{"href":"https:\/\/agora.xtec.cat\/ceipmarcelidomingo-roquetes\/wp-json\/wp\/v2\/posts"}],"about":[{"href":"https:\/\/agora.xtec.cat\/ceipmarcelidomingo-roquetes\/wp-json\/wp\/v2\/types\/post"}],"author":[{"embeddable":true,"href":"https:\/\/agora.xtec.cat\/ceipmarcelidomingo-roquetes\/wp-json\/wp\/v2\/users\/11"}],"replies":[{"embeddable":true,"href":"https:\/\/agora.xtec.cat\/ceipmarcelidomingo-roquetes\/wp-json\/wp\/v2\/comments?post=2716"}],"version-history":[{"count":3,"href":"https:\/\/agora.xtec.cat\/ceipmarcelidomingo-roquetes\/wp-json\/wp\/v2\/posts\/2716\/revisions"}],"predecessor-version":[{"id":2752,"href":"https:\/\/agora.xtec.cat\/ceipmarcelidomingo-roquetes\/wp-json\/wp\/v2\/posts\/2716\/revisions\/2752"}],"wp:featuredmedia":[{"embeddable":true,"href":"https:\/\/agora.xtec.cat\/ceipmarcelidomingo-roquetes\/wp-json\/wp\/v2\/media\/2726"}],"wp:attachment":[{"href":"https:\/\/agora.xtec.cat\/ceipmarcelidomingo-roquetes\/wp-json\/wp\/v2\/media?parent=2716"}],"wp:term":[{"taxonomy":"category","embeddable":true,"href":"https:\/\/agora.xtec.cat\/ceipmarcelidomingo-roquetes\/wp-json\/wp\/v2\/categories?post=2716"},{"taxonomy":"post_tag","embeddable":true,"href":"https:\/\/agora.xtec.cat\/ceipmarcelidomingo-roquetes\/wp-json\/wp\/v2\/tags?post=2716"}],"curies":[{"name":"wp","href":"https:\/\/api.w.org\/{rel}","templated":true}]}}