{"id":2691,"date":"2019-11-22T07:51:46","date_gmt":"2019-11-22T06:51:46","guid":{"rendered":"http:\/\/agora.xtec.cat\/ceipmarcelidomingo-roquetes\/?p=2691"},"modified":"2019-11-30T21:38:44","modified_gmt":"2019-11-30T20:38:44","slug":"el-grup-de-treball-ja-esta-en-marxa","status":"publish","type":"post","link":"https:\/\/agora.xtec.cat\/ceipmarcelidomingo-roquetes\/portada\/general\/el-grup-de-treball-ja-esta-en-marxa\/","title":{"rendered":"EL GRUP DE TREBALL JA EST\u00c0 EN MARXA!"},"content":{"rendered":"<p>El dijous 7 de Novembre es va constituir el Grup de treball amb tots els ecodelegats de 3r, 4t, 5\u00e8 i 6\u00e8. La seva feina consisteix en complementar el treball del Comit\u00e8 d\u2019Alumnes. El Grup es reuneix un cop al mes, i sol coincidir amb els primers dijous, de 12:30 a 13:30.<\/p>\n<p>Els seus membres s\u00f3n:<\/p>\n<table class=\" aligncenter\" style=\"width: 279px;height: 407px\" width=\"0\">\n<tbody>\n<tr>\n<td style=\"width: 68px\">3r A<\/td>\n<td style=\"width: 203.2px\">Unai Ventura Talarn<\/td>\n<\/tr>\n<tr>\n<td style=\"width: 68px\">3r B<\/td>\n<td style=\"width: 203.2px\">Nerea Llu\u00eds Fern\u00e1ndez<\/td>\n<\/tr>\n<tr>\n<td style=\"width: 68px\">3r C<\/td>\n<td style=\"width: 203.2px\">Oriol Valma\u00f1a Dom\u00e9nech<\/td>\n<\/tr>\n<tr>\n<td style=\"width: 68px\">4t A<\/td>\n<td style=\"width: 203.2px\">Adela Franch Vall\u00e9s<\/td>\n<\/tr>\n<tr>\n<td style=\"width: 68px\">4t B<\/td>\n<td style=\"width: 203.2px\">\u00cdker Rodr\u00edguez Romero<\/td>\n<\/tr>\n<tr>\n<td style=\"width: 68px\">4t C<\/td>\n<td style=\"width: 203.2px\">Marc Queralt Vall\u00e9s<\/td>\n<\/tr>\n<tr>\n<td style=\"width: 68px\">5\u00e8 A<\/td>\n<td style=\"width: 203.2px\">Oriol Albiol Moragrega<\/td>\n<\/tr>\n<tr>\n<td style=\"width: 68px\">5\u00e8 B<\/td>\n<td style=\"width: 203.2px\">Alison Bonet Cortiella<\/td>\n<\/tr>\n<tr>\n<td style=\"width: 68px\">5\u00e8 C<\/td>\n<td style=\"width: 203.2px\">Roma Pros Benet<\/td>\n<\/tr>\n<tr>\n<td style=\"width: 68px\">6\u00e8 A<\/td>\n<td style=\"width: 203.2px\">Esther Mart\u00edn Altadill<\/td>\n<\/tr>\n<tr>\n<td style=\"width: 68px\">6\u00e8 B<\/td>\n<td style=\"width: 203.2px\">Pedro Caballero Sogues<\/td>\n<\/tr>\n<tr>\n<td style=\"width: 68px\">6\u00e8 C<\/td>\n<td style=\"width: 203.2px\">Mar Ballest\u00e9 Lozano<\/td>\n<\/tr>\n<\/tbody>\n<\/table>\n<p>La seva primera tasca ha estat elaborar uns cartells informatius de la Setmana Europea de la Prevenci\u00f3 de Residus, per tal d&#8217;exposar-los a les cartelleres de cada cicle.<\/p>\n<p><a href=\"https:\/\/photos.app.goo.gl\/71M63c4X4zB7pJJm7\"><img loading=\"lazy\" decoding=\"async\" class=\"aligncenter wp-image-2693\" src=\"https:\/\/agora.xtec.cat\/ceipmarcelidomingo-roquetes\/wp-content\/uploads\/usu961\/2019\/11\/IMG_20191107_130839-1024x768.jpg\" alt=\"\" width=\"533\" height=\"400\" srcset=\"https:\/\/agora.xtec.cat\/ceipmarcelidomingo-roquetes\/wp-content\/uploads\/usu961\/2019\/11\/IMG_20191107_130839-1024x768.jpg 1024w, https:\/\/agora.xtec.cat\/ceipmarcelidomingo-roquetes\/wp-content\/uploads\/usu961\/2019\/11\/IMG_20191107_130839-300x225.jpg 300w, https:\/\/agora.xtec.cat\/ceipmarcelidomingo-roquetes\/wp-content\/uploads\/usu961\/2019\/11\/IMG_20191107_130839-768x576.jpg 768w, https:\/\/agora.xtec.cat\/ceipmarcelidomingo-roquetes\/wp-content\/uploads\/usu961\/2019\/11\/IMG_20191107_130839-200x150.jpg 200w\" sizes=\"auto, (max-width: 533px) 100vw, 533px\" \/><\/a><\/p>\n","protected":false},"excerpt":{"rendered":"<p>El dijous 7 de Novembre es va constituir el Grup de treball amb tots els ecodelegats de 3r, 4t, 5\u00e8 i 6\u00e8.<\/p>\n","protected":false},"author":11,"featured_media":2695,"comment_status":"open","ping_status":"closed","sticky":false,"template":"","format":"standard","meta":{"_bbp_topic_count":0,"_bbp_reply_count":0,"_bbp_total_topic_count":0,"_bbp_total_reply_count":0,"_bbp_voice_count":0,"_bbp_anonymous_reply_count":0,"_bbp_topic_count_hidden":0,"_bbp_reply_count_hidden":0,"_bbp_forum_subforum_count":0,"site-sidebar-layout":"default","site-content-layout":"","ast-site-content-layout":"","site-content-style":"default","site-sidebar-style":"default","ast-global-header-display":"","ast-banner-title-visibility":"","ast-main-header-display":"","ast-hfb-above-header-display":"","ast-hfb-below-header-display":"","ast-hfb-mobile-header-display":"","site-post-title":"","ast-breadcrumbs-content":"","ast-featured-img":"","footer-sml-layout":"","theme-transparent-header-meta":"","adv-header-id-meta":"","stick-header-meta":"","header-above-stick-meta":"","header-main-stick-meta":"","header-below-stick-meta":"","astra-migrate-meta-layouts":"default","ast-page-background-enabled":"default","ast-page-background-meta":{"desktop":{"background-color":"var(--ast-global-color-4)","background-image":"","background-repeat":"repeat","background-position":"center center","background-size":"auto","background-attachment":"scroll","background-type":"","background-media":"","overlay-type":"","overlay-color":"","overlay-opacity":"","overlay-gradient":""},"tablet":{"background-color":"","background-image":"","background-repeat":"repeat","background-position":"center center","background-size":"auto","background-attachment":"scroll","background-type":"","background-media":"","overlay-type":"","overlay-color":"","overlay-opacity":"","overlay-gradient":""},"mobile":{"background-color":"","background-image":"","background-repeat":"repeat","background-position":"center center","background-size":"auto","background-attachment":"scroll","background-type":"","background-media":"","overlay-type":"","overlay-color":"","overlay-opacity":"","overlay-gradient":""}},"ast-content-background-meta":{"desktop":{"background-color":"var(--ast-global-color-5)","background-image":"","background-repeat":"repeat","background-position":"center center","background-size":"auto","background-attachment":"scroll","background-type":"","background-media":"","overlay-type":"","overlay-color":"","overlay-opacity":"","overlay-gradient":""},"tablet":{"background-color":"var(--ast-global-color-5)","background-image":"","background-repeat":"repeat","background-position":"center center","background-size":"auto","background-attachment":"scroll","background-type":"","background-media":"","overlay-type":"","overlay-color":"","overlay-opacity":"","overlay-gradient":""},"mobile":{"background-color":"var(--ast-global-color-5)","background-image":"","background-repeat":"repeat","background-position":"center center","background-size":"auto","background-attachment":"scroll","background-type":"","background-media":"","overlay-type":"","overlay-color":"","overlay-opacity":"","overlay-gradient":""}},"footnotes":""},"categories":[73,1],"tags":[],"class_list":["post-2691","post","type-post","status-publish","format-standard","has-post-thumbnail","hentry","category-escola-verda","category-general"],"post_mailing_queue_ids":[],"_links":{"self":[{"href":"https:\/\/agora.xtec.cat\/ceipmarcelidomingo-roquetes\/wp-json\/wp\/v2\/posts\/2691","targetHints":{"allow":["GET"]}}],"collection":[{"href":"https:\/\/agora.xtec.cat\/ceipmarcelidomingo-roquetes\/wp-json\/wp\/v2\/posts"}],"about":[{"href":"https:\/\/agora.xtec.cat\/ceipmarcelidomingo-roquetes\/wp-json\/wp\/v2\/types\/post"}],"author":[{"embeddable":true,"href":"https:\/\/agora.xtec.cat\/ceipmarcelidomingo-roquetes\/wp-json\/wp\/v2\/users\/11"}],"replies":[{"embeddable":true,"href":"https:\/\/agora.xtec.cat\/ceipmarcelidomingo-roquetes\/wp-json\/wp\/v2\/comments?post=2691"}],"version-history":[{"count":3,"href":"https:\/\/agora.xtec.cat\/ceipmarcelidomingo-roquetes\/wp-json\/wp\/v2\/posts\/2691\/revisions"}],"predecessor-version":[{"id":2777,"href":"https:\/\/agora.xtec.cat\/ceipmarcelidomingo-roquetes\/wp-json\/wp\/v2\/posts\/2691\/revisions\/2777"}],"wp:featuredmedia":[{"embeddable":true,"href":"https:\/\/agora.xtec.cat\/ceipmarcelidomingo-roquetes\/wp-json\/wp\/v2\/media\/2695"}],"wp:attachment":[{"href":"https:\/\/agora.xtec.cat\/ceipmarcelidomingo-roquetes\/wp-json\/wp\/v2\/media?parent=2691"}],"wp:term":[{"taxonomy":"category","embeddable":true,"href":"https:\/\/agora.xtec.cat\/ceipmarcelidomingo-roquetes\/wp-json\/wp\/v2\/categories?post=2691"},{"taxonomy":"post_tag","embeddable":true,"href":"https:\/\/agora.xtec.cat\/ceipmarcelidomingo-roquetes\/wp-json\/wp\/v2\/tags?post=2691"}],"curies":[{"name":"wp","href":"https:\/\/api.w.org\/{rel}","templated":true}]}}