{"id":2612,"date":"2019-11-07T12:26:08","date_gmt":"2019-11-07T11:26:08","guid":{"rendered":"http:\/\/agora.xtec.cat\/ceipmarcelidomingo-roquetes\/?p=2612"},"modified":"2019-11-07T12:27:27","modified_gmt":"2019-11-07T11:27:27","slug":"les-jardineres-hort-de-p5","status":"publish","type":"post","link":"https:\/\/agora.xtec.cat\/ceipmarcelidomingo-roquetes\/portada\/general\/les-jardineres-hort-de-p5\/","title":{"rendered":"LES JARDINERES-HORT DE P5"},"content":{"rendered":"<p>A comen\u00e7ament de curs li v\u00e0rem demanar ajut al iaio de la Laura Sales, el Salvador, per a qu\u00e8 ens ajud\u00e9s a plantar a la nostra jardinera-hort que tenim al patiet de la classe.<\/p>\n<p>Va dir-nos que li agradaria molt venir i plantar amb nosaltres, aix\u00ed que un dilluns ens va portar patates i cebes que entre tots v\u00e0rem plantar i regar.<\/p>\n<p style=\"text-align: center\"><a style=\"font-family: inherit;font-size: 1em\" href=\"https:\/\/agora.xtec.cat\/ceipmarcelidomingo-roquetes\/wp-content\/uploads\/usu961\/2019\/11\/IMG_6525-bis.jpg\"><img loading=\"lazy\" decoding=\"async\" class=\"alignnone wp-image-2623 size-medium\" src=\"https:\/\/agora.xtec.cat\/ceipmarcelidomingo-roquetes\/wp-content\/uploads\/usu961\/2019\/11\/IMG_6525-bis-300x225.jpg\" alt=\"\" width=\"300\" height=\"225\" \/>\u00a0\u00a0\u00a0\u00a0\u00a0\u00a0\u00a0 <\/a><a href=\"https:\/\/agora.xtec.cat\/ceipmarcelidomingo-roquetes\/wp-content\/uploads\/usu961\/2019\/11\/IMG_6539-bis.jpg\"><img loading=\"lazy\" decoding=\"async\" class=\"alignnone wp-image-2624 size-medium\" src=\"https:\/\/agora.xtec.cat\/ceipmarcelidomingo-roquetes\/wp-content\/uploads\/usu961\/2019\/11\/IMG_6539-bis-300x225.jpg\" alt=\"\" width=\"300\" height=\"225\" \/><\/a><\/p>\n<p>La setmana seg\u00fcent va venir tamb\u00e9 per veure com anava tot i li explic\u00e0rem que el curs passat no coll\u00edrem res perqu\u00e8\u00a0 els ocells es van menjar totes les fulles.<\/p>\n<p>Ell, com podeu veure, ens instal\u00b7l\u00e0 un espantaocells amb materials reciclats que segur ens anir\u00e0 molt b\u00e9.<\/p>\n<p style=\"text-align: center\"><a href=\"https:\/\/agora.xtec.cat\/ceipmarcelidomingo-roquetes\/wp-content\/uploads\/usu961\/2019\/11\/IMG_6721-bis.jpg\"><img loading=\"lazy\" decoding=\"async\" class=\"alignnone wp-image-2625 size-medium\" src=\"https:\/\/agora.xtec.cat\/ceipmarcelidomingo-roquetes\/wp-content\/uploads\/usu961\/2019\/11\/IMG_6721-bis-300x225.jpg\" alt=\"\" width=\"300\" height=\"225\" \/>\u00a0\u00a0<\/a> \u00a0\u00a0 \u00a0<a href=\"https:\/\/agora.xtec.cat\/ceipmarcelidomingo-roquetes\/wp-content\/uploads\/usu961\/2019\/11\/IMG_6728-bis.jpg\"><img loading=\"lazy\" decoding=\"async\" class=\"alignnone wp-image-2626 size-medium\" src=\"https:\/\/agora.xtec.cat\/ceipmarcelidomingo-roquetes\/wp-content\/uploads\/usu961\/2019\/11\/IMG_6728-bis-300x225.jpg\" alt=\"\" width=\"300\" height=\"225\" \/><\/a><\/p>\n<p style=\"text-align: center\"><span style=\"font-family: inherit;font-size: 1em\">Qu\u00e8 xula la tenim ara!!!!<\/span><\/p>\n<p><a href=\"https:\/\/agora.xtec.cat\/ceipmarcelidomingo-roquetes\/wp-content\/uploads\/usu961\/2019\/11\/IMG_7120.jpg\"> \u00a0<\/a><a href=\"https:\/\/agora.xtec.cat\/ceipmarcelidomingo-roquetes\/wp-content\/uploads\/usu961\/2019\/11\/IMG_7120.jpg\"><img loading=\"lazy\" decoding=\"async\" class=\"aligncenter wp-image-2636\" src=\"https:\/\/agora.xtec.cat\/ceipmarcelidomingo-roquetes\/wp-content\/uploads\/usu961\/2019\/11\/IMG_7120-300x225.jpg\" alt=\"\" width=\"533\" height=\"400\" \/><\/a><\/p>\n<p><a href=\"https:\/\/agora.xtec.cat\/ceipmarcelidomingo-roquetes\/wp-content\/uploads\/usu961\/2019\/11\/IMG_7122.jpg\"><img loading=\"lazy\" decoding=\"async\" class=\"aligncenter wp-image-2637\" src=\"https:\/\/agora.xtec.cat\/ceipmarcelidomingo-roquetes\/wp-content\/uploads\/usu961\/2019\/11\/IMG_7122-300x225.jpg\" alt=\"\" width=\"533\" height=\"400\" \/><\/a><\/p>\n<p style=\"text-align: center\"><span style=\"font-family: inherit;font-size: 1em\">Podeu veure m\u00e9s fotos si cliqueu a sobre de la seg\u00fcent imatge.<\/span><\/p>\n<p><a href=\"https:\/\/photos.app.goo.gl\/jteTUsaRenwkdoGX9\"><img loading=\"lazy\" decoding=\"async\" class=\"aligncenter wp-image-2622\" src=\"https:\/\/agora.xtec.cat\/ceipmarcelidomingo-roquetes\/wp-content\/uploads\/usu961\/2019\/11\/portada-1024x768.jpg\" alt=\"\" width=\"533\" height=\"400\" \/><\/a><\/p>\n<p style=\"text-align: center\">\n","protected":false},"excerpt":{"rendered":"<p>A comen\u00e7ament de curs li v\u00e0rem demanar ajut al iaio de la Laura Sales, el Salvador, per a qu\u00e8 ens ajud\u00e9s a plantar a la nostra jardinera-hort que tenim al patiet de la classe.<\/p>\n","protected":false},"author":11,"featured_media":0,"comment_status":"open","ping_status":"closed","sticky":false,"template":"","format":"standard","meta":{"_bbp_topic_count":0,"_bbp_reply_count":0,"_bbp_total_topic_count":0,"_bbp_total_reply_count":0,"_bbp_voice_count":0,"_bbp_anonymous_reply_count":0,"_bbp_topic_count_hidden":0,"_bbp_reply_count_hidden":0,"_bbp_forum_subforum_count":0,"site-sidebar-layout":"default","site-content-layout":"","ast-site-content-layout":"","site-content-style":"default","site-sidebar-style":"default","ast-global-header-display":"","ast-banner-title-visibility":"","ast-main-header-display":"","ast-hfb-above-header-display":"","ast-hfb-below-header-display":"","ast-hfb-mobile-header-display":"","site-post-title":"","ast-breadcrumbs-content":"","ast-featured-img":"","footer-sml-layout":"","theme-transparent-header-meta":"","adv-header-id-meta":"","stick-header-meta":"","header-above-stick-meta":"","header-main-stick-meta":"","header-below-stick-meta":"","astra-migrate-meta-layouts":"default","ast-page-background-enabled":"default","ast-page-background-meta":{"desktop":{"background-color":"var(--ast-global-color-4)","background-image":"","background-repeat":"repeat","background-position":"center center","background-size":"auto","background-attachment":"scroll","background-type":"","background-media":"","overlay-type":"","overlay-color":"","overlay-opacity":"","overlay-gradient":""},"tablet":{"background-color":"","background-image":"","background-repeat":"repeat","background-position":"center center","background-size":"auto","background-attachment":"scroll","background-type":"","background-media":"","overlay-type":"","overlay-color":"","overlay-opacity":"","overlay-gradient":""},"mobile":{"background-color":"","background-image":"","background-repeat":"repeat","background-position":"center center","background-size":"auto","background-attachment":"scroll","background-type":"","background-media":"","overlay-type":"","overlay-color":"","overlay-opacity":"","overlay-gradient":""}},"ast-content-background-meta":{"desktop":{"background-color":"var(--ast-global-color-5)","background-image":"","background-repeat":"repeat","background-position":"center center","background-size":"auto","background-attachment":"scroll","background-type":"","background-media":"","overlay-type":"","overlay-color":"","overlay-opacity":"","overlay-gradient":""},"tablet":{"background-color":"var(--ast-global-color-5)","background-image":"","background-repeat":"repeat","background-position":"center center","background-size":"auto","background-attachment":"scroll","background-type":"","background-media":"","overlay-type":"","overlay-color":"","overlay-opacity":"","overlay-gradient":""},"mobile":{"background-color":"var(--ast-global-color-5)","background-image":"","background-repeat":"repeat","background-position":"center center","background-size":"auto","background-attachment":"scroll","background-type":"","background-media":"","overlay-type":"","overlay-color":"","overlay-opacity":"","overlay-gradient":""}},"footnotes":""},"categories":[73,1,9,2],"tags":[],"class_list":["post-2612","post","type-post","status-publish","format-standard","hentry","category-escola-verda","category-general","category-i5","category-infantil"],"post_mailing_queue_ids":[],"_links":{"self":[{"href":"https:\/\/agora.xtec.cat\/ceipmarcelidomingo-roquetes\/wp-json\/wp\/v2\/posts\/2612","targetHints":{"allow":["GET"]}}],"collection":[{"href":"https:\/\/agora.xtec.cat\/ceipmarcelidomingo-roquetes\/wp-json\/wp\/v2\/posts"}],"about":[{"href":"https:\/\/agora.xtec.cat\/ceipmarcelidomingo-roquetes\/wp-json\/wp\/v2\/types\/post"}],"author":[{"embeddable":true,"href":"https:\/\/agora.xtec.cat\/ceipmarcelidomingo-roquetes\/wp-json\/wp\/v2\/users\/11"}],"replies":[{"embeddable":true,"href":"https:\/\/agora.xtec.cat\/ceipmarcelidomingo-roquetes\/wp-json\/wp\/v2\/comments?post=2612"}],"version-history":[{"count":3,"href":"https:\/\/agora.xtec.cat\/ceipmarcelidomingo-roquetes\/wp-json\/wp\/v2\/posts\/2612\/revisions"}],"predecessor-version":[{"id":2639,"href":"https:\/\/agora.xtec.cat\/ceipmarcelidomingo-roquetes\/wp-json\/wp\/v2\/posts\/2612\/revisions\/2639"}],"wp:attachment":[{"href":"https:\/\/agora.xtec.cat\/ceipmarcelidomingo-roquetes\/wp-json\/wp\/v2\/media?parent=2612"}],"wp:term":[{"taxonomy":"category","embeddable":true,"href":"https:\/\/agora.xtec.cat\/ceipmarcelidomingo-roquetes\/wp-json\/wp\/v2\/categories?post=2612"},{"taxonomy":"post_tag","embeddable":true,"href":"https:\/\/agora.xtec.cat\/ceipmarcelidomingo-roquetes\/wp-json\/wp\/v2\/tags?post=2612"}],"curies":[{"name":"wp","href":"https:\/\/api.w.org\/{rel}","templated":true}]}}