{"id":2249,"date":"2019-09-20T11:01:56","date_gmt":"2019-09-20T09:01:56","guid":{"rendered":"http:\/\/agora.xtec.cat\/ceipmarcelidomingo-roquetes\/?p=2249"},"modified":"2019-10-25T19:57:41","modified_gmt":"2019-10-25T17:57:41","slug":"setmana-de-la-mobilitat-sostenible-2","status":"publish","type":"post","link":"https:\/\/agora.xtec.cat\/ceipmarcelidomingo-roquetes\/portada\/general\/setmana-de-la-mobilitat-sostenible-2\/","title":{"rendered":"SETMANA DE LA MOBILITAT SOSTENIBLE"},"content":{"rendered":"<h4>DILLUNS<\/h4>\n<p>Dilluns 16 de setembre la Policia Local ens ha fet unes xerrades a tots els nivells\u00a0 a partir de 2n, per tal de promoure la mobilitat sostenible entre les xiquetes i xiquets. Aix\u00ed ells podran fer-ho extensiu a les seves fam\u00edlies.<\/p>\n<p>Ens han ensenyat com hem d\u2019anar a peu pels carrers i com ens hem de despla\u00e7ar amb patinets i bicicletes\u00a0 de forma segura.<\/p>\n<p><a href=\"https:\/\/photos.app.goo.gl\/EcfWewf1Hvh5SQbq7\"><img loading=\"lazy\" decoding=\"async\" class=\"aligncenter wp-image-2250\" src=\"https:\/\/agora.xtec.cat\/ceipmarcelidomingo-roquetes\/wp-content\/uploads\/usu961\/2019\/09\/quart-1-300x225.jpeg\" alt=\"\" width=\"336\" height=\"252\" \/><\/a><\/p>\n<p style=\"text-align: center;\">Per veure m\u00e9s fotos cliqueu damunt la imatge<\/p>\n<h4>DIMARTS<\/h4>\n<p>CONSELLS PER QUAN VAS A PEU:<\/p>\n<ul>\n<li>Si ets petit, anar sempre agafat de la m\u00e0 dels teus pares o avis.<\/li>\n<li>Si has de creuar el carrer, fer-ho sempre per un pas de vianants.<\/li>\n<li>Abans de creuar el pas de vianants, assegurar-te que els vehicles que circulen per la via t\u2019han vist i s\u2019han aturat.<\/li>\n<\/ul>\n<p><a href=\"https:\/\/photos.app.goo.gl\/nHYunSGbX61vvvQD6\"><img loading=\"lazy\" decoding=\"async\" class=\"aligncenter wp-image-2256 size-medium\" src=\"https:\/\/agora.xtec.cat\/ceipmarcelidomingo-roquetes\/wp-content\/uploads\/usu961\/2019\/09\/IMG_6581-300x225.jpg\" alt=\"\" width=\"300\" height=\"225\" \/><\/a><\/p>\n<p><a href=\"https:\/\/photos.app.goo.gl\/bdEcW74MLCgupxDZ7\"><img loading=\"lazy\" decoding=\"async\" class=\"aligncenter wp-image-2273 size-medium\" src=\"https:\/\/agora.xtec.cat\/ceipmarcelidomingo-roquetes\/wp-content\/uploads\/usu961\/2019\/09\/2-300x188.jpg\" alt=\"\" width=\"300\" height=\"188\" \/><\/a><\/p>\n<p><a href=\"https:\/\/photos.app.goo.gl\/MdgKtdQBNCoDr4wG7\"><img loading=\"lazy\" decoding=\"async\" class=\"aligncenter wp-image-2275 size-medium\" src=\"https:\/\/agora.xtec.cat\/ceipmarcelidomingo-roquetes\/wp-content\/uploads\/usu961\/2019\/09\/IMG_20190917_113657-300x225.jpg\" alt=\"\" width=\"300\" height=\"225\" \/><\/a><\/p>\n<p style=\"text-align: center;\">Per veure m\u00e9s fotos cliqueu damunt les imatges<\/p>\n<h4>DIMECRES<\/h4>\n<p>CONSELLS PER QUAN VAS EN PATINET:<\/p>\n<ul>\n<li>Amb el patinet o monopat\u00ed, \u00e9s obligatori circular per la vorera o per zones habilitades (carrils bici, vies verdes\u2026)<\/li>\n<li>Amb els VMP (vehicles de mobilitat personal) i de propulsi\u00f3 el\u00e8ctrica, han de circular per la cal\u00e7ada i carrils bici. Est\u00e0 prohibit circular per la vorera i a m\u00e9s de 25 Km\/h.<\/li>\n<li>S\u2019aconsella l\u2019\u00fas del casc.<\/li>\n<\/ul>\n<p><a href=\"https:\/\/photos.app.goo.gl\/8FC2N2fcMpZrNppg6\"><img loading=\"lazy\" decoding=\"async\" class=\"wp-image-2257 size-medium aligncenter\" src=\"https:\/\/agora.xtec.cat\/ceipmarcelidomingo-roquetes\/wp-content\/uploads\/usu961\/2019\/09\/IMG_20190918_085801-300x225.jpg\" alt=\"\" width=\"300\" height=\"225\" \/><\/a><\/p>\n<h4><a href=\"https:\/\/photos.app.goo.gl\/p7C1dZ744SFX4m7J6\"><img loading=\"lazy\" decoding=\"async\" class=\"wp-image-2289 size-medium aligncenter\" src=\"https:\/\/agora.xtec.cat\/ceipmarcelidomingo-roquetes\/wp-content\/uploads\/usu961\/2019\/09\/Imagen-009-257x300.jpg\" alt=\"\" width=\"257\" height=\"300\" \/><\/a><\/h4>\n<p style=\"text-align: center;\">Per veure m\u00e9s fotos cliqueu damunt les imatges<\/p>\n<h4>DIJOUS<\/h4>\n<p>CONSELLS PER QUAN VAS EN BICICLETA:<\/p>\n<ul>\n<li>\u00c9s obligatori l\u2019\u00fas del casc per a menors de 16 anys per vies urbanes i interurbanes.<\/li>\n<li>S\u2019ha de circular per la cal\u00e7ada i respectar les normes de circulaci\u00f3.<\/li>\n<li>Si es circula per la vorera, la velocitat m\u00e0xima permesa \u00e9s la velocitat del vianant.<\/li>\n<\/ul>\n<p><a href=\"https:\/\/photos.app.goo.gl\/mxb8FvmrFgiNJj637\"><img loading=\"lazy\" decoding=\"async\" class=\"aligncenter wp-image-2293 size-medium\" src=\"https:\/\/agora.xtec.cat\/ceipmarcelidomingo-roquetes\/wp-content\/uploads\/usu961\/2019\/09\/2-1-300x225.jpg\" alt=\"\" width=\"300\" height=\"225\" \/><\/a><\/p>\n<p><a href=\"https:\/\/photos.app.goo.gl\/1AjUFqVBxniktYe26\"><img loading=\"lazy\" decoding=\"async\" class=\"aligncenter wp-image-2294 size-medium\" src=\"https:\/\/agora.xtec.cat\/ceipmarcelidomingo-roquetes\/wp-content\/uploads\/usu961\/2019\/09\/1-300x225.jpg\" alt=\"\" width=\"300\" height=\"225\" \/><\/a><\/p>\n<p><a href=\"https:\/\/photos.app.goo.gl\/iA1nvrJSSvyiutSd8\"><img loading=\"lazy\" decoding=\"async\" class=\"aligncenter wp-image-2258 size-medium\" src=\"https:\/\/agora.xtec.cat\/ceipmarcelidomingo-roquetes\/wp-content\/uploads\/usu961\/2019\/09\/20190919_115632-300x225.jpg\" alt=\"\" width=\"300\" height=\"225\" \/><\/a><\/p>\n<p style=\"text-align: center;\">Per veure m\u00e9s fotos cliqueu damunt les imatges<\/p>\n","protected":false},"excerpt":{"rendered":"<p>La setmana del 16 al 22 de setembre a l&#8217;escola hem realitzat diferents activitats per tal de promoure una mobilitat m\u00e9s sostenible i respectuosa amb el medi ambient.<\/p>\n","protected":false},"author":1,"featured_media":0,"comment_status":"open","ping_status":"closed","sticky":false,"template":"","format":"standard","meta":{"_bbp_topic_count":0,"_bbp_reply_count":0,"_bbp_total_topic_count":0,"_bbp_total_reply_count":0,"_bbp_voice_count":0,"_bbp_anonymous_reply_count":0,"_bbp_topic_count_hidden":0,"_bbp_reply_count_hidden":0,"_bbp_forum_subforum_count":0,"site-sidebar-layout":"default","site-content-layout":"","ast-site-content-layout":"","site-content-style":"default","site-sidebar-style":"default","ast-global-header-display":"","ast-banner-title-visibility":"","ast-main-header-display":"","ast-hfb-above-header-display":"","ast-hfb-below-header-display":"","ast-hfb-mobile-header-display":"","site-post-title":"","ast-breadcrumbs-content":"","ast-featured-img":"","footer-sml-layout":"","theme-transparent-header-meta":"","adv-header-id-meta":"","stick-header-meta":"","header-above-stick-meta":"","header-main-stick-meta":"","header-below-stick-meta":"","astra-migrate-meta-layouts":"default","ast-page-background-enabled":"default","ast-page-background-meta":{"desktop":{"background-color":"var(--ast-global-color-4)","background-image":"","background-repeat":"repeat","background-position":"center center","background-size":"auto","background-attachment":"scroll","background-type":"","background-media":"","overlay-type":"","overlay-color":"","overlay-opacity":"","overlay-gradient":""},"tablet":{"background-color":"","background-image":"","background-repeat":"repeat","background-position":"center center","background-size":"auto","background-attachment":"scroll","background-type":"","background-media":"","overlay-type":"","overlay-color":"","overlay-opacity":"","overlay-gradient":""},"mobile":{"background-color":"","background-image":"","background-repeat":"repeat","background-position":"center center","background-size":"auto","background-attachment":"scroll","background-type":"","background-media":"","overlay-type":"","overlay-color":"","overlay-opacity":"","overlay-gradient":""}},"ast-content-background-meta":{"desktop":{"background-color":"var(--ast-global-color-5)","background-image":"","background-repeat":"repeat","background-position":"center center","background-size":"auto","background-attachment":"scroll","background-type":"","background-media":"","overlay-type":"","overlay-color":"","overlay-opacity":"","overlay-gradient":""},"tablet":{"background-color":"var(--ast-global-color-5)","background-image":"","background-repeat":"repeat","background-position":"center center","background-size":"auto","background-attachment":"scroll","background-type":"","background-media":"","overlay-type":"","overlay-color":"","overlay-opacity":"","overlay-gradient":""},"mobile":{"background-color":"var(--ast-global-color-5)","background-image":"","background-repeat":"repeat","background-position":"center center","background-size":"auto","background-attachment":"scroll","background-type":"","background-media":"","overlay-type":"","overlay-color":"","overlay-opacity":"","overlay-gradient":""}},"footnotes":""},"categories":[37,73,1,2,4,5],"tags":[],"class_list":["post-2249","post","type-post","status-publish","format-standard","hentry","category-escola-2","category-escola-verda","category-general","category-infantil","category-portada","category-primaria"],"post_mailing_queue_ids":[],"_links":{"self":[{"href":"https:\/\/agora.xtec.cat\/ceipmarcelidomingo-roquetes\/wp-json\/wp\/v2\/posts\/2249","targetHints":{"allow":["GET"]}}],"collection":[{"href":"https:\/\/agora.xtec.cat\/ceipmarcelidomingo-roquetes\/wp-json\/wp\/v2\/posts"}],"about":[{"href":"https:\/\/agora.xtec.cat\/ceipmarcelidomingo-roquetes\/wp-json\/wp\/v2\/types\/post"}],"author":[{"embeddable":true,"href":"https:\/\/agora.xtec.cat\/ceipmarcelidomingo-roquetes\/wp-json\/wp\/v2\/users\/1"}],"replies":[{"embeddable":true,"href":"https:\/\/agora.xtec.cat\/ceipmarcelidomingo-roquetes\/wp-json\/wp\/v2\/comments?post=2249"}],"version-history":[{"count":3,"href":"https:\/\/agora.xtec.cat\/ceipmarcelidomingo-roquetes\/wp-json\/wp\/v2\/posts\/2249\/revisions"}],"predecessor-version":[{"id":2260,"href":"https:\/\/agora.xtec.cat\/ceipmarcelidomingo-roquetes\/wp-json\/wp\/v2\/posts\/2249\/revisions\/2260"}],"wp:attachment":[{"href":"https:\/\/agora.xtec.cat\/ceipmarcelidomingo-roquetes\/wp-json\/wp\/v2\/media?parent=2249"}],"wp:term":[{"taxonomy":"category","embeddable":true,"href":"https:\/\/agora.xtec.cat\/ceipmarcelidomingo-roquetes\/wp-json\/wp\/v2\/categories?post=2249"},{"taxonomy":"post_tag","embeddable":true,"href":"https:\/\/agora.xtec.cat\/ceipmarcelidomingo-roquetes\/wp-json\/wp\/v2\/tags?post=2249"}],"curies":[{"name":"wp","href":"https:\/\/api.w.org\/{rel}","templated":true}]}}