{"id":85,"count":10,"description":"<img class=\"aligncenter size-medium wp-image-4238\" src=\"https:\/\/agora.xtec.cat\/ceipmarcelidomingo-roquetes\/wp-content\/uploads\/usu961\/2020\/10\/pla-catala-300x206.png\" alt=\"\" width=\"300\" height=\"206\" \/>\r\n\r\n&nbsp;\r\n<p style=\"text-align: justify;\">El Pla pret\u00e9n posar a l'abast de tot l'alumnat la pr\u00e0ctica d'activitats f\u00edsiques i esportives, i aprofitar el gran potencial d'aquestes activitats per contribuir a la formaci\u00f3 personal i c\u00edvica dels nostres xiquets\/es. La nostra escola hi participa des del curs 2007-2008<\/p>","link":"https:\/\/agora.xtec.cat\/ceipmarcelidomingo-roquetes\/categoria\/pla-catala-de-lesport-escolar\/","name":"Pla catal\u00e0 de l'esport escolar","slug":"pla-catala-de-lesport-escolar","taxonomy":"category","parent":0,"meta":[],"_links":{"self":[{"href":"https:\/\/agora.xtec.cat\/ceipmarcelidomingo-roquetes\/wp-json\/wp\/v2\/categories\/85","targetHints":{"allow":["GET"]}}],"collection":[{"href":"https:\/\/agora.xtec.cat\/ceipmarcelidomingo-roquetes\/wp-json\/wp\/v2\/categories"}],"about":[{"href":"https:\/\/agora.xtec.cat\/ceipmarcelidomingo-roquetes\/wp-json\/wp\/v2\/taxonomies\/category"}],"wp:post_type":[{"href":"https:\/\/agora.xtec.cat\/ceipmarcelidomingo-roquetes\/wp-json\/wp\/v2\/posts?categories=85"}],"curies":[{"name":"wp","href":"https:\/\/api.w.org\/{rel}","templated":true}]}}