{"id":82,"count":81,"description":"<h3 style=\"text-align: center;\">PROJECTE \"FESTES I TRADICIONS\"<\/h3>\r\nEl Projecte de festes i tradicions inclou totes les activitats que es realitzen a les aules entorn les festes i la celebraci\u00f3 que es fa de les mateixes. Les festes i tradicions que celebrem a l'escola s\u00f3n les seg\u00fcents :\r\n<ul>\r\n \t<li>CASTANYADA<\/li>\r\n \t<li>LA MARAT\u00d3<\/li>\r\n \t<li>NADAL<\/li>\r\n \t<li>CARNESTOLTES<\/li>\r\n \t<li>SANT JORDI<\/li>\r\n \t<li>FI DE CURS<\/li>\r\n<\/ul>","link":"https:\/\/agora.xtec.cat\/ceipmarcelidomingo-roquetes\/categoria\/projecte-festes-i-tradicions\/","name":"Projecte Festes i Tradicions","slug":"projecte-festes-i-tradicions","taxonomy":"category","parent":0,"meta":[],"_links":{"self":[{"href":"https:\/\/agora.xtec.cat\/ceipmarcelidomingo-roquetes\/wp-json\/wp\/v2\/categories\/82","targetHints":{"allow":["GET"]}}],"collection":[{"href":"https:\/\/agora.xtec.cat\/ceipmarcelidomingo-roquetes\/wp-json\/wp\/v2\/categories"}],"about":[{"href":"https:\/\/agora.xtec.cat\/ceipmarcelidomingo-roquetes\/wp-json\/wp\/v2\/taxonomies\/category"}],"wp:post_type":[{"href":"https:\/\/agora.xtec.cat\/ceipmarcelidomingo-roquetes\/wp-json\/wp\/v2\/posts?categories=82"}],"curies":[{"name":"wp","href":"https:\/\/api.w.org\/{rel}","templated":true}]}}