{"id":81,"count":8,"description":"<a href=\"https:\/\/agora.xtec.cat\/ceipmarcelidomingo-roquetes\/wp-content\/uploads\/usu961\/2026\/03\/Assamblea-de-Delegats.png\"><img class=\"aligncenter wp-image-10065 size-medium\" src=\"https:\/\/agora.xtec.cat\/ceipmarcelidomingo-roquetes\/wp-content\/uploads\/usu961\/2026\/03\/Assamblea-de-Delegats-212x300.png\" alt=\"\" width=\"212\" height=\"300\" \/><\/a>\r\n<p dir=\"ltr\" style=\"text-align: justify;\">L\u2019Assemblea de Delegades i Delegats est\u00e0 formada per un\/a delegat\/a de cada classe de prim\u00e0ria elegit\/da pels seus companys\/es democr\u00e0ticament.<\/p>\r\n<p dir=\"ltr\" style=\"text-align: justify;\">L'objectiu de l'Assemblea \u00e9s donar veu als infants, recollir opinions, suggeriments, propostes de millora, idees,\u2026 que sorgiran del debat i de l'an\u00e0lisi de la vida del centre que es far\u00e0 a nivell de cada grup-classe.<\/p>\r\n<p dir=\"ltr\" style=\"text-align: justify;\">Mitjan\u00e7ant l\u2019Assemblea de Delegats\/des, l\u2019escola pret\u00e9n desenvolupar actituds de responsabilitat i participaci\u00f3 democr\u00e0tica per part de l\u2019alumnat en la vida de l\u2019aula i en l\u2019organitzaci\u00f3 del centre.<\/p>","link":"https:\/\/agora.xtec.cat\/ceipmarcelidomingo-roquetes\/categoria\/assemblea-de-delegats-i-delegades\/","name":"Assemblea de delegats i delegades","slug":"assemblea-de-delegats-i-delegades","taxonomy":"category","parent":0,"meta":[],"_links":{"self":[{"href":"https:\/\/agora.xtec.cat\/ceipmarcelidomingo-roquetes\/wp-json\/wp\/v2\/categories\/81","targetHints":{"allow":["GET"]}}],"collection":[{"href":"https:\/\/agora.xtec.cat\/ceipmarcelidomingo-roquetes\/wp-json\/wp\/v2\/categories"}],"about":[{"href":"https:\/\/agora.xtec.cat\/ceipmarcelidomingo-roquetes\/wp-json\/wp\/v2\/taxonomies\/category"}],"wp:post_type":[{"href":"https:\/\/agora.xtec.cat\/ceipmarcelidomingo-roquetes\/wp-json\/wp\/v2\/posts?categories=81"}],"curies":[{"name":"wp","href":"https:\/\/api.w.org\/{rel}","templated":true}]}}