{"id":80,"count":59,"description":"<a href=\"https:\/\/agora.xtec.cat\/ceipmarcelidomingo-roquetes\/wp-content\/uploads\/usu961\/2026\/03\/Somia-Lletres.png\"><img class=\"aligncenter wp-image-10064 size-medium\" src=\"https:\/\/agora.xtec.cat\/ceipmarcelidomingo-roquetes\/wp-content\/uploads\/usu961\/2026\/03\/Somia-Lletres-300x251.png\" alt=\"\" width=\"300\" height=\"251\" \/><\/a>\r\n\r\nA la nostra escola, llegir \u00e9s molt m\u00e9s que desxifrar paraules; \u00e9s la clau que obre la porta a tots els sabers. Per aix\u00f2, la lectura \u00e9s una prioritat absoluta i hem creat un entorn ple d'oportunitats: des de la biblioteca escolar i les de cada aula, fins a racons de lectura acollidors per tot el centre.\r\n\r\nA m\u00e9s, donem vida als llibres amb activitats que enamoren:\r\n<ul>\r\n \t<li><b>Apadrinament lector<\/b>\u00a0i\u00a0<b>Conta-contes<\/b>\u00a0entre alumnes.<\/li>\r\n \t<li>Projectes compartits com el\u00a0<b>Farcell de contes<\/b>.<\/li>\r\n \t<li>Vincles amb la\u00a0<b>Biblioteca Merc\u00e8 Lleix\u00e0<\/b>\u00a0i sessions especials de\u00a0<b>Contes en fam\u00edlia<\/b>\u00a0per Sant Jordi.<\/li>\r\n<\/ul>","link":"https:\/\/agora.xtec.cat\/ceipmarcelidomingo-roquetes\/categoria\/projecte-magrada-llegir\/","name":"Projecte Somia Lletres","slug":"projecte-magrada-llegir","taxonomy":"category","parent":0,"meta":[],"_links":{"self":[{"href":"https:\/\/agora.xtec.cat\/ceipmarcelidomingo-roquetes\/wp-json\/wp\/v2\/categories\/80","targetHints":{"allow":["GET"]}}],"collection":[{"href":"https:\/\/agora.xtec.cat\/ceipmarcelidomingo-roquetes\/wp-json\/wp\/v2\/categories"}],"about":[{"href":"https:\/\/agora.xtec.cat\/ceipmarcelidomingo-roquetes\/wp-json\/wp\/v2\/taxonomies\/category"}],"wp:post_type":[{"href":"https:\/\/agora.xtec.cat\/ceipmarcelidomingo-roquetes\/wp-json\/wp\/v2\/posts?categories=80"}],"curies":[{"name":"wp","href":"https:\/\/api.w.org\/{rel}","templated":true}]}}