{"id":79,"count":4,"description":"<a href=\"https:\/\/agora.xtec.cat\/ceipmarcelidomingo-roquetes\/wp-content\/uploads\/usu961\/2026\/02\/Nou-logo-cb-1024x363-1.jpg\"><img class=\"wp-image-10030 size-medium aligncenter\" src=\"https:\/\/agora.xtec.cat\/ceipmarcelidomingo-roquetes\/wp-content\/uploads\/usu961\/2026\/02\/Nou-logo-cb-1024x363-1-300x106.jpg\" alt=\"\" width=\"300\" height=\"106\" \/><\/a>\r\n<p style=\"text-align: justify;\">La Xarxa de Compet\u00e8ncies est\u00e0 formada per un grup de docents que reflexionen i actuen en equip per transformar l'escola en un espai que afavoreixi l'aprenentatge.\r\nEl curs 17-18 la nostra escola va passar a formar part de la Xarxa CB. A trav\u00e9s d'aquesta comissi\u00f3 s'ha implementat el treball per projectes a l'escola i estem treballant en l'elaboraci\u00f3 d'informes qualitatius d'avaluaci\u00f3.<\/p>","link":"https:\/\/agora.xtec.cat\/ceipmarcelidomingo-roquetes\/categoria\/xarxa-cb\/","name":"Xarxa de Compet\u00e8ncies","slug":"xarxa-cb","taxonomy":"category","parent":0,"meta":[],"_links":{"self":[{"href":"https:\/\/agora.xtec.cat\/ceipmarcelidomingo-roquetes\/wp-json\/wp\/v2\/categories\/79","targetHints":{"allow":["GET"]}}],"collection":[{"href":"https:\/\/agora.xtec.cat\/ceipmarcelidomingo-roquetes\/wp-json\/wp\/v2\/categories"}],"about":[{"href":"https:\/\/agora.xtec.cat\/ceipmarcelidomingo-roquetes\/wp-json\/wp\/v2\/taxonomies\/category"}],"wp:post_type":[{"href":"https:\/\/agora.xtec.cat\/ceipmarcelidomingo-roquetes\/wp-json\/wp\/v2\/posts?categories=79"}],"curies":[{"name":"wp","href":"https:\/\/api.w.org\/{rel}","templated":true}]}}