{"id":153,"count":4,"description":"<p align=\"justify\"><span style=\"font-size: small;\"><span style=\"color: #000000;\"><span style=\"font-family: Arial, serif;\"><span style=\"font-size: medium;\">Durant els \u00faltims cursos, a l\u2019escola s\u2019ha anat implementant el treball de l\u2019\u00e0rea de matem\u00e0tiques per mitj\u00e0 de tallers. En els tallers es treballen les matem\u00e0tiques de forma competencial, vivencial, significativa i transversal.<\/span><\/span><\/span><\/span><\/p>\r\n<p align=\"justify\"><span style=\"font-size: small;\"><span style=\"color: #000000;\"><span style=\"font-family: Arial, serif;\"><span style=\"font-size: medium;\">Per tal de realitzar els tallers es barregen tots els alumnes del mateix nivell i es formen noves agrupacions d\u2019alumnes.<\/span><\/span><\/span><\/span><\/p>","link":"https:\/\/agora.xtec.cat\/ceipmarcelidomingo-roquetes\/categoria\/matematics\/","name":"Matem\u00e0tics","slug":"matematics","taxonomy":"category","parent":0,"meta":[],"_links":{"self":[{"href":"https:\/\/agora.xtec.cat\/ceipmarcelidomingo-roquetes\/wp-json\/wp\/v2\/categories\/153","targetHints":{"allow":["GET"]}}],"collection":[{"href":"https:\/\/agora.xtec.cat\/ceipmarcelidomingo-roquetes\/wp-json\/wp\/v2\/categories"}],"about":[{"href":"https:\/\/agora.xtec.cat\/ceipmarcelidomingo-roquetes\/wp-json\/wp\/v2\/taxonomies\/category"}],"wp:post_type":[{"href":"https:\/\/agora.xtec.cat\/ceipmarcelidomingo-roquetes\/wp-json\/wp\/v2\/posts?categories=153"}],"curies":[{"name":"wp","href":"https:\/\/api.w.org\/{rel}","templated":true}]}}