{"id":122,"count":11,"description":"<a href=\"https:\/\/agora.xtec.cat\/ceipmarcelidomingo-roquetes\/wp-content\/uploads\/usu961\/2025\/12\/coeducat1.png\"><img class=\" wp-image-9738 aligncenter\" src=\"https:\/\/agora.xtec.cat\/ceipmarcelidomingo-roquetes\/wp-content\/uploads\/usu961\/2025\/12\/coeducat1.png\" alt=\"\" width=\"229\" height=\"211\" \/><\/a>\r\n\r\nEl projecte Coeduquem-nos t\u00e9 per objectiu treballar aspectes b\u00e0sics de coeducaci\u00f3 de perspectiva de g\u00e8nere i de sexualitat de forma expl\u00edcita, sistem\u00e0tica, rigorosa i rspectuosa.\r\n\r\nEl centre compta amb un pla coeducatiu. A m\u00e9s, es realitzen activitats a tots els nivells educatius tenint en compte les carater\u00edstiques, necessitats i edat dels infants.\r\n\r\n&nbsp;","link":"https:\/\/agora.xtec.cat\/ceipmarcelidomingo-roquetes\/categoria\/coeduquem-nos\/","name":"Coeduquem-nos","slug":"coeduquem-nos","taxonomy":"category","parent":0,"meta":[],"_links":{"self":[{"href":"https:\/\/agora.xtec.cat\/ceipmarcelidomingo-roquetes\/wp-json\/wp\/v2\/categories\/122","targetHints":{"allow":["GET"]}}],"collection":[{"href":"https:\/\/agora.xtec.cat\/ceipmarcelidomingo-roquetes\/wp-json\/wp\/v2\/categories"}],"about":[{"href":"https:\/\/agora.xtec.cat\/ceipmarcelidomingo-roquetes\/wp-json\/wp\/v2\/taxonomies\/category"}],"wp:post_type":[{"href":"https:\/\/agora.xtec.cat\/ceipmarcelidomingo-roquetes\/wp-json\/wp\/v2\/posts?categories=122"}],"curies":[{"name":"wp","href":"https:\/\/api.w.org\/{rel}","templated":true}]}}