{"id":120,"count":8,"description":"<p align=\"justify\"><a href=\"https:\/\/agora.xtec.cat\/ceipmarcelidomingo-roquetes\/wp-content\/uploads\/usu961\/2022\/09\/Cartell-PROA_web.jpg\"><img class=\"aligncenter wp-image-6352 size-medium\" src=\"https:\/\/agora.xtec.cat\/ceipmarcelidomingo-roquetes\/wp-content\/uploads\/usu961\/2022\/09\/Cartell-PROA_web-300x212.jpg\" alt=\"\" width=\"300\" height=\"212\" \/><\/a><\/p>\r\n<p align=\"justify\"><span style=\"font-size: medium;\">El programa <\/span><a href=\"https:\/\/www.educacionyfp.gob.es\/mc\/sgctie\/cooperacion-territorial\/programas-cooperacion\/proa.html\"><span style=\"color: #1155cc;\"><span style=\"font-size: medium;\"><u>PROA+<\/u><\/span><\/span><\/a><span style=\"font-size: medium;\"> \u00e9s un programa<\/span><b> <\/b><span style=\"font-size: medium;\">Programa per a l\u2019Orientaci\u00f3, l\u2019Aven\u00e7 i l\u2019Enriquiment Educatiu destinat als centres d\u2019Educaci\u00f3 Prim\u00e0ria i Secund\u00e0ria. Est\u00e0 ent\u00e8s com un Programa de Cooperaci\u00f3 Territorial entre el Ministeri d\u2019Educaci\u00f3, Formaci\u00f3 Professional i la Uni\u00f3 Europea.<\/span><\/p>\r\n<p align=\"justify\"><span style=\"font-size: medium;\">Aquest programa es basa en proporcionar recursos als centres educatius per aconseguir la equitat, la universalitat i la inclusivitat de tot l\u2019alumnat.<\/span><\/p>\r\n<p align=\"justify\"><span style=\"font-size: medium;\">La nostra escola ha entrat a formar part d\u2019aquest programa per al per\u00edode 2021-2024.<\/span><\/p>\r\n<p align=\"justify\"><span style=\"font-size: medium;\">Les nostres actuacions aniran encaminades a promoure els seg\u00fcents objectius:<\/span><\/p>\r\n\r\n<ul>\r\n \t<li>\r\n<p align=\"justify\"><span style=\"font-size: medium;\">Promoure la igualtat d\u2019oportunitats del nostre alumnat en participar en tot tipus d'activitats dins i fora de l\u2019horari lectiu.<\/span><\/p>\r\n<\/li>\r\n \t<li>\r\n<p align=\"justify\"><span style=\"font-size: medium;\">Refor\u00e7ar i impulsar l'aprenentatge de les compet\u00e8ncies claus dels infants, especialment en l\u2019alumnat amb situacions socioecon\u00f2miques desfavorides.<\/span><\/p>\r\n<\/li>\r\n \t<li>\r\n<p align=\"justify\"><span style=\"font-size: medium;\">Fomentar la formaci\u00f3 dels mestres per promoure la innovaci\u00f3 educativa.<\/span><\/p>\r\n<\/li>\r\n \t<li>\r\n<p align=\"justify\"><span style=\"font-size: medium;\">Augmentar la implicaci\u00f3 i col\u00b7laboraci\u00f3 de les fam\u00edlies amb l\u2019escola i l\u2019entorn per crear majors oportunitats d\u2019\u00e8xit escolar.<\/span><\/p>\r\n<\/li>\r\n<\/ul>","link":"https:\/\/agora.xtec.cat\/ceipmarcelidomingo-roquetes\/categoria\/proa\/","name":"PMOE PROA+","slug":"proa","taxonomy":"category","parent":0,"meta":[],"_links":{"self":[{"href":"https:\/\/agora.xtec.cat\/ceipmarcelidomingo-roquetes\/wp-json\/wp\/v2\/categories\/120","targetHints":{"allow":["GET"]}}],"collection":[{"href":"https:\/\/agora.xtec.cat\/ceipmarcelidomingo-roquetes\/wp-json\/wp\/v2\/categories"}],"about":[{"href":"https:\/\/agora.xtec.cat\/ceipmarcelidomingo-roquetes\/wp-json\/wp\/v2\/taxonomies\/category"}],"wp:post_type":[{"href":"https:\/\/agora.xtec.cat\/ceipmarcelidomingo-roquetes\/wp-json\/wp\/v2\/posts?categories=120"}],"curies":[{"name":"wp","href":"https:\/\/api.w.org\/{rel}","templated":true}]}}